{"id":12686,"date":"2020-10-15T00:11:29","date_gmt":"2020-10-14T23:11:29","guid":{"rendered":"http:\/\/www.revue-rsr.com\/?p=12686"},"modified":"2025-06-13T08:07:16","modified_gmt":"2025-06-13T07:07:16","slug":"la-mort-de-la-mort-de-quelle-immortalite-parlons-nous","status":"publish","type":"post","link":"https:\/\/dev.centtreize.com\/rsr\/article\/la-mort-de-la-mort-de-quelle-immortalite-parlons-nous\/","title":{"rendered":"La mort de la mort : de quelle immortalit\u00e9 parlons-nous ?"},"content":{"rendered":"<p>La possibilit\u00e9 d\u2019une immortalit\u00e9 n\u2019a cess\u00e9 de pr\u00e9occuper l\u2019humanit\u00e9. Certains affirment que celle-ci serait de l\u2019ordre du pass\u00e9, \u00e0 la suite de la th\u00e8se heidegg\u00e9rienne de la finitude ontologique de l\u2019homme.\u00a0Dans cette optique, le temps est envisag\u00e9\u00a0\u00e0 partir de la mort, \u00e0 savoir qu\u2019il est clos de mani\u00e8re\u00a0a priori.\u00a0D\u2019autres,\u00a0au contraire,\u00a0soutiennent que la temporalit\u00e9 est ouverte et que le&nbsp;\u00ab\u00a0progr\u00e8s\u00a0\u00bb historique et technoscientifique permet \u00e0 l\u2019homo faber\u00a0de d\u00e9passer la mort individuelle. Apr\u00e8s une discussion critique de ces positions et de leurs pr\u00e9suppos\u00e9s,\u00a0l\u2019article aborde la question de l\u2019immortalit\u00e9 renvoyant \u00e0 une anthropologie du don. Celui-ci se situe au plan de la cr\u00e9ature recevant gratuitement la vie ou de l\u2019esp\u00e9rance qui implique une attitude de disponibilit\u00e9 r\u00e9ceptive et qui \u00e9chappe \u00e0 tout contr\u00f4le.<\/p>\n","protected":false},"excerpt":{"rendered":"<p>La possibilit\u00e9 d\u2019une immortalit\u00e9 n\u2019a cess\u00e9 de pr\u00e9occuper l\u2019humanit\u00e9. Certains affirment que celle-ci serait de l\u2019ordre du pass\u00e9, \u00e0 la suite de la th\u00e8se heidegg\u00e9rienne de la finitude ontologique de l\u2019homme.\u00a0Dans cette optique, le temps est envisag\u00e9\u00a0\u00e0 partir de la mort, \u00e0 savoir qu\u2019il est clos de mani\u00e8re\u00a0a priori.\u00a0D\u2019autres,\u00a0au contraire,\u00a0soutiennent que la temporalit\u00e9 est ouverte et que le&nbsp;\u00ab\u00a0progr\u00e8s\u00a0\u00bb historique et technoscientifique permet \u00e0 l\u2019homo faber\u00a0de d\u00e9passer la mort individuelle. Apr\u00e8s une discussion critique de ces positions et de leurs pr\u00e9suppos\u00e9s,\u00a0l\u2019article aborde la question de l\u2019immortalit\u00e9 renvoyant \u00e0 une anthropologie du don. Celui-ci se situe au plan de la cr\u00e9ature recevant gratuitement la vie ou de l\u2019esp\u00e9rance qui implique une attitude de disponibilit\u00e9 r\u00e9ceptive et qui \u00e9chappe \u00e0 tout contr\u00f4le.<\/p>\n","protected":false},"author":2,"featured_media":0,"comment_status":"closed","ping_status":"closed","sticky":false,"template":"","format":"standard","meta":{"_acf_changed":false,"footnotes":""},"categories":[6],"tags":[677,343,385,675,671,676,463,604,350,69],"keywords":[1242],"class_list":["post-12686","post","type-post","status-publish","format-standard","hentry","category-article","tag-disponibilite","tag-don","tag-esperance","tag-heidegger","tag-immortalite","tag-marxisme","tag-mort","tag-progres","tag-transhumanisme","tag-vulnerabilite","keywords-mort"],"acf":[],"yoast_head":"<!-- This site is optimized with the Yoast SEO plugin v27.2 - https:\/\/yoast.com\/product\/yoast-seo-wordpress\/ -->\n<title>La mort de la mort : de quelle immortalit\u00e9 parlons-nous ? - Recherches de Science Religieuse<\/title>\n<meta name=\"robots\" content=\"index, follow, max-snippet:-1, max-image-preview:large, max-video-preview:-1\" \/>\n<link rel=\"canonical\" href=\"https:\/\/dev.centtreize.com\/rsr\/article\/la-mort-de-la-mort-de-quelle-immortalite-parlons-nous\/\" \/>\n<meta property=\"og:locale\" content=\"fr_FR\" \/>\n<meta property=\"og:type\" content=\"article\" \/>\n<meta property=\"og:title\" content=\"La mort de la mort : de quelle immortalit\u00e9 parlons-nous ? - Recherches de Science Religieuse\" \/>\n<meta property=\"og:description\" content=\"La possibilit\u00e9 d\u2019une immortalit\u00e9 n\u2019a cess\u00e9 de pr\u00e9occuper l\u2019humanit\u00e9. Certains affirment que celle-ci serait de l\u2019ordre du pass\u00e9, \u00e0 la suite de la th\u00e8se heidegg\u00e9rienne de la finitude ontologique de l\u2019homme.\u00a0Dans cette optique, le temps est envisag\u00e9\u00a0\u00e0 partir de la mort, \u00e0 savoir qu\u2019il est clos de mani\u00e8re\u00a0a priori.\u00a0D\u2019autres,\u00a0au contraire,\u00a0soutiennent que la temporalit\u00e9 est ouverte et que le&nbsp;\u00ab\u00a0progr\u00e8s\u00a0\u00bb historique et technoscientifique permet \u00e0 l\u2019homo faber\u00a0de d\u00e9passer la mort individuelle. Apr\u00e8s une discussion critique de ces positions et de leurs pr\u00e9suppos\u00e9s,\u00a0l\u2019article aborde la question de l\u2019immortalit\u00e9 renvoyant \u00e0 une anthropologie du don. Celui-ci se situe au plan de la cr\u00e9ature recevant gratuitement la vie ou de l\u2019esp\u00e9rance qui implique une attitude de disponibilit\u00e9 r\u00e9ceptive et qui \u00e9chappe \u00e0 tout contr\u00f4le.\" \/>\n<meta property=\"og:url\" content=\"https:\/\/dev.centtreize.com\/rsr\/article\/la-mort-de-la-mort-de-quelle-immortalite-parlons-nous\/\" \/>\n<meta property=\"og:site_name\" content=\"Recherches de Science Religieuse\" \/>\n<meta property=\"article:published_time\" content=\"2020-10-14T23:11:29+00:00\" \/>\n<meta property=\"article:modified_time\" content=\"2025-06-13T07:07:16+00:00\" \/>\n<meta name=\"author\" content=\"H\u00e9l\u00e8ne\" \/>\n<meta name=\"twitter:card\" content=\"summary_large_image\" \/>\n<meta name=\"twitter:label1\" content=\"\u00c9crit par\" \/>\n\t<meta name=\"twitter:data1\" content=\"H\u00e9l\u00e8ne\" \/>\n\t<meta name=\"twitter:label2\" content=\"Dur\u00e9e de lecture estim\u00e9e\" \/>\n\t<meta name=\"twitter:data2\" content=\"1 minute\" \/>\n<script type=\"application\/ld+json\" class=\"yoast-schema-graph\">{\"@context\":\"https:\/\/schema.org\",\"@graph\":[{\"@type\":\"Article\",\"@id\":\"https:\/\/dev.centtreize.com\/rsr\/article\/la-mort-de-la-mort-de-quelle-immortalite-parlons-nous\/#article\",\"isPartOf\":{\"@id\":\"https:\/\/dev.centtreize.com\/rsr\/article\/la-mort-de-la-mort-de-quelle-immortalite-parlons-nous\/\"},\"author\":{\"name\":\"H\u00e9l\u00e8ne\",\"@id\":\"https:\/\/dev.centtreize.com\/rsr\/#\/schema\/person\/eb039ce63dcbc3fec0a6b81e43e29ad3\"},\"headline\":\"La mort de la mort : de quelle immortalit\u00e9 parlons-nous ?\",\"datePublished\":\"2020-10-14T23:11:29+00:00\",\"dateModified\":\"2025-06-13T07:07:16+00:00\",\"mainEntityOfPage\":{\"@id\":\"https:\/\/dev.centtreize.com\/rsr\/article\/la-mort-de-la-mort-de-quelle-immortalite-parlons-nous\/\"},\"wordCount\":155,\"publisher\":{\"@id\":\"https:\/\/dev.centtreize.com\/rsr\/#organization\"},\"keywords\":[\"disponibilit\u00e9\",\"don\",\"esp\u00e9rance\",\"Heidegger\",\"immortalit\u00e9\",\"marxisme\",\"mort\",\"Progr\u00e8s\",\"transhumanisme\",\"vuln\u00e9rabilit\u00e9\"],\"articleSection\":[\"article\"],\"inLanguage\":\"fr-FR\"},{\"@type\":\"WebPage\",\"@id\":\"https:\/\/dev.centtreize.com\/rsr\/article\/la-mort-de-la-mort-de-quelle-immortalite-parlons-nous\/\",\"url\":\"https:\/\/dev.centtreize.com\/rsr\/article\/la-mort-de-la-mort-de-quelle-immortalite-parlons-nous\/\",\"name\":\"La mort de la mort : de quelle immortalit\u00e9 parlons-nous ? - Recherches de Science Religieuse\",\"isPartOf\":{\"@id\":\"https:\/\/dev.centtreize.com\/rsr\/#website\"},\"datePublished\":\"2020-10-14T23:11:29+00:00\",\"dateModified\":\"2025-06-13T07:07:16+00:00\",\"breadcrumb\":{\"@id\":\"https:\/\/dev.centtreize.com\/rsr\/article\/la-mort-de-la-mort-de-quelle-immortalite-parlons-nous\/#breadcrumb\"},\"inLanguage\":\"fr-FR\",\"potentialAction\":[{\"@type\":\"ReadAction\",\"target\":[\"https:\/\/dev.centtreize.com\/rsr\/article\/la-mort-de-la-mort-de-quelle-immortalite-parlons-nous\/\"]}]},{\"@type\":\"BreadcrumbList\",\"@id\":\"https:\/\/dev.centtreize.com\/rsr\/article\/la-mort-de-la-mort-de-quelle-immortalite-parlons-nous\/#breadcrumb\",\"itemListElement\":[{\"@type\":\"ListItem\",\"position\":1,\"name\":\"Accueil\",\"item\":\"https:\/\/dev.centtreize.com\/rsr\/\"},{\"@type\":\"ListItem\",\"position\":2,\"name\":\"La mort de la mort : de quelle immortalit\u00e9 parlons-nous ?\"}]},{\"@type\":\"WebSite\",\"@id\":\"https:\/\/dev.centtreize.com\/rsr\/#website\",\"url\":\"https:\/\/dev.centtreize.com\/rsr\/\",\"name\":\"Recherches de Science Religieuse\",\"description\":\"Recherches de Science Religieuse\",\"publisher\":{\"@id\":\"https:\/\/dev.centtreize.com\/rsr\/#organization\"},\"potentialAction\":[{\"@type\":\"SearchAction\",\"target\":{\"@type\":\"EntryPoint\",\"urlTemplate\":\"https:\/\/dev.centtreize.com\/rsr\/?s={search_term_string}\"},\"query-input\":{\"@type\":\"PropertyValueSpecification\",\"valueRequired\":true,\"valueName\":\"search_term_string\"}}],\"inLanguage\":\"fr-FR\"},{\"@type\":\"Organization\",\"@id\":\"https:\/\/dev.centtreize.com\/rsr\/#organization\",\"name\":\"Recherches de Science Religieuse\",\"url\":\"https:\/\/dev.centtreize.com\/rsr\/\",\"logo\":{\"@type\":\"ImageObject\",\"inLanguage\":\"fr-FR\",\"@id\":\"https:\/\/dev.centtreize.com\/rsr\/#\/schema\/logo\/image\/\",\"url\":\"https:\/\/dev.centtreize.com\/rsr\/wp-content\/uploads\/2024\/10\/logo_rsr.png\",\"contentUrl\":\"https:\/\/dev.centtreize.com\/rsr\/wp-content\/uploads\/2024\/10\/logo_rsr.png\",\"width\":300,\"height\":225,\"caption\":\"Recherches de Science Religieuse\"},\"image\":{\"@id\":\"https:\/\/dev.centtreize.com\/rsr\/#\/schema\/logo\/image\/\"}},{\"@type\":\"Person\",\"@id\":\"https:\/\/dev.centtreize.com\/rsr\/#\/schema\/person\/eb039ce63dcbc3fec0a6b81e43e29ad3\",\"name\":\"H\u00e9l\u00e8ne\",\"url\":\"https:\/\/dev.centtreize.com\/rsr\/author\/rsr\/\"}]}<\/script>\n<!-- \/ Yoast SEO plugin. -->","yoast_head_json":{"title":"La mort de la mort : de quelle immortalit\u00e9 parlons-nous ? - Recherches de Science Religieuse","robots":{"index":"index","follow":"follow","max-snippet":"max-snippet:-1","max-image-preview":"max-image-preview:large","max-video-preview":"max-video-preview:-1"},"canonical":"https:\/\/dev.centtreize.com\/rsr\/article\/la-mort-de-la-mort-de-quelle-immortalite-parlons-nous\/","og_locale":"fr_FR","og_type":"article","og_title":"La mort de la mort : de quelle immortalit\u00e9 parlons-nous ? - Recherches de Science Religieuse","og_description":"La possibilit\u00e9 d\u2019une immortalit\u00e9 n\u2019a cess\u00e9 de pr\u00e9occuper l\u2019humanit\u00e9. Certains affirment que celle-ci serait de l\u2019ordre du pass\u00e9, \u00e0 la suite de la th\u00e8se heidegg\u00e9rienne de la finitude ontologique de l\u2019homme.\u00a0Dans cette optique, le temps est envisag\u00e9\u00a0\u00e0 partir de la mort, \u00e0 savoir qu\u2019il est clos de mani\u00e8re\u00a0a priori.\u00a0D\u2019autres,\u00a0au contraire,\u00a0soutiennent que la temporalit\u00e9 est ouverte et que le&nbsp;\u00ab\u00a0progr\u00e8s\u00a0\u00bb historique et technoscientifique permet \u00e0 l\u2019homo faber\u00a0de d\u00e9passer la mort individuelle. Apr\u00e8s une discussion critique de ces positions et de leurs pr\u00e9suppos\u00e9s,\u00a0l\u2019article aborde la question de l\u2019immortalit\u00e9 renvoyant \u00e0 une anthropologie du don. Celui-ci se situe au plan de la cr\u00e9ature recevant gratuitement la vie ou de l\u2019esp\u00e9rance qui implique une attitude de disponibilit\u00e9 r\u00e9ceptive et qui \u00e9chappe \u00e0 tout contr\u00f4le.","og_url":"https:\/\/dev.centtreize.com\/rsr\/article\/la-mort-de-la-mort-de-quelle-immortalite-parlons-nous\/","og_site_name":"Recherches de Science Religieuse","article_published_time":"2020-10-14T23:11:29+00:00","article_modified_time":"2025-06-13T07:07:16+00:00","author":"H\u00e9l\u00e8ne","twitter_card":"summary_large_image","twitter_misc":{"\u00c9crit par":"H\u00e9l\u00e8ne","Dur\u00e9e de lecture estim\u00e9e":"1 minute"},"schema":{"@context":"https:\/\/schema.org","@graph":[{"@type":"Article","@id":"https:\/\/dev.centtreize.com\/rsr\/article\/la-mort-de-la-mort-de-quelle-immortalite-parlons-nous\/#article","isPartOf":{"@id":"https:\/\/dev.centtreize.com\/rsr\/article\/la-mort-de-la-mort-de-quelle-immortalite-parlons-nous\/"},"author":{"name":"H\u00e9l\u00e8ne","@id":"https:\/\/dev.centtreize.com\/rsr\/#\/schema\/person\/eb039ce63dcbc3fec0a6b81e43e29ad3"},"headline":"La mort de la mort : de quelle immortalit\u00e9 parlons-nous ?","datePublished":"2020-10-14T23:11:29+00:00","dateModified":"2025-06-13T07:07:16+00:00","mainEntityOfPage":{"@id":"https:\/\/dev.centtreize.com\/rsr\/article\/la-mort-de-la-mort-de-quelle-immortalite-parlons-nous\/"},"wordCount":155,"publisher":{"@id":"https:\/\/dev.centtreize.com\/rsr\/#organization"},"keywords":["disponibilit\u00e9","don","esp\u00e9rance","Heidegger","immortalit\u00e9","marxisme","mort","Progr\u00e8s","transhumanisme","vuln\u00e9rabilit\u00e9"],"articleSection":["article"],"inLanguage":"fr-FR"},{"@type":"WebPage","@id":"https:\/\/dev.centtreize.com\/rsr\/article\/la-mort-de-la-mort-de-quelle-immortalite-parlons-nous\/","url":"https:\/\/dev.centtreize.com\/rsr\/article\/la-mort-de-la-mort-de-quelle-immortalite-parlons-nous\/","name":"La mort de la mort : de quelle immortalit\u00e9 parlons-nous ? - Recherches de Science Religieuse","isPartOf":{"@id":"https:\/\/dev.centtreize.com\/rsr\/#website"},"datePublished":"2020-10-14T23:11:29+00:00","dateModified":"2025-06-13T07:07:16+00:00","breadcrumb":{"@id":"https:\/\/dev.centtreize.com\/rsr\/article\/la-mort-de-la-mort-de-quelle-immortalite-parlons-nous\/#breadcrumb"},"inLanguage":"fr-FR","potentialAction":[{"@type":"ReadAction","target":["https:\/\/dev.centtreize.com\/rsr\/article\/la-mort-de-la-mort-de-quelle-immortalite-parlons-nous\/"]}]},{"@type":"BreadcrumbList","@id":"https:\/\/dev.centtreize.com\/rsr\/article\/la-mort-de-la-mort-de-quelle-immortalite-parlons-nous\/#breadcrumb","itemListElement":[{"@type":"ListItem","position":1,"name":"Accueil","item":"https:\/\/dev.centtreize.com\/rsr\/"},{"@type":"ListItem","position":2,"name":"La mort de la mort : de quelle immortalit\u00e9 parlons-nous ?"}]},{"@type":"WebSite","@id":"https:\/\/dev.centtreize.com\/rsr\/#website","url":"https:\/\/dev.centtreize.com\/rsr\/","name":"Recherches de Science Religieuse","description":"Recherches de Science Religieuse","publisher":{"@id":"https:\/\/dev.centtreize.com\/rsr\/#organization"},"potentialAction":[{"@type":"SearchAction","target":{"@type":"EntryPoint","urlTemplate":"https:\/\/dev.centtreize.com\/rsr\/?s={search_term_string}"},"query-input":{"@type":"PropertyValueSpecification","valueRequired":true,"valueName":"search_term_string"}}],"inLanguage":"fr-FR"},{"@type":"Organization","@id":"https:\/\/dev.centtreize.com\/rsr\/#organization","name":"Recherches de Science Religieuse","url":"https:\/\/dev.centtreize.com\/rsr\/","logo":{"@type":"ImageObject","inLanguage":"fr-FR","@id":"https:\/\/dev.centtreize.com\/rsr\/#\/schema\/logo\/image\/","url":"https:\/\/dev.centtreize.com\/rsr\/wp-content\/uploads\/2024\/10\/logo_rsr.png","contentUrl":"https:\/\/dev.centtreize.com\/rsr\/wp-content\/uploads\/2024\/10\/logo_rsr.png","width":300,"height":225,"caption":"Recherches de Science Religieuse"},"image":{"@id":"https:\/\/dev.centtreize.com\/rsr\/#\/schema\/logo\/image\/"}},{"@type":"Person","@id":"https:\/\/dev.centtreize.com\/rsr\/#\/schema\/person\/eb039ce63dcbc3fec0a6b81e43e29ad3","name":"H\u00e9l\u00e8ne","url":"https:\/\/dev.centtreize.com\/rsr\/author\/rsr\/"}]}},"_links":{"self":[{"href":"https:\/\/dev.centtreize.com\/rsr\/wp-json\/wp\/v2\/posts\/12686","targetHints":{"allow":["GET"]}}],"collection":[{"href":"https:\/\/dev.centtreize.com\/rsr\/wp-json\/wp\/v2\/posts"}],"about":[{"href":"https:\/\/dev.centtreize.com\/rsr\/wp-json\/wp\/v2\/types\/post"}],"author":[{"embeddable":true,"href":"https:\/\/dev.centtreize.com\/rsr\/wp-json\/wp\/v2\/users\/2"}],"replies":[{"embeddable":true,"href":"https:\/\/dev.centtreize.com\/rsr\/wp-json\/wp\/v2\/comments?post=12686"}],"version-history":[{"count":12,"href":"https:\/\/dev.centtreize.com\/rsr\/wp-json\/wp\/v2\/posts\/12686\/revisions"}],"predecessor-version":[{"id":17695,"href":"https:\/\/dev.centtreize.com\/rsr\/wp-json\/wp\/v2\/posts\/12686\/revisions\/17695"}],"wp:attachment":[{"href":"https:\/\/dev.centtreize.com\/rsr\/wp-json\/wp\/v2\/media?parent=12686"}],"wp:term":[{"taxonomy":"category","embeddable":true,"href":"https:\/\/dev.centtreize.com\/rsr\/wp-json\/wp\/v2\/categories?post=12686"},{"taxonomy":"post_tag","embeddable":true,"href":"https:\/\/dev.centtreize.com\/rsr\/wp-json\/wp\/v2\/tags?post=12686"},{"taxonomy":"keywords","embeddable":true,"href":"https:\/\/dev.centtreize.com\/rsr\/wp-json\/wp\/v2\/keywords?post=12686"}],"curies":[{"name":"wp","href":"https:\/\/api.w.org\/{rel}","templated":true}]}}