{"id":12568,"date":"2020-07-15T00:07:13","date_gmt":"2020-07-14T23:07:13","guid":{"rendered":"http:\/\/www.revue-rsr.com\/?p=12568"},"modified":"2025-06-13T08:06:38","modified_gmt":"2025-06-13T07:06:38","slug":"obeissance-ecclesiale-comme-engagement-et-protestation","status":"publish","type":"post","link":"https:\/\/dev.centtreize.com\/rsr\/article\/obeissance-ecclesiale-comme-engagement-et-protestation\/","title":{"rendered":"Ob\u00e9issance eccl\u00e9siale comme engagement et protestation"},"content":{"rendered":"<p>L\u2019intention la plus profonde de Karl Rahner ayant toujours \u00e9t\u00e9 celle d\u2019\u00eatre un th\u00e9ologien au service de son \u00c9glise et des hommes, divers conflits sont n\u00e9s autour de sa th\u00e9ologie, avant et apr\u00e8s le Concile Vatican II. Si, dans un premier temps, il a cherch\u00e9 prioritairement \u00e0 renforcer la position du croyant individuel et la libert\u00e9 de la parole et de la th\u00e9ologie, il a tent\u00e9, apr\u00e8s le Concile, de d\u00e9fendre cette premi\u00e8re mise en \u0153uvre de l\u2019\u00c9glise universelle comme le&nbsp;\u00ab\u00a0d\u00e9but d\u2019un d\u00e9but\u00a0\u00bb. \u00c0 c\u00f4t\u00e9 du d\u00e9bat autour du&nbsp;\u00ab\u00a0chr\u00e9tien anonyme\u00a0\u00bb, il faut signaler surtout son engagement en faveur d\u2019une nouvelle place des femmes au sein de l\u2019\u00c9glise. Alors qu\u2019avant le Concile, Rahner \u00e9tait partiellement contest\u00e9, mais reconnu, certains, apr\u00e8s le Concile, ont mis en doute son orthodoxie objective, signe du changement radical de la th\u00e9ologie et de l\u2019\u00c9glise \u00e0 cette \u00e9poque.<\/p>\n","protected":false},"excerpt":{"rendered":"<p>L\u2019intention la plus profonde de Karl Rahner ayant toujours \u00e9t\u00e9 celle d\u2019\u00eatre un th\u00e9ologien au service de son \u00c9glise et des hommes, divers conflits sont n\u00e9s autour de sa th\u00e9ologie, avant et apr\u00e8s le Concile Vatican II. Si, dans un premier temps, il a cherch\u00e9 prioritairement \u00e0 renforcer la position du croyant individuel et la libert\u00e9 de la parole et de la th\u00e9ologie, il a tent\u00e9, apr\u00e8s le Concile, de d\u00e9fendre cette premi\u00e8re mise en \u0153uvre de l\u2019\u00c9glise universelle comme le&nbsp;\u00ab\u00a0d\u00e9but d\u2019un d\u00e9but\u00a0\u00bb. \u00c0 c\u00f4t\u00e9 du d\u00e9bat autour du&nbsp;\u00ab\u00a0chr\u00e9tien anonyme\u00a0\u00bb, il faut signaler surtout son engagement en faveur d\u2019une nouvelle place des femmes au sein de l\u2019\u00c9glise. Alors qu\u2019avant le Concile, Rahner \u00e9tait partiellement contest\u00e9, mais reconnu, certains, apr\u00e8s le Concile, ont mis en doute son orthodoxie objective, signe du changement radical de la th\u00e9ologie et de l\u2019\u00c9glise \u00e0 cette \u00e9poque.<\/p>\n","protected":false},"author":2,"featured_media":0,"comment_status":"closed","ping_status":"closed","sticky":false,"template":"","format":"standard","meta":{"_acf_changed":false,"footnotes":""},"categories":[6],"tags":[654,658,650,652,657,651,655,656,653],"keywords":[1237,1140],"class_list":["post-12568","post","type-post","status-publish","format-standard","hentry","category-article","tag-chretien-anonyme","tag-ecclesiologie-conflits","tag-hans-kung","tag-hans-urs-von-balthasar","tag-histoire-de-la-theologie-xxe-siecle","tag-joseph-ratzinger","tag-la-femme-dans-leglise","tag-leglise-des-pecheurs","tag-nature-grace","keywords-rahner-karl","keywords-vatican-ii"],"acf":[],"yoast_head":"<!-- This site is optimized with the Yoast SEO plugin v27.2 - https:\/\/yoast.com\/product\/yoast-seo-wordpress\/ -->\n<title>Ob\u00e9issance eccl\u00e9siale comme engagement et protestation - Recherches de Science Religieuse<\/title>\n<meta name=\"robots\" content=\"index, follow, max-snippet:-1, max-image-preview:large, max-video-preview:-1\" \/>\n<link rel=\"canonical\" href=\"https:\/\/dev.centtreize.com\/rsr\/article\/obeissance-ecclesiale-comme-engagement-et-protestation\/\" \/>\n<meta property=\"og:locale\" content=\"fr_FR\" \/>\n<meta property=\"og:type\" content=\"article\" \/>\n<meta property=\"og:title\" content=\"Ob\u00e9issance eccl\u00e9siale comme engagement et protestation - Recherches de Science Religieuse\" \/>\n<meta property=\"og:description\" content=\"L\u2019intention la plus profonde de Karl Rahner ayant toujours \u00e9t\u00e9 celle d\u2019\u00eatre un th\u00e9ologien au service de son \u00c9glise et des hommes, divers conflits sont n\u00e9s autour de sa th\u00e9ologie, avant et apr\u00e8s le Concile Vatican II. Si, dans un premier temps, il a cherch\u00e9 prioritairement \u00e0 renforcer la position du croyant individuel et la libert\u00e9 de la parole et de la th\u00e9ologie, il a tent\u00e9, apr\u00e8s le Concile, de d\u00e9fendre cette premi\u00e8re mise en \u0153uvre de l\u2019\u00c9glise universelle comme le&nbsp;\u00ab\u00a0d\u00e9but d\u2019un d\u00e9but\u00a0\u00bb. \u00c0 c\u00f4t\u00e9 du d\u00e9bat autour du&nbsp;\u00ab\u00a0chr\u00e9tien anonyme\u00a0\u00bb, il faut signaler surtout son engagement en faveur d\u2019une nouvelle place des femmes au sein de l\u2019\u00c9glise. Alors qu\u2019avant le Concile, Rahner \u00e9tait partiellement contest\u00e9, mais reconnu, certains, apr\u00e8s le Concile, ont mis en doute son orthodoxie objective, signe du changement radical de la th\u00e9ologie et de l\u2019\u00c9glise \u00e0 cette \u00e9poque.\" \/>\n<meta property=\"og:url\" content=\"https:\/\/dev.centtreize.com\/rsr\/article\/obeissance-ecclesiale-comme-engagement-et-protestation\/\" \/>\n<meta property=\"og:site_name\" content=\"Recherches de Science Religieuse\" \/>\n<meta property=\"article:published_time\" content=\"2020-07-14T23:07:13+00:00\" \/>\n<meta property=\"article:modified_time\" content=\"2025-06-13T07:06:38+00:00\" \/>\n<meta name=\"author\" content=\"H\u00e9l\u00e8ne\" \/>\n<meta name=\"twitter:card\" content=\"summary_large_image\" \/>\n<meta name=\"twitter:label1\" content=\"\u00c9crit par\" \/>\n\t<meta name=\"twitter:data1\" content=\"H\u00e9l\u00e8ne\" \/>\n\t<meta name=\"twitter:label2\" content=\"Dur\u00e9e de lecture estim\u00e9e\" \/>\n\t<meta name=\"twitter:data2\" content=\"1 minute\" \/>\n<script type=\"application\/ld+json\" class=\"yoast-schema-graph\">{\"@context\":\"https:\/\/schema.org\",\"@graph\":[{\"@type\":\"Article\",\"@id\":\"https:\/\/dev.centtreize.com\/rsr\/article\/obeissance-ecclesiale-comme-engagement-et-protestation\/#article\",\"isPartOf\":{\"@id\":\"https:\/\/dev.centtreize.com\/rsr\/article\/obeissance-ecclesiale-comme-engagement-et-protestation\/\"},\"author\":{\"name\":\"H\u00e9l\u00e8ne\",\"@id\":\"https:\/\/dev.centtreize.com\/rsr\/#\/schema\/person\/eb039ce63dcbc3fec0a6b81e43e29ad3\"},\"headline\":\"Ob\u00e9issance eccl\u00e9siale comme engagement et protestation\",\"datePublished\":\"2020-07-14T23:07:13+00:00\",\"dateModified\":\"2025-06-13T07:06:38+00:00\",\"mainEntityOfPage\":{\"@id\":\"https:\/\/dev.centtreize.com\/rsr\/article\/obeissance-ecclesiale-comme-engagement-et-protestation\/\"},\"wordCount\":171,\"publisher\":{\"@id\":\"https:\/\/dev.centtreize.com\/rsr\/#organization\"},\"keywords\":[\"Chr\u00e9tien anonyme\",\"Eccl\u00e9siologie \u2013 conflits\",\"Hans K\u00fcng\",\"Hans Urs von Balthasar\",\"Histoire de la th\u00e9ologie : XXe si\u00e8cle\",\"Joseph Ratzinger\",\"La femme dans l\u2019\u00c9glise\",\"L\u2019\u00c9glise des p\u00e9cheurs\",\"Nature \u2013 gr\u00e2ce\"],\"articleSection\":[\"article\"],\"inLanguage\":\"fr-FR\"},{\"@type\":\"WebPage\",\"@id\":\"https:\/\/dev.centtreize.com\/rsr\/article\/obeissance-ecclesiale-comme-engagement-et-protestation\/\",\"url\":\"https:\/\/dev.centtreize.com\/rsr\/article\/obeissance-ecclesiale-comme-engagement-et-protestation\/\",\"name\":\"Ob\u00e9issance eccl\u00e9siale comme engagement et protestation - Recherches de Science Religieuse\",\"isPartOf\":{\"@id\":\"https:\/\/dev.centtreize.com\/rsr\/#website\"},\"datePublished\":\"2020-07-14T23:07:13+00:00\",\"dateModified\":\"2025-06-13T07:06:38+00:00\",\"breadcrumb\":{\"@id\":\"https:\/\/dev.centtreize.com\/rsr\/article\/obeissance-ecclesiale-comme-engagement-et-protestation\/#breadcrumb\"},\"inLanguage\":\"fr-FR\",\"potentialAction\":[{\"@type\":\"ReadAction\",\"target\":[\"https:\/\/dev.centtreize.com\/rsr\/article\/obeissance-ecclesiale-comme-engagement-et-protestation\/\"]}]},{\"@type\":\"BreadcrumbList\",\"@id\":\"https:\/\/dev.centtreize.com\/rsr\/article\/obeissance-ecclesiale-comme-engagement-et-protestation\/#breadcrumb\",\"itemListElement\":[{\"@type\":\"ListItem\",\"position\":1,\"name\":\"Accueil\",\"item\":\"https:\/\/dev.centtreize.com\/rsr\/\"},{\"@type\":\"ListItem\",\"position\":2,\"name\":\"Ob\u00e9issance eccl\u00e9siale comme engagement et protestation\"}]},{\"@type\":\"WebSite\",\"@id\":\"https:\/\/dev.centtreize.com\/rsr\/#website\",\"url\":\"https:\/\/dev.centtreize.com\/rsr\/\",\"name\":\"Recherches de Science Religieuse\",\"description\":\"Recherches de Science Religieuse\",\"publisher\":{\"@id\":\"https:\/\/dev.centtreize.com\/rsr\/#organization\"},\"potentialAction\":[{\"@type\":\"SearchAction\",\"target\":{\"@type\":\"EntryPoint\",\"urlTemplate\":\"https:\/\/dev.centtreize.com\/rsr\/?s={search_term_string}\"},\"query-input\":{\"@type\":\"PropertyValueSpecification\",\"valueRequired\":true,\"valueName\":\"search_term_string\"}}],\"inLanguage\":\"fr-FR\"},{\"@type\":\"Organization\",\"@id\":\"https:\/\/dev.centtreize.com\/rsr\/#organization\",\"name\":\"Recherches de Science Religieuse\",\"url\":\"https:\/\/dev.centtreize.com\/rsr\/\",\"logo\":{\"@type\":\"ImageObject\",\"inLanguage\":\"fr-FR\",\"@id\":\"https:\/\/dev.centtreize.com\/rsr\/#\/schema\/logo\/image\/\",\"url\":\"https:\/\/dev.centtreize.com\/rsr\/wp-content\/uploads\/2024\/10\/logo_rsr.png\",\"contentUrl\":\"https:\/\/dev.centtreize.com\/rsr\/wp-content\/uploads\/2024\/10\/logo_rsr.png\",\"width\":300,\"height\":225,\"caption\":\"Recherches de Science Religieuse\"},\"image\":{\"@id\":\"https:\/\/dev.centtreize.com\/rsr\/#\/schema\/logo\/image\/\"}},{\"@type\":\"Person\",\"@id\":\"https:\/\/dev.centtreize.com\/rsr\/#\/schema\/person\/eb039ce63dcbc3fec0a6b81e43e29ad3\",\"name\":\"H\u00e9l\u00e8ne\",\"url\":\"https:\/\/dev.centtreize.com\/rsr\/author\/rsr\/\"}]}<\/script>\n<!-- \/ Yoast SEO plugin. -->","yoast_head_json":{"title":"Ob\u00e9issance eccl\u00e9siale comme engagement et protestation - Recherches de Science Religieuse","robots":{"index":"index","follow":"follow","max-snippet":"max-snippet:-1","max-image-preview":"max-image-preview:large","max-video-preview":"max-video-preview:-1"},"canonical":"https:\/\/dev.centtreize.com\/rsr\/article\/obeissance-ecclesiale-comme-engagement-et-protestation\/","og_locale":"fr_FR","og_type":"article","og_title":"Ob\u00e9issance eccl\u00e9siale comme engagement et protestation - Recherches de Science Religieuse","og_description":"L\u2019intention la plus profonde de Karl Rahner ayant toujours \u00e9t\u00e9 celle d\u2019\u00eatre un th\u00e9ologien au service de son \u00c9glise et des hommes, divers conflits sont n\u00e9s autour de sa th\u00e9ologie, avant et apr\u00e8s le Concile Vatican II. Si, dans un premier temps, il a cherch\u00e9 prioritairement \u00e0 renforcer la position du croyant individuel et la libert\u00e9 de la parole et de la th\u00e9ologie, il a tent\u00e9, apr\u00e8s le Concile, de d\u00e9fendre cette premi\u00e8re mise en \u0153uvre de l\u2019\u00c9glise universelle comme le&nbsp;\u00ab\u00a0d\u00e9but d\u2019un d\u00e9but\u00a0\u00bb. \u00c0 c\u00f4t\u00e9 du d\u00e9bat autour du&nbsp;\u00ab\u00a0chr\u00e9tien anonyme\u00a0\u00bb, il faut signaler surtout son engagement en faveur d\u2019une nouvelle place des femmes au sein de l\u2019\u00c9glise. Alors qu\u2019avant le Concile, Rahner \u00e9tait partiellement contest\u00e9, mais reconnu, certains, apr\u00e8s le Concile, ont mis en doute son orthodoxie objective, signe du changement radical de la th\u00e9ologie et de l\u2019\u00c9glise \u00e0 cette \u00e9poque.","og_url":"https:\/\/dev.centtreize.com\/rsr\/article\/obeissance-ecclesiale-comme-engagement-et-protestation\/","og_site_name":"Recherches de Science Religieuse","article_published_time":"2020-07-14T23:07:13+00:00","article_modified_time":"2025-06-13T07:06:38+00:00","author":"H\u00e9l\u00e8ne","twitter_card":"summary_large_image","twitter_misc":{"\u00c9crit par":"H\u00e9l\u00e8ne","Dur\u00e9e de lecture estim\u00e9e":"1 minute"},"schema":{"@context":"https:\/\/schema.org","@graph":[{"@type":"Article","@id":"https:\/\/dev.centtreize.com\/rsr\/article\/obeissance-ecclesiale-comme-engagement-et-protestation\/#article","isPartOf":{"@id":"https:\/\/dev.centtreize.com\/rsr\/article\/obeissance-ecclesiale-comme-engagement-et-protestation\/"},"author":{"name":"H\u00e9l\u00e8ne","@id":"https:\/\/dev.centtreize.com\/rsr\/#\/schema\/person\/eb039ce63dcbc3fec0a6b81e43e29ad3"},"headline":"Ob\u00e9issance eccl\u00e9siale comme engagement et protestation","datePublished":"2020-07-14T23:07:13+00:00","dateModified":"2025-06-13T07:06:38+00:00","mainEntityOfPage":{"@id":"https:\/\/dev.centtreize.com\/rsr\/article\/obeissance-ecclesiale-comme-engagement-et-protestation\/"},"wordCount":171,"publisher":{"@id":"https:\/\/dev.centtreize.com\/rsr\/#organization"},"keywords":["Chr\u00e9tien anonyme","Eccl\u00e9siologie \u2013 conflits","Hans K\u00fcng","Hans Urs von Balthasar","Histoire de la th\u00e9ologie : XXe si\u00e8cle","Joseph Ratzinger","La femme dans l\u2019\u00c9glise","L\u2019\u00c9glise des p\u00e9cheurs","Nature \u2013 gr\u00e2ce"],"articleSection":["article"],"inLanguage":"fr-FR"},{"@type":"WebPage","@id":"https:\/\/dev.centtreize.com\/rsr\/article\/obeissance-ecclesiale-comme-engagement-et-protestation\/","url":"https:\/\/dev.centtreize.com\/rsr\/article\/obeissance-ecclesiale-comme-engagement-et-protestation\/","name":"Ob\u00e9issance eccl\u00e9siale comme engagement et protestation - Recherches de Science Religieuse","isPartOf":{"@id":"https:\/\/dev.centtreize.com\/rsr\/#website"},"datePublished":"2020-07-14T23:07:13+00:00","dateModified":"2025-06-13T07:06:38+00:00","breadcrumb":{"@id":"https:\/\/dev.centtreize.com\/rsr\/article\/obeissance-ecclesiale-comme-engagement-et-protestation\/#breadcrumb"},"inLanguage":"fr-FR","potentialAction":[{"@type":"ReadAction","target":["https:\/\/dev.centtreize.com\/rsr\/article\/obeissance-ecclesiale-comme-engagement-et-protestation\/"]}]},{"@type":"BreadcrumbList","@id":"https:\/\/dev.centtreize.com\/rsr\/article\/obeissance-ecclesiale-comme-engagement-et-protestation\/#breadcrumb","itemListElement":[{"@type":"ListItem","position":1,"name":"Accueil","item":"https:\/\/dev.centtreize.com\/rsr\/"},{"@type":"ListItem","position":2,"name":"Ob\u00e9issance eccl\u00e9siale comme engagement et protestation"}]},{"@type":"WebSite","@id":"https:\/\/dev.centtreize.com\/rsr\/#website","url":"https:\/\/dev.centtreize.com\/rsr\/","name":"Recherches de Science Religieuse","description":"Recherches de Science Religieuse","publisher":{"@id":"https:\/\/dev.centtreize.com\/rsr\/#organization"},"potentialAction":[{"@type":"SearchAction","target":{"@type":"EntryPoint","urlTemplate":"https:\/\/dev.centtreize.com\/rsr\/?s={search_term_string}"},"query-input":{"@type":"PropertyValueSpecification","valueRequired":true,"valueName":"search_term_string"}}],"inLanguage":"fr-FR"},{"@type":"Organization","@id":"https:\/\/dev.centtreize.com\/rsr\/#organization","name":"Recherches de Science Religieuse","url":"https:\/\/dev.centtreize.com\/rsr\/","logo":{"@type":"ImageObject","inLanguage":"fr-FR","@id":"https:\/\/dev.centtreize.com\/rsr\/#\/schema\/logo\/image\/","url":"https:\/\/dev.centtreize.com\/rsr\/wp-content\/uploads\/2024\/10\/logo_rsr.png","contentUrl":"https:\/\/dev.centtreize.com\/rsr\/wp-content\/uploads\/2024\/10\/logo_rsr.png","width":300,"height":225,"caption":"Recherches de Science Religieuse"},"image":{"@id":"https:\/\/dev.centtreize.com\/rsr\/#\/schema\/logo\/image\/"}},{"@type":"Person","@id":"https:\/\/dev.centtreize.com\/rsr\/#\/schema\/person\/eb039ce63dcbc3fec0a6b81e43e29ad3","name":"H\u00e9l\u00e8ne","url":"https:\/\/dev.centtreize.com\/rsr\/author\/rsr\/"}]}},"_links":{"self":[{"href":"https:\/\/dev.centtreize.com\/rsr\/wp-json\/wp\/v2\/posts\/12568","targetHints":{"allow":["GET"]}}],"collection":[{"href":"https:\/\/dev.centtreize.com\/rsr\/wp-json\/wp\/v2\/posts"}],"about":[{"href":"https:\/\/dev.centtreize.com\/rsr\/wp-json\/wp\/v2\/types\/post"}],"author":[{"embeddable":true,"href":"https:\/\/dev.centtreize.com\/rsr\/wp-json\/wp\/v2\/users\/2"}],"replies":[{"embeddable":true,"href":"https:\/\/dev.centtreize.com\/rsr\/wp-json\/wp\/v2\/comments?post=12568"}],"version-history":[{"count":14,"href":"https:\/\/dev.centtreize.com\/rsr\/wp-json\/wp\/v2\/posts\/12568\/revisions"}],"predecessor-version":[{"id":17690,"href":"https:\/\/dev.centtreize.com\/rsr\/wp-json\/wp\/v2\/posts\/12568\/revisions\/17690"}],"wp:attachment":[{"href":"https:\/\/dev.centtreize.com\/rsr\/wp-json\/wp\/v2\/media?parent=12568"}],"wp:term":[{"taxonomy":"category","embeddable":true,"href":"https:\/\/dev.centtreize.com\/rsr\/wp-json\/wp\/v2\/categories?post=12568"},{"taxonomy":"post_tag","embeddable":true,"href":"https:\/\/dev.centtreize.com\/rsr\/wp-json\/wp\/v2\/tags?post=12568"},{"taxonomy":"keywords","embeddable":true,"href":"https:\/\/dev.centtreize.com\/rsr\/wp-json\/wp\/v2\/keywords?post=12568"}],"curies":[{"name":"wp","href":"https:\/\/api.w.org\/{rel}","templated":true}]}}