{"id":12543,"date":"2020-07-15T00:05:01","date_gmt":"2020-07-14T23:05:01","guid":{"rendered":"http:\/\/www.revue-rsr.com\/?p=12543"},"modified":"2025-06-13T08:06:27","modified_gmt":"2025-06-13T07:06:27","slug":"karl-rahner-ses-sources-et-lieux-theologiques","status":"publish","type":"post","link":"https:\/\/dev.centtreize.com\/rsr\/article\/karl-rahner-ses-sources-et-lieux-theologiques\/","title":{"rendered":"Karl Rahner : ses sources et lieux th\u00e9ologiques"},"content":{"rendered":"<p>En partant des diff\u00e9rentes phases d\u2019apr\u00e8s lesquelles les \u0152uvres compl\u00e8tes r\u00e9partissent les travaux de Rahner, l\u2019on peut identifier divers lieux et diverses sources th\u00e9ologiques qui ont jou\u00e9 un r\u00f4le d\u00e9cisif dans ses prises de conscience et dans la formation de son jugement th\u00e9ologique. Il s\u2019agit plus particuli\u00e8rement de la spiritualit\u00e9 ignatienne, de la th\u00e9ologie patristique, de la th\u00e9ologie de l\u2019\u00e9cole n\u00e9oscolastique, de la probl\u00e9matique de la philosophie moderne de Descartes et de Kant \u00e0 Heidegger, et enfin de la situation sociale de la foi et de l\u2019\u00c9glise comme lieu de&nbsp;\u00ab\u00a0pastoralit\u00e9\u00a0\u00bb. Le c\u0153ur de l\u2019option fondamentale de Rahner, centr\u00e9e autour de la th\u00e9ologie de la gr\u00e2ce, peut \u00eatre situ\u00e9 dans la reformulation du th\u00e8me traditionnel de l\u2019analysis fidei.<\/p>\n","protected":false},"excerpt":{"rendered":"<p>En partant des diff\u00e9rentes phases d\u2019apr\u00e8s lesquelles les \u0152uvres compl\u00e8tes r\u00e9partissent les travaux de Rahner, l\u2019on peut identifier divers lieux et diverses sources th\u00e9ologiques qui ont jou\u00e9 un r\u00f4le d\u00e9cisif dans ses prises de conscience et dans la formation de son jugement th\u00e9ologique. Il s\u2019agit plus particuli\u00e8rement de la spiritualit\u00e9 ignatienne, de la th\u00e9ologie patristique, de la th\u00e9ologie de l\u2019\u00e9cole n\u00e9oscolastique, de la probl\u00e9matique de la philosophie moderne de Descartes et de Kant \u00e0 Heidegger, et enfin de la situation sociale de la foi et de l\u2019\u00c9glise comme lieu de&nbsp;\u00ab\u00a0pastoralit\u00e9\u00a0\u00bb. Le c\u0153ur de l\u2019option fondamentale de Rahner, centr\u00e9e autour de la th\u00e9ologie de la gr\u00e2ce, peut \u00eatre situ\u00e9 dans la reformulation du th\u00e8me traditionnel de l\u2019analysis fidei.<\/p>\n","protected":false},"author":2,"featured_media":0,"comment_status":"closed","ping_status":"closed","sticky":false,"template":"","format":"standard","meta":{"_acf_changed":false,"footnotes":""},"categories":[6],"tags":[640,642,638,639,641,644,643],"keywords":[1237],"class_list":["post-12543","post","type-post","status-publish","format-standard","hentry","category-article","tag-analyse-de-la-foi","tag-logique-de-decision-existentielle","tag-philosophie-contemporaine","tag-situation-societale-de-la-foi","tag-spiritualite-ignatienne","tag-theologie-de-la-grace","tag-theologie-transcendantale","keywords-rahner-karl"],"acf":[],"yoast_head":"<!-- This site is optimized with the Yoast SEO plugin v27.2 - https:\/\/yoast.com\/product\/yoast-seo-wordpress\/ -->\n<title>Karl Rahner : ses sources et lieux th\u00e9ologiques - Recherches de Science Religieuse<\/title>\n<meta name=\"robots\" content=\"index, follow, max-snippet:-1, max-image-preview:large, max-video-preview:-1\" \/>\n<link rel=\"canonical\" href=\"https:\/\/dev.centtreize.com\/rsr\/article\/karl-rahner-ses-sources-et-lieux-theologiques\/\" \/>\n<meta property=\"og:locale\" content=\"fr_FR\" \/>\n<meta property=\"og:type\" content=\"article\" \/>\n<meta property=\"og:title\" content=\"Karl Rahner : ses sources et lieux th\u00e9ologiques - Recherches de Science Religieuse\" \/>\n<meta property=\"og:description\" content=\"En partant des diff\u00e9rentes phases d\u2019apr\u00e8s lesquelles les \u0152uvres compl\u00e8tes r\u00e9partissent les travaux de Rahner, l\u2019on peut identifier divers lieux et diverses sources th\u00e9ologiques qui ont jou\u00e9 un r\u00f4le d\u00e9cisif dans ses prises de conscience et dans la formation de son jugement th\u00e9ologique. Il s\u2019agit plus particuli\u00e8rement de la spiritualit\u00e9 ignatienne, de la th\u00e9ologie patristique, de la th\u00e9ologie de l\u2019\u00e9cole n\u00e9oscolastique, de la probl\u00e9matique de la philosophie moderne de Descartes et de Kant \u00e0 Heidegger, et enfin de la situation sociale de la foi et de l\u2019\u00c9glise comme lieu de&nbsp;\u00ab\u00a0pastoralit\u00e9\u00a0\u00bb. Le c\u0153ur de l\u2019option fondamentale de Rahner, centr\u00e9e autour de la th\u00e9ologie de la gr\u00e2ce, peut \u00eatre situ\u00e9 dans la reformulation du th\u00e8me traditionnel de l\u2019analysis fidei.\" \/>\n<meta property=\"og:url\" content=\"https:\/\/dev.centtreize.com\/rsr\/article\/karl-rahner-ses-sources-et-lieux-theologiques\/\" \/>\n<meta property=\"og:site_name\" content=\"Recherches de Science Religieuse\" \/>\n<meta property=\"article:published_time\" content=\"2020-07-14T23:05:01+00:00\" \/>\n<meta property=\"article:modified_time\" content=\"2025-06-13T07:06:27+00:00\" \/>\n<meta name=\"author\" content=\"H\u00e9l\u00e8ne\" \/>\n<meta name=\"twitter:card\" content=\"summary_large_image\" \/>\n<meta name=\"twitter:label1\" content=\"\u00c9crit par\" \/>\n\t<meta name=\"twitter:data1\" content=\"H\u00e9l\u00e8ne\" \/>\n\t<meta name=\"twitter:label2\" content=\"Dur\u00e9e de lecture estim\u00e9e\" \/>\n\t<meta name=\"twitter:data2\" content=\"1 minute\" \/>\n<script type=\"application\/ld+json\" class=\"yoast-schema-graph\">{\"@context\":\"https:\/\/schema.org\",\"@graph\":[{\"@type\":\"Article\",\"@id\":\"https:\/\/dev.centtreize.com\/rsr\/article\/karl-rahner-ses-sources-et-lieux-theologiques\/#article\",\"isPartOf\":{\"@id\":\"https:\/\/dev.centtreize.com\/rsr\/article\/karl-rahner-ses-sources-et-lieux-theologiques\/\"},\"author\":{\"name\":\"H\u00e9l\u00e8ne\",\"@id\":\"https:\/\/dev.centtreize.com\/rsr\/#\/schema\/person\/eb039ce63dcbc3fec0a6b81e43e29ad3\"},\"headline\":\"Karl Rahner : ses sources et lieux th\u00e9ologiques\",\"datePublished\":\"2020-07-14T23:05:01+00:00\",\"dateModified\":\"2025-06-13T07:06:27+00:00\",\"mainEntityOfPage\":{\"@id\":\"https:\/\/dev.centtreize.com\/rsr\/article\/karl-rahner-ses-sources-et-lieux-theologiques\/\"},\"wordCount\":150,\"publisher\":{\"@id\":\"https:\/\/dev.centtreize.com\/rsr\/#organization\"},\"keywords\":[\"analyse de la foi\",\"logique de d\u00e9cision existentielle\",\"philosophie contemporaine\",\"situation soci\u00e9tale de la foi\",\"spiritualit\u00e9 ignatienne\",\"th\u00e9ologie de la gr\u00e2ce\",\"th\u00e9ologie transcendantale\"],\"articleSection\":[\"article\"],\"inLanguage\":\"fr-FR\"},{\"@type\":\"WebPage\",\"@id\":\"https:\/\/dev.centtreize.com\/rsr\/article\/karl-rahner-ses-sources-et-lieux-theologiques\/\",\"url\":\"https:\/\/dev.centtreize.com\/rsr\/article\/karl-rahner-ses-sources-et-lieux-theologiques\/\",\"name\":\"Karl Rahner : ses sources et lieux th\u00e9ologiques - Recherches de Science Religieuse\",\"isPartOf\":{\"@id\":\"https:\/\/dev.centtreize.com\/rsr\/#website\"},\"datePublished\":\"2020-07-14T23:05:01+00:00\",\"dateModified\":\"2025-06-13T07:06:27+00:00\",\"breadcrumb\":{\"@id\":\"https:\/\/dev.centtreize.com\/rsr\/article\/karl-rahner-ses-sources-et-lieux-theologiques\/#breadcrumb\"},\"inLanguage\":\"fr-FR\",\"potentialAction\":[{\"@type\":\"ReadAction\",\"target\":[\"https:\/\/dev.centtreize.com\/rsr\/article\/karl-rahner-ses-sources-et-lieux-theologiques\/\"]}]},{\"@type\":\"BreadcrumbList\",\"@id\":\"https:\/\/dev.centtreize.com\/rsr\/article\/karl-rahner-ses-sources-et-lieux-theologiques\/#breadcrumb\",\"itemListElement\":[{\"@type\":\"ListItem\",\"position\":1,\"name\":\"Accueil\",\"item\":\"https:\/\/dev.centtreize.com\/rsr\/\"},{\"@type\":\"ListItem\",\"position\":2,\"name\":\"Karl Rahner : ses sources et lieux th\u00e9ologiques\"}]},{\"@type\":\"WebSite\",\"@id\":\"https:\/\/dev.centtreize.com\/rsr\/#website\",\"url\":\"https:\/\/dev.centtreize.com\/rsr\/\",\"name\":\"Recherches de Science Religieuse\",\"description\":\"Recherches de Science Religieuse\",\"publisher\":{\"@id\":\"https:\/\/dev.centtreize.com\/rsr\/#organization\"},\"potentialAction\":[{\"@type\":\"SearchAction\",\"target\":{\"@type\":\"EntryPoint\",\"urlTemplate\":\"https:\/\/dev.centtreize.com\/rsr\/?s={search_term_string}\"},\"query-input\":{\"@type\":\"PropertyValueSpecification\",\"valueRequired\":true,\"valueName\":\"search_term_string\"}}],\"inLanguage\":\"fr-FR\"},{\"@type\":\"Organization\",\"@id\":\"https:\/\/dev.centtreize.com\/rsr\/#organization\",\"name\":\"Recherches de Science Religieuse\",\"url\":\"https:\/\/dev.centtreize.com\/rsr\/\",\"logo\":{\"@type\":\"ImageObject\",\"inLanguage\":\"fr-FR\",\"@id\":\"https:\/\/dev.centtreize.com\/rsr\/#\/schema\/logo\/image\/\",\"url\":\"https:\/\/dev.centtreize.com\/rsr\/wp-content\/uploads\/2024\/10\/logo_rsr.png\",\"contentUrl\":\"https:\/\/dev.centtreize.com\/rsr\/wp-content\/uploads\/2024\/10\/logo_rsr.png\",\"width\":300,\"height\":225,\"caption\":\"Recherches de Science Religieuse\"},\"image\":{\"@id\":\"https:\/\/dev.centtreize.com\/rsr\/#\/schema\/logo\/image\/\"}},{\"@type\":\"Person\",\"@id\":\"https:\/\/dev.centtreize.com\/rsr\/#\/schema\/person\/eb039ce63dcbc3fec0a6b81e43e29ad3\",\"name\":\"H\u00e9l\u00e8ne\",\"url\":\"https:\/\/dev.centtreize.com\/rsr\/author\/rsr\/\"}]}<\/script>\n<!-- \/ Yoast SEO plugin. -->","yoast_head_json":{"title":"Karl Rahner : ses sources et lieux th\u00e9ologiques - Recherches de Science Religieuse","robots":{"index":"index","follow":"follow","max-snippet":"max-snippet:-1","max-image-preview":"max-image-preview:large","max-video-preview":"max-video-preview:-1"},"canonical":"https:\/\/dev.centtreize.com\/rsr\/article\/karl-rahner-ses-sources-et-lieux-theologiques\/","og_locale":"fr_FR","og_type":"article","og_title":"Karl Rahner : ses sources et lieux th\u00e9ologiques - Recherches de Science Religieuse","og_description":"En partant des diff\u00e9rentes phases d\u2019apr\u00e8s lesquelles les \u0152uvres compl\u00e8tes r\u00e9partissent les travaux de Rahner, l\u2019on peut identifier divers lieux et diverses sources th\u00e9ologiques qui ont jou\u00e9 un r\u00f4le d\u00e9cisif dans ses prises de conscience et dans la formation de son jugement th\u00e9ologique. Il s\u2019agit plus particuli\u00e8rement de la spiritualit\u00e9 ignatienne, de la th\u00e9ologie patristique, de la th\u00e9ologie de l\u2019\u00e9cole n\u00e9oscolastique, de la probl\u00e9matique de la philosophie moderne de Descartes et de Kant \u00e0 Heidegger, et enfin de la situation sociale de la foi et de l\u2019\u00c9glise comme lieu de&nbsp;\u00ab\u00a0pastoralit\u00e9\u00a0\u00bb. Le c\u0153ur de l\u2019option fondamentale de Rahner, centr\u00e9e autour de la th\u00e9ologie de la gr\u00e2ce, peut \u00eatre situ\u00e9 dans la reformulation du th\u00e8me traditionnel de l\u2019analysis fidei.","og_url":"https:\/\/dev.centtreize.com\/rsr\/article\/karl-rahner-ses-sources-et-lieux-theologiques\/","og_site_name":"Recherches de Science Religieuse","article_published_time":"2020-07-14T23:05:01+00:00","article_modified_time":"2025-06-13T07:06:27+00:00","author":"H\u00e9l\u00e8ne","twitter_card":"summary_large_image","twitter_misc":{"\u00c9crit par":"H\u00e9l\u00e8ne","Dur\u00e9e de lecture estim\u00e9e":"1 minute"},"schema":{"@context":"https:\/\/schema.org","@graph":[{"@type":"Article","@id":"https:\/\/dev.centtreize.com\/rsr\/article\/karl-rahner-ses-sources-et-lieux-theologiques\/#article","isPartOf":{"@id":"https:\/\/dev.centtreize.com\/rsr\/article\/karl-rahner-ses-sources-et-lieux-theologiques\/"},"author":{"name":"H\u00e9l\u00e8ne","@id":"https:\/\/dev.centtreize.com\/rsr\/#\/schema\/person\/eb039ce63dcbc3fec0a6b81e43e29ad3"},"headline":"Karl Rahner : ses sources et lieux th\u00e9ologiques","datePublished":"2020-07-14T23:05:01+00:00","dateModified":"2025-06-13T07:06:27+00:00","mainEntityOfPage":{"@id":"https:\/\/dev.centtreize.com\/rsr\/article\/karl-rahner-ses-sources-et-lieux-theologiques\/"},"wordCount":150,"publisher":{"@id":"https:\/\/dev.centtreize.com\/rsr\/#organization"},"keywords":["analyse de la foi","logique de d\u00e9cision existentielle","philosophie contemporaine","situation soci\u00e9tale de la foi","spiritualit\u00e9 ignatienne","th\u00e9ologie de la gr\u00e2ce","th\u00e9ologie transcendantale"],"articleSection":["article"],"inLanguage":"fr-FR"},{"@type":"WebPage","@id":"https:\/\/dev.centtreize.com\/rsr\/article\/karl-rahner-ses-sources-et-lieux-theologiques\/","url":"https:\/\/dev.centtreize.com\/rsr\/article\/karl-rahner-ses-sources-et-lieux-theologiques\/","name":"Karl Rahner : ses sources et lieux th\u00e9ologiques - Recherches de Science Religieuse","isPartOf":{"@id":"https:\/\/dev.centtreize.com\/rsr\/#website"},"datePublished":"2020-07-14T23:05:01+00:00","dateModified":"2025-06-13T07:06:27+00:00","breadcrumb":{"@id":"https:\/\/dev.centtreize.com\/rsr\/article\/karl-rahner-ses-sources-et-lieux-theologiques\/#breadcrumb"},"inLanguage":"fr-FR","potentialAction":[{"@type":"ReadAction","target":["https:\/\/dev.centtreize.com\/rsr\/article\/karl-rahner-ses-sources-et-lieux-theologiques\/"]}]},{"@type":"BreadcrumbList","@id":"https:\/\/dev.centtreize.com\/rsr\/article\/karl-rahner-ses-sources-et-lieux-theologiques\/#breadcrumb","itemListElement":[{"@type":"ListItem","position":1,"name":"Accueil","item":"https:\/\/dev.centtreize.com\/rsr\/"},{"@type":"ListItem","position":2,"name":"Karl Rahner : ses sources et lieux th\u00e9ologiques"}]},{"@type":"WebSite","@id":"https:\/\/dev.centtreize.com\/rsr\/#website","url":"https:\/\/dev.centtreize.com\/rsr\/","name":"Recherches de Science Religieuse","description":"Recherches de Science Religieuse","publisher":{"@id":"https:\/\/dev.centtreize.com\/rsr\/#organization"},"potentialAction":[{"@type":"SearchAction","target":{"@type":"EntryPoint","urlTemplate":"https:\/\/dev.centtreize.com\/rsr\/?s={search_term_string}"},"query-input":{"@type":"PropertyValueSpecification","valueRequired":true,"valueName":"search_term_string"}}],"inLanguage":"fr-FR"},{"@type":"Organization","@id":"https:\/\/dev.centtreize.com\/rsr\/#organization","name":"Recherches de Science Religieuse","url":"https:\/\/dev.centtreize.com\/rsr\/","logo":{"@type":"ImageObject","inLanguage":"fr-FR","@id":"https:\/\/dev.centtreize.com\/rsr\/#\/schema\/logo\/image\/","url":"https:\/\/dev.centtreize.com\/rsr\/wp-content\/uploads\/2024\/10\/logo_rsr.png","contentUrl":"https:\/\/dev.centtreize.com\/rsr\/wp-content\/uploads\/2024\/10\/logo_rsr.png","width":300,"height":225,"caption":"Recherches de Science Religieuse"},"image":{"@id":"https:\/\/dev.centtreize.com\/rsr\/#\/schema\/logo\/image\/"}},{"@type":"Person","@id":"https:\/\/dev.centtreize.com\/rsr\/#\/schema\/person\/eb039ce63dcbc3fec0a6b81e43e29ad3","name":"H\u00e9l\u00e8ne","url":"https:\/\/dev.centtreize.com\/rsr\/author\/rsr\/"}]}},"_links":{"self":[{"href":"https:\/\/dev.centtreize.com\/rsr\/wp-json\/wp\/v2\/posts\/12543","targetHints":{"allow":["GET"]}}],"collection":[{"href":"https:\/\/dev.centtreize.com\/rsr\/wp-json\/wp\/v2\/posts"}],"about":[{"href":"https:\/\/dev.centtreize.com\/rsr\/wp-json\/wp\/v2\/types\/post"}],"author":[{"embeddable":true,"href":"https:\/\/dev.centtreize.com\/rsr\/wp-json\/wp\/v2\/users\/2"}],"replies":[{"embeddable":true,"href":"https:\/\/dev.centtreize.com\/rsr\/wp-json\/wp\/v2\/comments?post=12543"}],"version-history":[{"count":26,"href":"https:\/\/dev.centtreize.com\/rsr\/wp-json\/wp\/v2\/posts\/12543\/revisions"}],"predecessor-version":[{"id":17688,"href":"https:\/\/dev.centtreize.com\/rsr\/wp-json\/wp\/v2\/posts\/12543\/revisions\/17688"}],"wp:attachment":[{"href":"https:\/\/dev.centtreize.com\/rsr\/wp-json\/wp\/v2\/media?parent=12543"}],"wp:term":[{"taxonomy":"category","embeddable":true,"href":"https:\/\/dev.centtreize.com\/rsr\/wp-json\/wp\/v2\/categories?post=12543"},{"taxonomy":"post_tag","embeddable":true,"href":"https:\/\/dev.centtreize.com\/rsr\/wp-json\/wp\/v2\/tags?post=12543"},{"taxonomy":"keywords","embeddable":true,"href":"https:\/\/dev.centtreize.com\/rsr\/wp-json\/wp\/v2\/keywords?post=12543"}],"curies":[{"name":"wp","href":"https:\/\/api.w.org\/{rel}","templated":true}]}}