{"id":12518,"date":"2020-07-15T00:04:12","date_gmt":"2020-07-14T23:04:12","guid":{"rendered":"http:\/\/www.revue-rsr.com\/?p=12518"},"modified":"2025-06-13T08:06:14","modified_gmt":"2025-06-13T07:06:14","slug":"la-reception-de-loeuvre-de-karl-rahner","status":"publish","type":"post","link":"https:\/\/dev.centtreize.com\/rsr\/article\/la-reception-de-loeuvre-de-karl-rahner\/","title":{"rendered":"La r\u00e9ception de l\u2019\u0153uvre de Karl Rahner"},"content":{"rendered":"<p>La th\u00e9ologie de Karl Rahner s\u2019inscrit dans la tradition de la th\u00e9ologie catholique de l\u2019\u00e9cole j\u00e9suite classique, mais cherche \u00e0 l\u2019\u00e9largir et \u00e0 l\u2019actualiser en d\u00e9multipliant les sources auxquelles il puise et en entrant en dialogue avec la pens\u00e9e contemporaine. La r\u00e9ception de la th\u00e9ologie ainsi mise en \u0153uvre d\u00e9bute dans le cadre universitaire, pour prendre ensuite de l\u2019ampleur dans le d\u00e9bat th\u00e9ologique gr\u00e2ce \u00e0 des publications pertinentes et s\u2019imposer \u00e0 une \u00e9chelle plus large au travers de r\u00e9seaux th\u00e9ologiques (ordres religieux, groupes de travail), de projets au niveau de l\u2019organisation scientifique (lexiques, manuels), mais aussi d\u2019\u00e9crits spirituels. L\u2019\u00e9v\u00e9nement majeur du concile Vatican II la fait conna\u00eetre sur le plan international. L\u2019importance de sa th\u00e9ologie se r\u00e9v\u00e8le \u00e9galement au travers de la recherche internationale sur son \u0153uvre.<\/p>\n","protected":false},"excerpt":{"rendered":"<p>La th\u00e9ologie de Karl Rahner s\u2019inscrit dans la tradition de la th\u00e9ologie catholique de l\u2019\u00e9cole j\u00e9suite classique, mais cherche \u00e0 l\u2019\u00e9largir et \u00e0 l\u2019actualiser en d\u00e9multipliant les sources auxquelles il puise et en entrant en dialogue avec la pens\u00e9e contemporaine. La r\u00e9ception de la th\u00e9ologie ainsi mise en \u0153uvre d\u00e9bute dans le cadre universitaire, pour prendre ensuite de l\u2019ampleur dans le d\u00e9bat th\u00e9ologique gr\u00e2ce \u00e0 des publications pertinentes et s\u2019imposer \u00e0 une \u00e9chelle plus large au travers de r\u00e9seaux th\u00e9ologiques (ordres religieux, groupes de travail), de projets au niveau de l\u2019organisation scientifique (lexiques, manuels), mais aussi d\u2019\u00e9crits spirituels. L\u2019\u00e9v\u00e9nement majeur du concile Vatican II la fait conna\u00eetre sur le plan international. L\u2019importance de sa th\u00e9ologie se r\u00e9v\u00e8le \u00e9galement au travers de la recherche internationale sur son \u0153uvre.<\/p>\n","protected":false},"author":2,"featured_media":0,"comment_status":"closed","ping_status":"closed","sticky":false,"template":"","format":"standard","meta":{"_acf_changed":false,"footnotes":""},"categories":[6],"tags":[648,647,645,293,649,646],"keywords":[1237],"class_list":["post-12518","post","type-post","status-publish","format-standard","hentry","category-article","tag-critique-rahnerienne","tag-ecole-rahnerienne","tag-karl-rahner","tag-reception","tag-recherche-rahnerienne","tag-theologie-de-lecole","keywords-rahner-karl"],"acf":[],"yoast_head":"<!-- This site is optimized with the Yoast SEO plugin v27.2 - https:\/\/yoast.com\/product\/yoast-seo-wordpress\/ -->\n<title>La r\u00e9ception de l\u2019\u0153uvre de Karl Rahner - Recherches de Science Religieuse<\/title>\n<meta name=\"robots\" content=\"index, follow, max-snippet:-1, max-image-preview:large, max-video-preview:-1\" \/>\n<link rel=\"canonical\" href=\"https:\/\/dev.centtreize.com\/rsr\/article\/la-reception-de-loeuvre-de-karl-rahner\/\" \/>\n<meta property=\"og:locale\" content=\"fr_FR\" \/>\n<meta property=\"og:type\" content=\"article\" \/>\n<meta property=\"og:title\" content=\"La r\u00e9ception de l\u2019\u0153uvre de Karl Rahner - Recherches de Science Religieuse\" \/>\n<meta property=\"og:description\" content=\"La th\u00e9ologie de Karl Rahner s\u2019inscrit dans la tradition de la th\u00e9ologie catholique de l\u2019\u00e9cole j\u00e9suite classique, mais cherche \u00e0 l\u2019\u00e9largir et \u00e0 l\u2019actualiser en d\u00e9multipliant les sources auxquelles il puise et en entrant en dialogue avec la pens\u00e9e contemporaine. La r\u00e9ception de la th\u00e9ologie ainsi mise en \u0153uvre d\u00e9bute dans le cadre universitaire, pour prendre ensuite de l\u2019ampleur dans le d\u00e9bat th\u00e9ologique gr\u00e2ce \u00e0 des publications pertinentes et s\u2019imposer \u00e0 une \u00e9chelle plus large au travers de r\u00e9seaux th\u00e9ologiques (ordres religieux, groupes de travail), de projets au niveau de l\u2019organisation scientifique (lexiques, manuels), mais aussi d\u2019\u00e9crits spirituels. L\u2019\u00e9v\u00e9nement majeur du concile Vatican II la fait conna\u00eetre sur le plan international. L\u2019importance de sa th\u00e9ologie se r\u00e9v\u00e8le \u00e9galement au travers de la recherche internationale sur son \u0153uvre.\" \/>\n<meta property=\"og:url\" content=\"https:\/\/dev.centtreize.com\/rsr\/article\/la-reception-de-loeuvre-de-karl-rahner\/\" \/>\n<meta property=\"og:site_name\" content=\"Recherches de Science Religieuse\" \/>\n<meta property=\"article:published_time\" content=\"2020-07-14T23:04:12+00:00\" \/>\n<meta property=\"article:modified_time\" content=\"2025-06-13T07:06:14+00:00\" \/>\n<meta name=\"author\" content=\"H\u00e9l\u00e8ne\" \/>\n<meta name=\"twitter:card\" content=\"summary_large_image\" \/>\n<meta name=\"twitter:label1\" content=\"\u00c9crit par\" \/>\n\t<meta name=\"twitter:data1\" content=\"H\u00e9l\u00e8ne\" \/>\n\t<meta name=\"twitter:label2\" content=\"Dur\u00e9e de lecture estim\u00e9e\" \/>\n\t<meta name=\"twitter:data2\" content=\"1 minute\" \/>\n<script type=\"application\/ld+json\" class=\"yoast-schema-graph\">{\"@context\":\"https:\/\/schema.org\",\"@graph\":[{\"@type\":\"Article\",\"@id\":\"https:\/\/dev.centtreize.com\/rsr\/article\/la-reception-de-loeuvre-de-karl-rahner\/#article\",\"isPartOf\":{\"@id\":\"https:\/\/dev.centtreize.com\/rsr\/article\/la-reception-de-loeuvre-de-karl-rahner\/\"},\"author\":{\"name\":\"H\u00e9l\u00e8ne\",\"@id\":\"https:\/\/dev.centtreize.com\/rsr\/#\/schema\/person\/eb039ce63dcbc3fec0a6b81e43e29ad3\"},\"headline\":\"La r\u00e9ception de l\u2019\u0153uvre de Karl Rahner\",\"datePublished\":\"2020-07-14T23:04:12+00:00\",\"dateModified\":\"2025-06-13T07:06:14+00:00\",\"mainEntityOfPage\":{\"@id\":\"https:\/\/dev.centtreize.com\/rsr\/article\/la-reception-de-loeuvre-de-karl-rahner\/\"},\"wordCount\":160,\"publisher\":{\"@id\":\"https:\/\/dev.centtreize.com\/rsr\/#organization\"},\"keywords\":[\"critique rahn\u00e9rienne\",\"\u00e9cole rahn\u00e9rienne\",\"Karl Rahner\",\"r\u00e9ception\",\"recherche rahn\u00e9rienne\",\"th\u00e9ologie de l\u2019\u00e9cole\"],\"articleSection\":[\"article\"],\"inLanguage\":\"fr-FR\"},{\"@type\":\"WebPage\",\"@id\":\"https:\/\/dev.centtreize.com\/rsr\/article\/la-reception-de-loeuvre-de-karl-rahner\/\",\"url\":\"https:\/\/dev.centtreize.com\/rsr\/article\/la-reception-de-loeuvre-de-karl-rahner\/\",\"name\":\"La r\u00e9ception de l\u2019\u0153uvre de Karl Rahner - Recherches de Science Religieuse\",\"isPartOf\":{\"@id\":\"https:\/\/dev.centtreize.com\/rsr\/#website\"},\"datePublished\":\"2020-07-14T23:04:12+00:00\",\"dateModified\":\"2025-06-13T07:06:14+00:00\",\"breadcrumb\":{\"@id\":\"https:\/\/dev.centtreize.com\/rsr\/article\/la-reception-de-loeuvre-de-karl-rahner\/#breadcrumb\"},\"inLanguage\":\"fr-FR\",\"potentialAction\":[{\"@type\":\"ReadAction\",\"target\":[\"https:\/\/dev.centtreize.com\/rsr\/article\/la-reception-de-loeuvre-de-karl-rahner\/\"]}]},{\"@type\":\"BreadcrumbList\",\"@id\":\"https:\/\/dev.centtreize.com\/rsr\/article\/la-reception-de-loeuvre-de-karl-rahner\/#breadcrumb\",\"itemListElement\":[{\"@type\":\"ListItem\",\"position\":1,\"name\":\"Accueil\",\"item\":\"https:\/\/dev.centtreize.com\/rsr\/\"},{\"@type\":\"ListItem\",\"position\":2,\"name\":\"La r\u00e9ception de l\u2019\u0153uvre de Karl Rahner\"}]},{\"@type\":\"WebSite\",\"@id\":\"https:\/\/dev.centtreize.com\/rsr\/#website\",\"url\":\"https:\/\/dev.centtreize.com\/rsr\/\",\"name\":\"Recherches de Science Religieuse\",\"description\":\"Recherches de Science Religieuse\",\"publisher\":{\"@id\":\"https:\/\/dev.centtreize.com\/rsr\/#organization\"},\"potentialAction\":[{\"@type\":\"SearchAction\",\"target\":{\"@type\":\"EntryPoint\",\"urlTemplate\":\"https:\/\/dev.centtreize.com\/rsr\/?s={search_term_string}\"},\"query-input\":{\"@type\":\"PropertyValueSpecification\",\"valueRequired\":true,\"valueName\":\"search_term_string\"}}],\"inLanguage\":\"fr-FR\"},{\"@type\":\"Organization\",\"@id\":\"https:\/\/dev.centtreize.com\/rsr\/#organization\",\"name\":\"Recherches de Science Religieuse\",\"url\":\"https:\/\/dev.centtreize.com\/rsr\/\",\"logo\":{\"@type\":\"ImageObject\",\"inLanguage\":\"fr-FR\",\"@id\":\"https:\/\/dev.centtreize.com\/rsr\/#\/schema\/logo\/image\/\",\"url\":\"https:\/\/dev.centtreize.com\/rsr\/wp-content\/uploads\/2024\/10\/logo_rsr.png\",\"contentUrl\":\"https:\/\/dev.centtreize.com\/rsr\/wp-content\/uploads\/2024\/10\/logo_rsr.png\",\"width\":300,\"height\":225,\"caption\":\"Recherches de Science Religieuse\"},\"image\":{\"@id\":\"https:\/\/dev.centtreize.com\/rsr\/#\/schema\/logo\/image\/\"}},{\"@type\":\"Person\",\"@id\":\"https:\/\/dev.centtreize.com\/rsr\/#\/schema\/person\/eb039ce63dcbc3fec0a6b81e43e29ad3\",\"name\":\"H\u00e9l\u00e8ne\",\"url\":\"https:\/\/dev.centtreize.com\/rsr\/author\/rsr\/\"}]}<\/script>\n<!-- \/ Yoast SEO plugin. -->","yoast_head_json":{"title":"La r\u00e9ception de l\u2019\u0153uvre de Karl Rahner - Recherches de Science Religieuse","robots":{"index":"index","follow":"follow","max-snippet":"max-snippet:-1","max-image-preview":"max-image-preview:large","max-video-preview":"max-video-preview:-1"},"canonical":"https:\/\/dev.centtreize.com\/rsr\/article\/la-reception-de-loeuvre-de-karl-rahner\/","og_locale":"fr_FR","og_type":"article","og_title":"La r\u00e9ception de l\u2019\u0153uvre de Karl Rahner - Recherches de Science Religieuse","og_description":"La th\u00e9ologie de Karl Rahner s\u2019inscrit dans la tradition de la th\u00e9ologie catholique de l\u2019\u00e9cole j\u00e9suite classique, mais cherche \u00e0 l\u2019\u00e9largir et \u00e0 l\u2019actualiser en d\u00e9multipliant les sources auxquelles il puise et en entrant en dialogue avec la pens\u00e9e contemporaine. La r\u00e9ception de la th\u00e9ologie ainsi mise en \u0153uvre d\u00e9bute dans le cadre universitaire, pour prendre ensuite de l\u2019ampleur dans le d\u00e9bat th\u00e9ologique gr\u00e2ce \u00e0 des publications pertinentes et s\u2019imposer \u00e0 une \u00e9chelle plus large au travers de r\u00e9seaux th\u00e9ologiques (ordres religieux, groupes de travail), de projets au niveau de l\u2019organisation scientifique (lexiques, manuels), mais aussi d\u2019\u00e9crits spirituels. L\u2019\u00e9v\u00e9nement majeur du concile Vatican II la fait conna\u00eetre sur le plan international. L\u2019importance de sa th\u00e9ologie se r\u00e9v\u00e8le \u00e9galement au travers de la recherche internationale sur son \u0153uvre.","og_url":"https:\/\/dev.centtreize.com\/rsr\/article\/la-reception-de-loeuvre-de-karl-rahner\/","og_site_name":"Recherches de Science Religieuse","article_published_time":"2020-07-14T23:04:12+00:00","article_modified_time":"2025-06-13T07:06:14+00:00","author":"H\u00e9l\u00e8ne","twitter_card":"summary_large_image","twitter_misc":{"\u00c9crit par":"H\u00e9l\u00e8ne","Dur\u00e9e de lecture estim\u00e9e":"1 minute"},"schema":{"@context":"https:\/\/schema.org","@graph":[{"@type":"Article","@id":"https:\/\/dev.centtreize.com\/rsr\/article\/la-reception-de-loeuvre-de-karl-rahner\/#article","isPartOf":{"@id":"https:\/\/dev.centtreize.com\/rsr\/article\/la-reception-de-loeuvre-de-karl-rahner\/"},"author":{"name":"H\u00e9l\u00e8ne","@id":"https:\/\/dev.centtreize.com\/rsr\/#\/schema\/person\/eb039ce63dcbc3fec0a6b81e43e29ad3"},"headline":"La r\u00e9ception de l\u2019\u0153uvre de Karl Rahner","datePublished":"2020-07-14T23:04:12+00:00","dateModified":"2025-06-13T07:06:14+00:00","mainEntityOfPage":{"@id":"https:\/\/dev.centtreize.com\/rsr\/article\/la-reception-de-loeuvre-de-karl-rahner\/"},"wordCount":160,"publisher":{"@id":"https:\/\/dev.centtreize.com\/rsr\/#organization"},"keywords":["critique rahn\u00e9rienne","\u00e9cole rahn\u00e9rienne","Karl Rahner","r\u00e9ception","recherche rahn\u00e9rienne","th\u00e9ologie de l\u2019\u00e9cole"],"articleSection":["article"],"inLanguage":"fr-FR"},{"@type":"WebPage","@id":"https:\/\/dev.centtreize.com\/rsr\/article\/la-reception-de-loeuvre-de-karl-rahner\/","url":"https:\/\/dev.centtreize.com\/rsr\/article\/la-reception-de-loeuvre-de-karl-rahner\/","name":"La r\u00e9ception de l\u2019\u0153uvre de Karl Rahner - Recherches de Science Religieuse","isPartOf":{"@id":"https:\/\/dev.centtreize.com\/rsr\/#website"},"datePublished":"2020-07-14T23:04:12+00:00","dateModified":"2025-06-13T07:06:14+00:00","breadcrumb":{"@id":"https:\/\/dev.centtreize.com\/rsr\/article\/la-reception-de-loeuvre-de-karl-rahner\/#breadcrumb"},"inLanguage":"fr-FR","potentialAction":[{"@type":"ReadAction","target":["https:\/\/dev.centtreize.com\/rsr\/article\/la-reception-de-loeuvre-de-karl-rahner\/"]}]},{"@type":"BreadcrumbList","@id":"https:\/\/dev.centtreize.com\/rsr\/article\/la-reception-de-loeuvre-de-karl-rahner\/#breadcrumb","itemListElement":[{"@type":"ListItem","position":1,"name":"Accueil","item":"https:\/\/dev.centtreize.com\/rsr\/"},{"@type":"ListItem","position":2,"name":"La r\u00e9ception de l\u2019\u0153uvre de Karl Rahner"}]},{"@type":"WebSite","@id":"https:\/\/dev.centtreize.com\/rsr\/#website","url":"https:\/\/dev.centtreize.com\/rsr\/","name":"Recherches de Science Religieuse","description":"Recherches de Science Religieuse","publisher":{"@id":"https:\/\/dev.centtreize.com\/rsr\/#organization"},"potentialAction":[{"@type":"SearchAction","target":{"@type":"EntryPoint","urlTemplate":"https:\/\/dev.centtreize.com\/rsr\/?s={search_term_string}"},"query-input":{"@type":"PropertyValueSpecification","valueRequired":true,"valueName":"search_term_string"}}],"inLanguage":"fr-FR"},{"@type":"Organization","@id":"https:\/\/dev.centtreize.com\/rsr\/#organization","name":"Recherches de Science Religieuse","url":"https:\/\/dev.centtreize.com\/rsr\/","logo":{"@type":"ImageObject","inLanguage":"fr-FR","@id":"https:\/\/dev.centtreize.com\/rsr\/#\/schema\/logo\/image\/","url":"https:\/\/dev.centtreize.com\/rsr\/wp-content\/uploads\/2024\/10\/logo_rsr.png","contentUrl":"https:\/\/dev.centtreize.com\/rsr\/wp-content\/uploads\/2024\/10\/logo_rsr.png","width":300,"height":225,"caption":"Recherches de Science Religieuse"},"image":{"@id":"https:\/\/dev.centtreize.com\/rsr\/#\/schema\/logo\/image\/"}},{"@type":"Person","@id":"https:\/\/dev.centtreize.com\/rsr\/#\/schema\/person\/eb039ce63dcbc3fec0a6b81e43e29ad3","name":"H\u00e9l\u00e8ne","url":"https:\/\/dev.centtreize.com\/rsr\/author\/rsr\/"}]}},"_links":{"self":[{"href":"https:\/\/dev.centtreize.com\/rsr\/wp-json\/wp\/v2\/posts\/12518","targetHints":{"allow":["GET"]}}],"collection":[{"href":"https:\/\/dev.centtreize.com\/rsr\/wp-json\/wp\/v2\/posts"}],"about":[{"href":"https:\/\/dev.centtreize.com\/rsr\/wp-json\/wp\/v2\/types\/post"}],"author":[{"embeddable":true,"href":"https:\/\/dev.centtreize.com\/rsr\/wp-json\/wp\/v2\/users\/2"}],"replies":[{"embeddable":true,"href":"https:\/\/dev.centtreize.com\/rsr\/wp-json\/wp\/v2\/comments?post=12518"}],"version-history":[{"count":13,"href":"https:\/\/dev.centtreize.com\/rsr\/wp-json\/wp\/v2\/posts\/12518\/revisions"}],"predecessor-version":[{"id":17686,"href":"https:\/\/dev.centtreize.com\/rsr\/wp-json\/wp\/v2\/posts\/12518\/revisions\/17686"}],"wp:attachment":[{"href":"https:\/\/dev.centtreize.com\/rsr\/wp-json\/wp\/v2\/media?parent=12518"}],"wp:term":[{"taxonomy":"category","embeddable":true,"href":"https:\/\/dev.centtreize.com\/rsr\/wp-json\/wp\/v2\/categories?post=12518"},{"taxonomy":"post_tag","embeddable":true,"href":"https:\/\/dev.centtreize.com\/rsr\/wp-json\/wp\/v2\/tags?post=12518"},{"taxonomy":"keywords","embeddable":true,"href":"https:\/\/dev.centtreize.com\/rsr\/wp-json\/wp\/v2\/keywords?post=12518"}],"curies":[{"name":"wp","href":"https:\/\/api.w.org\/{rel}","templated":true}]}}