{"id":12321,"date":"2020-01-15T05:09:03","date_gmt":"2020-01-15T04:09:03","guid":{"rendered":"http:\/\/www.revue-rsr.com\/?p=12321"},"modified":"2025-06-13T08:04:45","modified_gmt":"2025-06-13T07:04:45","slug":"le-temps-de-lexistence-et-le-sens-de-lhistoire-dans-lapocalypse-de-jean","status":"publish","type":"post","link":"https:\/\/dev.centtreize.com\/rsr\/article\/le-temps-de-lexistence-et-le-sens-de-lhistoire-dans-lapocalypse-de-jean\/","title":{"rendered":"Le temps de l\u2019existence et le sens de l\u2019histoire dans l\u2019Apocalypse de Jean"},"content":{"rendered":"<p>Le livre de l\u2019Apocalypse est l\u2019un des tr\u00e8s grands textes de l\u2019humanit\u00e9. Par le relais d\u2019utopistes mais surtout d\u2019artistes, aux moments de graves crises sociales, sa voix n\u2019a cess\u00e9 de retentir dans l\u2019histoire. Adoptant le langage du mythe, apte \u00e0 traverser si\u00e8cles et cultures, elle \u00e9nonce un diagnostic profond des maux structurels de l\u2019homme et de l\u2019humanit\u00e9, l\u2019existence n\u2019\u00e9tant qu\u2019une succession de s\u00e9quences de survie. D\u2019o\u00f9 l\u2019annonce des conditions m\u00eames de la vie, et l\u2019offre \u00e0 chacun des humains de l\u2019infaillible espoir de l\u2019av\u00e8nement de celle-ci. Voil\u00e0 ce que&nbsp;\u00ab&nbsp;r\u00e9v\u00e8le&nbsp;\u00bb ce fascinant \u00e9crit \u00e0 l\u2019optimisme paradoxal\u00a0: en grec, apokalupsis,&nbsp;\u00ab&nbsp;r\u00e9v\u00e9lation&nbsp;\u00bb.<\/p>\n","protected":false},"excerpt":{"rendered":"<p>Le livre de l\u2019Apocalypse est l\u2019un des tr\u00e8s grands textes de l\u2019humanit\u00e9. Par le relais d\u2019utopistes mais surtout d\u2019artistes, aux moments de graves crises sociales, sa voix n\u2019a cess\u00e9 de retentir dans l\u2019histoire. Adoptant le langage du mythe, apte \u00e0 traverser si\u00e8cles et cultures, elle \u00e9nonce un diagnostic profond des maux structurels de l\u2019homme et de l\u2019humanit\u00e9, l\u2019existence n\u2019\u00e9tant qu\u2019une succession de s\u00e9quences de survie. D\u2019o\u00f9 l\u2019annonce des conditions m\u00eames de la vie, et l\u2019offre \u00e0 chacun des humains de l\u2019infaillible espoir de l\u2019av\u00e8nement de celle-ci. Voil\u00e0 ce que&nbsp;\u00ab&nbsp;r\u00e9v\u00e8le&nbsp;\u00bb ce fascinant \u00e9crit \u00e0 l\u2019optimisme paradoxal\u00a0: en grec, apokalupsis,&nbsp;\u00ab&nbsp;r\u00e9v\u00e9lation&nbsp;\u00bb.<\/p>\n","protected":false},"author":2,"featured_media":0,"comment_status":"closed","ping_status":"closed","sticky":false,"template":"","format":"standard","meta":{"_acf_changed":false,"footnotes":""},"categories":[6],"tags":[605,606,610,385,121,98,597,607,608,609],"keywords":[1147,1122,1240],"class_list":["post-12321","post","type-post","status-publish","format-standard","hentry","category-article","tag-antechrist","tag-au-dela","tag-epreuve","tag-esperance","tag-existence","tag-mythe","tag-parousie","tag-patience","tag-temoin","tag-transfiguration","keywords-apocalypse","keywords-histoire","keywords-mythe"],"acf":[],"yoast_head":"<!-- This site is optimized with the Yoast SEO plugin v27.2 - https:\/\/yoast.com\/product\/yoast-seo-wordpress\/ -->\n<title>Le temps de l\u2019existence et le sens de l\u2019histoire dans l\u2019Apocalypse de Jean - Recherches de Science Religieuse<\/title>\n<meta name=\"robots\" content=\"index, follow, max-snippet:-1, max-image-preview:large, max-video-preview:-1\" \/>\n<link rel=\"canonical\" href=\"https:\/\/dev.centtreize.com\/rsr\/article\/le-temps-de-lexistence-et-le-sens-de-lhistoire-dans-lapocalypse-de-jean\/\" \/>\n<meta property=\"og:locale\" content=\"fr_FR\" \/>\n<meta property=\"og:type\" content=\"article\" \/>\n<meta property=\"og:title\" content=\"Le temps de l\u2019existence et le sens de l\u2019histoire dans l\u2019Apocalypse de Jean - Recherches de Science Religieuse\" \/>\n<meta property=\"og:description\" content=\"Le livre de l\u2019Apocalypse est l\u2019un des tr\u00e8s grands textes de l\u2019humanit\u00e9. Par le relais d\u2019utopistes mais surtout d\u2019artistes, aux moments de graves crises sociales, sa voix n\u2019a cess\u00e9 de retentir dans l\u2019histoire. Adoptant le langage du mythe, apte \u00e0 traverser si\u00e8cles et cultures, elle \u00e9nonce un diagnostic profond des maux structurels de l\u2019homme et de l\u2019humanit\u00e9, l\u2019existence n\u2019\u00e9tant qu\u2019une succession de s\u00e9quences de survie. D\u2019o\u00f9 l\u2019annonce des conditions m\u00eames de la vie, et l\u2019offre \u00e0 chacun des humains de l\u2019infaillible espoir de l\u2019av\u00e8nement de celle-ci. Voil\u00e0 ce que&nbsp;\u00ab&nbsp;r\u00e9v\u00e8le&nbsp;\u00bb ce fascinant \u00e9crit \u00e0 l\u2019optimisme paradoxal\u00a0: en grec, apokalupsis,&nbsp;\u00ab&nbsp;r\u00e9v\u00e9lation&nbsp;\u00bb.\" \/>\n<meta property=\"og:url\" content=\"https:\/\/dev.centtreize.com\/rsr\/article\/le-temps-de-lexistence-et-le-sens-de-lhistoire-dans-lapocalypse-de-jean\/\" \/>\n<meta property=\"og:site_name\" content=\"Recherches de Science Religieuse\" \/>\n<meta property=\"article:published_time\" content=\"2020-01-15T04:09:03+00:00\" \/>\n<meta property=\"article:modified_time\" content=\"2025-06-13T07:04:45+00:00\" \/>\n<meta name=\"author\" content=\"H\u00e9l\u00e8ne\" \/>\n<meta name=\"twitter:card\" content=\"summary_large_image\" \/>\n<meta name=\"twitter:label1\" content=\"\u00c9crit par\" \/>\n\t<meta name=\"twitter:data1\" content=\"H\u00e9l\u00e8ne\" \/>\n\t<meta name=\"twitter:label2\" content=\"Dur\u00e9e de lecture estim\u00e9e\" \/>\n\t<meta name=\"twitter:data2\" content=\"1 minute\" \/>\n<script type=\"application\/ld+json\" class=\"yoast-schema-graph\">{\"@context\":\"https:\/\/schema.org\",\"@graph\":[{\"@type\":\"Article\",\"@id\":\"https:\/\/dev.centtreize.com\/rsr\/article\/le-temps-de-lexistence-et-le-sens-de-lhistoire-dans-lapocalypse-de-jean\/#article\",\"isPartOf\":{\"@id\":\"https:\/\/dev.centtreize.com\/rsr\/article\/le-temps-de-lexistence-et-le-sens-de-lhistoire-dans-lapocalypse-de-jean\/\"},\"author\":{\"name\":\"H\u00e9l\u00e8ne\",\"@id\":\"https:\/\/dev.centtreize.com\/rsr\/#\/schema\/person\/eb039ce63dcbc3fec0a6b81e43e29ad3\"},\"headline\":\"Le temps de l\u2019existence et le sens de l\u2019histoire dans l\u2019Apocalypse de Jean\",\"datePublished\":\"2020-01-15T04:09:03+00:00\",\"dateModified\":\"2025-06-13T07:04:45+00:00\",\"mainEntityOfPage\":{\"@id\":\"https:\/\/dev.centtreize.com\/rsr\/article\/le-temps-de-lexistence-et-le-sens-de-lhistoire-dans-lapocalypse-de-jean\/\"},\"wordCount\":140,\"publisher\":{\"@id\":\"https:\/\/dev.centtreize.com\/rsr\/#organization\"},\"keywords\":[\"Ant\u00e9christ\",\"Au-del\u00e0\",\"Epreuve\",\"esp\u00e9rance\",\"existence\",\"mythe\",\"Parousie\",\"Patience\",\"T\u00e9moin\",\"Transfiguration\"],\"articleSection\":[\"article\"],\"inLanguage\":\"fr-FR\"},{\"@type\":\"WebPage\",\"@id\":\"https:\/\/dev.centtreize.com\/rsr\/article\/le-temps-de-lexistence-et-le-sens-de-lhistoire-dans-lapocalypse-de-jean\/\",\"url\":\"https:\/\/dev.centtreize.com\/rsr\/article\/le-temps-de-lexistence-et-le-sens-de-lhistoire-dans-lapocalypse-de-jean\/\",\"name\":\"Le temps de l\u2019existence et le sens de l\u2019histoire dans l\u2019Apocalypse de Jean - Recherches de Science Religieuse\",\"isPartOf\":{\"@id\":\"https:\/\/dev.centtreize.com\/rsr\/#website\"},\"datePublished\":\"2020-01-15T04:09:03+00:00\",\"dateModified\":\"2025-06-13T07:04:45+00:00\",\"breadcrumb\":{\"@id\":\"https:\/\/dev.centtreize.com\/rsr\/article\/le-temps-de-lexistence-et-le-sens-de-lhistoire-dans-lapocalypse-de-jean\/#breadcrumb\"},\"inLanguage\":\"fr-FR\",\"potentialAction\":[{\"@type\":\"ReadAction\",\"target\":[\"https:\/\/dev.centtreize.com\/rsr\/article\/le-temps-de-lexistence-et-le-sens-de-lhistoire-dans-lapocalypse-de-jean\/\"]}]},{\"@type\":\"BreadcrumbList\",\"@id\":\"https:\/\/dev.centtreize.com\/rsr\/article\/le-temps-de-lexistence-et-le-sens-de-lhistoire-dans-lapocalypse-de-jean\/#breadcrumb\",\"itemListElement\":[{\"@type\":\"ListItem\",\"position\":1,\"name\":\"Accueil\",\"item\":\"https:\/\/dev.centtreize.com\/rsr\/\"},{\"@type\":\"ListItem\",\"position\":2,\"name\":\"Le temps de l\u2019existence et le sens de l\u2019histoire dans l\u2019Apocalypse de Jean\"}]},{\"@type\":\"WebSite\",\"@id\":\"https:\/\/dev.centtreize.com\/rsr\/#website\",\"url\":\"https:\/\/dev.centtreize.com\/rsr\/\",\"name\":\"Recherches de Science Religieuse\",\"description\":\"Recherches de Science Religieuse\",\"publisher\":{\"@id\":\"https:\/\/dev.centtreize.com\/rsr\/#organization\"},\"potentialAction\":[{\"@type\":\"SearchAction\",\"target\":{\"@type\":\"EntryPoint\",\"urlTemplate\":\"https:\/\/dev.centtreize.com\/rsr\/?s={search_term_string}\"},\"query-input\":{\"@type\":\"PropertyValueSpecification\",\"valueRequired\":true,\"valueName\":\"search_term_string\"}}],\"inLanguage\":\"fr-FR\"},{\"@type\":\"Organization\",\"@id\":\"https:\/\/dev.centtreize.com\/rsr\/#organization\",\"name\":\"Recherches de Science Religieuse\",\"url\":\"https:\/\/dev.centtreize.com\/rsr\/\",\"logo\":{\"@type\":\"ImageObject\",\"inLanguage\":\"fr-FR\",\"@id\":\"https:\/\/dev.centtreize.com\/rsr\/#\/schema\/logo\/image\/\",\"url\":\"https:\/\/dev.centtreize.com\/rsr\/wp-content\/uploads\/2024\/10\/logo_rsr.png\",\"contentUrl\":\"https:\/\/dev.centtreize.com\/rsr\/wp-content\/uploads\/2024\/10\/logo_rsr.png\",\"width\":300,\"height\":225,\"caption\":\"Recherches de Science Religieuse\"},\"image\":{\"@id\":\"https:\/\/dev.centtreize.com\/rsr\/#\/schema\/logo\/image\/\"}},{\"@type\":\"Person\",\"@id\":\"https:\/\/dev.centtreize.com\/rsr\/#\/schema\/person\/eb039ce63dcbc3fec0a6b81e43e29ad3\",\"name\":\"H\u00e9l\u00e8ne\",\"url\":\"https:\/\/dev.centtreize.com\/rsr\/author\/rsr\/\"}]}<\/script>\n<!-- \/ Yoast SEO plugin. -->","yoast_head_json":{"title":"Le temps de l\u2019existence et le sens de l\u2019histoire dans l\u2019Apocalypse de Jean - Recherches de Science Religieuse","robots":{"index":"index","follow":"follow","max-snippet":"max-snippet:-1","max-image-preview":"max-image-preview:large","max-video-preview":"max-video-preview:-1"},"canonical":"https:\/\/dev.centtreize.com\/rsr\/article\/le-temps-de-lexistence-et-le-sens-de-lhistoire-dans-lapocalypse-de-jean\/","og_locale":"fr_FR","og_type":"article","og_title":"Le temps de l\u2019existence et le sens de l\u2019histoire dans l\u2019Apocalypse de Jean - Recherches de Science Religieuse","og_description":"Le livre de l\u2019Apocalypse est l\u2019un des tr\u00e8s grands textes de l\u2019humanit\u00e9. Par le relais d\u2019utopistes mais surtout d\u2019artistes, aux moments de graves crises sociales, sa voix n\u2019a cess\u00e9 de retentir dans l\u2019histoire. Adoptant le langage du mythe, apte \u00e0 traverser si\u00e8cles et cultures, elle \u00e9nonce un diagnostic profond des maux structurels de l\u2019homme et de l\u2019humanit\u00e9, l\u2019existence n\u2019\u00e9tant qu\u2019une succession de s\u00e9quences de survie. D\u2019o\u00f9 l\u2019annonce des conditions m\u00eames de la vie, et l\u2019offre \u00e0 chacun des humains de l\u2019infaillible espoir de l\u2019av\u00e8nement de celle-ci. Voil\u00e0 ce que&nbsp;\u00ab&nbsp;r\u00e9v\u00e8le&nbsp;\u00bb ce fascinant \u00e9crit \u00e0 l\u2019optimisme paradoxal\u00a0: en grec, apokalupsis,&nbsp;\u00ab&nbsp;r\u00e9v\u00e9lation&nbsp;\u00bb.","og_url":"https:\/\/dev.centtreize.com\/rsr\/article\/le-temps-de-lexistence-et-le-sens-de-lhistoire-dans-lapocalypse-de-jean\/","og_site_name":"Recherches de Science Religieuse","article_published_time":"2020-01-15T04:09:03+00:00","article_modified_time":"2025-06-13T07:04:45+00:00","author":"H\u00e9l\u00e8ne","twitter_card":"summary_large_image","twitter_misc":{"\u00c9crit par":"H\u00e9l\u00e8ne","Dur\u00e9e de lecture estim\u00e9e":"1 minute"},"schema":{"@context":"https:\/\/schema.org","@graph":[{"@type":"Article","@id":"https:\/\/dev.centtreize.com\/rsr\/article\/le-temps-de-lexistence-et-le-sens-de-lhistoire-dans-lapocalypse-de-jean\/#article","isPartOf":{"@id":"https:\/\/dev.centtreize.com\/rsr\/article\/le-temps-de-lexistence-et-le-sens-de-lhistoire-dans-lapocalypse-de-jean\/"},"author":{"name":"H\u00e9l\u00e8ne","@id":"https:\/\/dev.centtreize.com\/rsr\/#\/schema\/person\/eb039ce63dcbc3fec0a6b81e43e29ad3"},"headline":"Le temps de l\u2019existence et le sens de l\u2019histoire dans l\u2019Apocalypse de Jean","datePublished":"2020-01-15T04:09:03+00:00","dateModified":"2025-06-13T07:04:45+00:00","mainEntityOfPage":{"@id":"https:\/\/dev.centtreize.com\/rsr\/article\/le-temps-de-lexistence-et-le-sens-de-lhistoire-dans-lapocalypse-de-jean\/"},"wordCount":140,"publisher":{"@id":"https:\/\/dev.centtreize.com\/rsr\/#organization"},"keywords":["Ant\u00e9christ","Au-del\u00e0","Epreuve","esp\u00e9rance","existence","mythe","Parousie","Patience","T\u00e9moin","Transfiguration"],"articleSection":["article"],"inLanguage":"fr-FR"},{"@type":"WebPage","@id":"https:\/\/dev.centtreize.com\/rsr\/article\/le-temps-de-lexistence-et-le-sens-de-lhistoire-dans-lapocalypse-de-jean\/","url":"https:\/\/dev.centtreize.com\/rsr\/article\/le-temps-de-lexistence-et-le-sens-de-lhistoire-dans-lapocalypse-de-jean\/","name":"Le temps de l\u2019existence et le sens de l\u2019histoire dans l\u2019Apocalypse de Jean - Recherches de Science Religieuse","isPartOf":{"@id":"https:\/\/dev.centtreize.com\/rsr\/#website"},"datePublished":"2020-01-15T04:09:03+00:00","dateModified":"2025-06-13T07:04:45+00:00","breadcrumb":{"@id":"https:\/\/dev.centtreize.com\/rsr\/article\/le-temps-de-lexistence-et-le-sens-de-lhistoire-dans-lapocalypse-de-jean\/#breadcrumb"},"inLanguage":"fr-FR","potentialAction":[{"@type":"ReadAction","target":["https:\/\/dev.centtreize.com\/rsr\/article\/le-temps-de-lexistence-et-le-sens-de-lhistoire-dans-lapocalypse-de-jean\/"]}]},{"@type":"BreadcrumbList","@id":"https:\/\/dev.centtreize.com\/rsr\/article\/le-temps-de-lexistence-et-le-sens-de-lhistoire-dans-lapocalypse-de-jean\/#breadcrumb","itemListElement":[{"@type":"ListItem","position":1,"name":"Accueil","item":"https:\/\/dev.centtreize.com\/rsr\/"},{"@type":"ListItem","position":2,"name":"Le temps de l\u2019existence et le sens de l\u2019histoire dans l\u2019Apocalypse de Jean"}]},{"@type":"WebSite","@id":"https:\/\/dev.centtreize.com\/rsr\/#website","url":"https:\/\/dev.centtreize.com\/rsr\/","name":"Recherches de Science Religieuse","description":"Recherches de Science Religieuse","publisher":{"@id":"https:\/\/dev.centtreize.com\/rsr\/#organization"},"potentialAction":[{"@type":"SearchAction","target":{"@type":"EntryPoint","urlTemplate":"https:\/\/dev.centtreize.com\/rsr\/?s={search_term_string}"},"query-input":{"@type":"PropertyValueSpecification","valueRequired":true,"valueName":"search_term_string"}}],"inLanguage":"fr-FR"},{"@type":"Organization","@id":"https:\/\/dev.centtreize.com\/rsr\/#organization","name":"Recherches de Science Religieuse","url":"https:\/\/dev.centtreize.com\/rsr\/","logo":{"@type":"ImageObject","inLanguage":"fr-FR","@id":"https:\/\/dev.centtreize.com\/rsr\/#\/schema\/logo\/image\/","url":"https:\/\/dev.centtreize.com\/rsr\/wp-content\/uploads\/2024\/10\/logo_rsr.png","contentUrl":"https:\/\/dev.centtreize.com\/rsr\/wp-content\/uploads\/2024\/10\/logo_rsr.png","width":300,"height":225,"caption":"Recherches de Science Religieuse"},"image":{"@id":"https:\/\/dev.centtreize.com\/rsr\/#\/schema\/logo\/image\/"}},{"@type":"Person","@id":"https:\/\/dev.centtreize.com\/rsr\/#\/schema\/person\/eb039ce63dcbc3fec0a6b81e43e29ad3","name":"H\u00e9l\u00e8ne","url":"https:\/\/dev.centtreize.com\/rsr\/author\/rsr\/"}]}},"_links":{"self":[{"href":"https:\/\/dev.centtreize.com\/rsr\/wp-json\/wp\/v2\/posts\/12321","targetHints":{"allow":["GET"]}}],"collection":[{"href":"https:\/\/dev.centtreize.com\/rsr\/wp-json\/wp\/v2\/posts"}],"about":[{"href":"https:\/\/dev.centtreize.com\/rsr\/wp-json\/wp\/v2\/types\/post"}],"author":[{"embeddable":true,"href":"https:\/\/dev.centtreize.com\/rsr\/wp-json\/wp\/v2\/users\/2"}],"replies":[{"embeddable":true,"href":"https:\/\/dev.centtreize.com\/rsr\/wp-json\/wp\/v2\/comments?post=12321"}],"version-history":[{"count":10,"href":"https:\/\/dev.centtreize.com\/rsr\/wp-json\/wp\/v2\/posts\/12321\/revisions"}],"predecessor-version":[{"id":17676,"href":"https:\/\/dev.centtreize.com\/rsr\/wp-json\/wp\/v2\/posts\/12321\/revisions\/17676"}],"wp:attachment":[{"href":"https:\/\/dev.centtreize.com\/rsr\/wp-json\/wp\/v2\/media?parent=12321"}],"wp:term":[{"taxonomy":"category","embeddable":true,"href":"https:\/\/dev.centtreize.com\/rsr\/wp-json\/wp\/v2\/categories?post=12321"},{"taxonomy":"post_tag","embeddable":true,"href":"https:\/\/dev.centtreize.com\/rsr\/wp-json\/wp\/v2\/tags?post=12321"},{"taxonomy":"keywords","embeddable":true,"href":"https:\/\/dev.centtreize.com\/rsr\/wp-json\/wp\/v2\/keywords?post=12321"}],"curies":[{"name":"wp","href":"https:\/\/api.w.org\/{rel}","templated":true}]}}