{"id":12281,"date":"2020-01-15T05:06:24","date_gmt":"2020-01-15T04:06:24","guid":{"rendered":"http:\/\/www.revue-rsr.com\/?p=12281"},"modified":"2025-06-13T08:04:17","modified_gmt":"2025-06-13T07:04:17","slug":"la-chute-de-rome-une-rupture-dans-le-rapport-au-temps-et-a-lhistoire","status":"publish","type":"post","link":"https:\/\/dev.centtreize.com\/rsr\/article\/la-chute-de-rome-une-rupture-dans-le-rapport-au-temps-et-a-lhistoire\/","title":{"rendered":"La chute de Rome, une rupture dans le rapport au temps et \u00e0 l\u2019histoire ?"},"content":{"rendered":"<p>La chute de Rome semble marquer un tournant inexorable dans le rapport au temps et \u00e0 l\u2019histoire. Mais, plus que la fin du monde, n\u2019est-ce pas la fin d\u2019un monde\u00a0? En \u00e9crivant la Cit\u00e9 de Dieu, saint Augustin devra se situer tout \u00e0 la fois vis-\u00e0-vis des pa\u00efens qui accus\u00e8rent les chr\u00e9tiens d\u2019\u00eatre responsables de ce d\u00e9sastre et des chr\u00e9tiens d\u00e9sempar\u00e9s par l\u2019invasion barbare. Ne peut-on pas y voir, en reprenant Hannah Arendt, un commencement, qui, selon ses propres termes, appara\u00eet toujours comme un miracle\u00a0?<\/p>\n","protected":false},"excerpt":{"rendered":"<p>La chute de Rome semble marquer un tournant inexorable dans le rapport au temps et \u00e0 l\u2019histoire. Mais, plus que la fin du monde, n\u2019est-ce pas la fin d\u2019un monde\u00a0? En \u00e9crivant la Cit\u00e9 de Dieu, saint Augustin devra se situer tout \u00e0 la fois vis-\u00e0-vis des pa\u00efens qui accus\u00e8rent les chr\u00e9tiens d\u2019\u00eatre responsables de ce d\u00e9sastre et des chr\u00e9tiens d\u00e9sempar\u00e9s par l\u2019invasion barbare. Ne peut-on pas y voir, en reprenant Hannah Arendt, un commencement, qui, selon ses propres termes, appara\u00eet toujours comme un miracle\u00a0?<\/p>\n","protected":false},"author":2,"featured_media":0,"comment_status":"closed","ping_status":"closed","sticky":false,"template":"","format":"standard","meta":{"_acf_changed":false,"footnotes":""},"categories":[6],"tags":[153,588,589,584,47,586,590,587,585],"keywords":[1239,1122],"class_list":["post-12281","post","type-post","status-publish","format-standard","hentry","category-article","tag-augustin","tag-christianisme-antique","tag-cite-de-dieu","tag-hannah-arendt","tag-histoire","tag-invasions-barbares","tag-paganisme","tag-rome","tag-temps","keywords-augustin","keywords-histoire"],"acf":[],"yoast_head":"<!-- This site is optimized with the Yoast SEO plugin v27.2 - https:\/\/yoast.com\/product\/yoast-seo-wordpress\/ -->\n<title>La chute de Rome, une rupture dans le rapport au temps et \u00e0 l\u2019histoire ? - Recherches de Science Religieuse<\/title>\n<meta name=\"robots\" content=\"index, follow, max-snippet:-1, max-image-preview:large, max-video-preview:-1\" \/>\n<link rel=\"canonical\" href=\"https:\/\/dev.centtreize.com\/rsr\/article\/la-chute-de-rome-une-rupture-dans-le-rapport-au-temps-et-a-lhistoire\/\" \/>\n<meta property=\"og:locale\" content=\"fr_FR\" \/>\n<meta property=\"og:type\" content=\"article\" \/>\n<meta property=\"og:title\" content=\"La chute de Rome, une rupture dans le rapport au temps et \u00e0 l\u2019histoire ? - Recherches de Science Religieuse\" \/>\n<meta property=\"og:description\" content=\"La chute de Rome semble marquer un tournant inexorable dans le rapport au temps et \u00e0 l\u2019histoire. Mais, plus que la fin du monde, n\u2019est-ce pas la fin d\u2019un monde\u00a0? En \u00e9crivant la Cit\u00e9 de Dieu, saint Augustin devra se situer tout \u00e0 la fois vis-\u00e0-vis des pa\u00efens qui accus\u00e8rent les chr\u00e9tiens d\u2019\u00eatre responsables de ce d\u00e9sastre et des chr\u00e9tiens d\u00e9sempar\u00e9s par l\u2019invasion barbare. Ne peut-on pas y voir, en reprenant Hannah Arendt, un commencement, qui, selon ses propres termes, appara\u00eet toujours comme un miracle\u00a0?\" \/>\n<meta property=\"og:url\" content=\"https:\/\/dev.centtreize.com\/rsr\/article\/la-chute-de-rome-une-rupture-dans-le-rapport-au-temps-et-a-lhistoire\/\" \/>\n<meta property=\"og:site_name\" content=\"Recherches de Science Religieuse\" \/>\n<meta property=\"article:published_time\" content=\"2020-01-15T04:06:24+00:00\" \/>\n<meta property=\"article:modified_time\" content=\"2025-06-13T07:04:17+00:00\" \/>\n<meta name=\"author\" content=\"H\u00e9l\u00e8ne\" \/>\n<meta name=\"twitter:card\" content=\"summary_large_image\" \/>\n<meta name=\"twitter:label1\" content=\"\u00c9crit par\" \/>\n\t<meta name=\"twitter:data1\" content=\"H\u00e9l\u00e8ne\" \/>\n<script type=\"application\/ld+json\" class=\"yoast-schema-graph\">{\"@context\":\"https:\/\/schema.org\",\"@graph\":[{\"@type\":\"Article\",\"@id\":\"https:\/\/dev.centtreize.com\/rsr\/article\/la-chute-de-rome-une-rupture-dans-le-rapport-au-temps-et-a-lhistoire\/#article\",\"isPartOf\":{\"@id\":\"https:\/\/dev.centtreize.com\/rsr\/article\/la-chute-de-rome-une-rupture-dans-le-rapport-au-temps-et-a-lhistoire\/\"},\"author\":{\"name\":\"H\u00e9l\u00e8ne\",\"@id\":\"https:\/\/dev.centtreize.com\/rsr\/#\/schema\/person\/eb039ce63dcbc3fec0a6b81e43e29ad3\"},\"headline\":\"La chute de Rome, une rupture dans le rapport au temps et \u00e0 l\u2019histoire ?\",\"datePublished\":\"2020-01-15T04:06:24+00:00\",\"dateModified\":\"2025-06-13T07:04:17+00:00\",\"mainEntityOfPage\":{\"@id\":\"https:\/\/dev.centtreize.com\/rsr\/article\/la-chute-de-rome-une-rupture-dans-le-rapport-au-temps-et-a-lhistoire\/\"},\"wordCount\":111,\"publisher\":{\"@id\":\"https:\/\/dev.centtreize.com\/rsr\/#organization\"},\"keywords\":[\"Augustin\",\"christianisme antique\",\"Cit\u00e9 de Dieu\",\"Hannah Arendt\",\"histoire\",\"invasions barbares\",\"paganisme\",\"Rome\",\"Temps\"],\"articleSection\":[\"article\"],\"inLanguage\":\"fr-FR\"},{\"@type\":\"WebPage\",\"@id\":\"https:\/\/dev.centtreize.com\/rsr\/article\/la-chute-de-rome-une-rupture-dans-le-rapport-au-temps-et-a-lhistoire\/\",\"url\":\"https:\/\/dev.centtreize.com\/rsr\/article\/la-chute-de-rome-une-rupture-dans-le-rapport-au-temps-et-a-lhistoire\/\",\"name\":\"La chute de Rome, une rupture dans le rapport au temps et \u00e0 l\u2019histoire ? - Recherches de Science Religieuse\",\"isPartOf\":{\"@id\":\"https:\/\/dev.centtreize.com\/rsr\/#website\"},\"datePublished\":\"2020-01-15T04:06:24+00:00\",\"dateModified\":\"2025-06-13T07:04:17+00:00\",\"breadcrumb\":{\"@id\":\"https:\/\/dev.centtreize.com\/rsr\/article\/la-chute-de-rome-une-rupture-dans-le-rapport-au-temps-et-a-lhistoire\/#breadcrumb\"},\"inLanguage\":\"fr-FR\",\"potentialAction\":[{\"@type\":\"ReadAction\",\"target\":[\"https:\/\/dev.centtreize.com\/rsr\/article\/la-chute-de-rome-une-rupture-dans-le-rapport-au-temps-et-a-lhistoire\/\"]}]},{\"@type\":\"BreadcrumbList\",\"@id\":\"https:\/\/dev.centtreize.com\/rsr\/article\/la-chute-de-rome-une-rupture-dans-le-rapport-au-temps-et-a-lhistoire\/#breadcrumb\",\"itemListElement\":[{\"@type\":\"ListItem\",\"position\":1,\"name\":\"Accueil\",\"item\":\"https:\/\/dev.centtreize.com\/rsr\/\"},{\"@type\":\"ListItem\",\"position\":2,\"name\":\"La chute de Rome, une rupture dans le rapport au temps et \u00e0 l\u2019histoire ?\"}]},{\"@type\":\"WebSite\",\"@id\":\"https:\/\/dev.centtreize.com\/rsr\/#website\",\"url\":\"https:\/\/dev.centtreize.com\/rsr\/\",\"name\":\"Recherches de Science Religieuse\",\"description\":\"Recherches de Science Religieuse\",\"publisher\":{\"@id\":\"https:\/\/dev.centtreize.com\/rsr\/#organization\"},\"potentialAction\":[{\"@type\":\"SearchAction\",\"target\":{\"@type\":\"EntryPoint\",\"urlTemplate\":\"https:\/\/dev.centtreize.com\/rsr\/?s={search_term_string}\"},\"query-input\":{\"@type\":\"PropertyValueSpecification\",\"valueRequired\":true,\"valueName\":\"search_term_string\"}}],\"inLanguage\":\"fr-FR\"},{\"@type\":\"Organization\",\"@id\":\"https:\/\/dev.centtreize.com\/rsr\/#organization\",\"name\":\"Recherches de Science Religieuse\",\"url\":\"https:\/\/dev.centtreize.com\/rsr\/\",\"logo\":{\"@type\":\"ImageObject\",\"inLanguage\":\"fr-FR\",\"@id\":\"https:\/\/dev.centtreize.com\/rsr\/#\/schema\/logo\/image\/\",\"url\":\"https:\/\/dev.centtreize.com\/rsr\/wp-content\/uploads\/2024\/10\/logo_rsr.png\",\"contentUrl\":\"https:\/\/dev.centtreize.com\/rsr\/wp-content\/uploads\/2024\/10\/logo_rsr.png\",\"width\":300,\"height\":225,\"caption\":\"Recherches de Science Religieuse\"},\"image\":{\"@id\":\"https:\/\/dev.centtreize.com\/rsr\/#\/schema\/logo\/image\/\"}},{\"@type\":\"Person\",\"@id\":\"https:\/\/dev.centtreize.com\/rsr\/#\/schema\/person\/eb039ce63dcbc3fec0a6b81e43e29ad3\",\"name\":\"H\u00e9l\u00e8ne\",\"url\":\"https:\/\/dev.centtreize.com\/rsr\/author\/rsr\/\"}]}<\/script>\n<!-- \/ Yoast SEO plugin. -->","yoast_head_json":{"title":"La chute de Rome, une rupture dans le rapport au temps et \u00e0 l\u2019histoire ? - Recherches de Science Religieuse","robots":{"index":"index","follow":"follow","max-snippet":"max-snippet:-1","max-image-preview":"max-image-preview:large","max-video-preview":"max-video-preview:-1"},"canonical":"https:\/\/dev.centtreize.com\/rsr\/article\/la-chute-de-rome-une-rupture-dans-le-rapport-au-temps-et-a-lhistoire\/","og_locale":"fr_FR","og_type":"article","og_title":"La chute de Rome, une rupture dans le rapport au temps et \u00e0 l\u2019histoire ? - Recherches de Science Religieuse","og_description":"La chute de Rome semble marquer un tournant inexorable dans le rapport au temps et \u00e0 l\u2019histoire. Mais, plus que la fin du monde, n\u2019est-ce pas la fin d\u2019un monde\u00a0? En \u00e9crivant la Cit\u00e9 de Dieu, saint Augustin devra se situer tout \u00e0 la fois vis-\u00e0-vis des pa\u00efens qui accus\u00e8rent les chr\u00e9tiens d\u2019\u00eatre responsables de ce d\u00e9sastre et des chr\u00e9tiens d\u00e9sempar\u00e9s par l\u2019invasion barbare. Ne peut-on pas y voir, en reprenant Hannah Arendt, un commencement, qui, selon ses propres termes, appara\u00eet toujours comme un miracle\u00a0?","og_url":"https:\/\/dev.centtreize.com\/rsr\/article\/la-chute-de-rome-une-rupture-dans-le-rapport-au-temps-et-a-lhistoire\/","og_site_name":"Recherches de Science Religieuse","article_published_time":"2020-01-15T04:06:24+00:00","article_modified_time":"2025-06-13T07:04:17+00:00","author":"H\u00e9l\u00e8ne","twitter_card":"summary_large_image","twitter_misc":{"\u00c9crit par":"H\u00e9l\u00e8ne"},"schema":{"@context":"https:\/\/schema.org","@graph":[{"@type":"Article","@id":"https:\/\/dev.centtreize.com\/rsr\/article\/la-chute-de-rome-une-rupture-dans-le-rapport-au-temps-et-a-lhistoire\/#article","isPartOf":{"@id":"https:\/\/dev.centtreize.com\/rsr\/article\/la-chute-de-rome-une-rupture-dans-le-rapport-au-temps-et-a-lhistoire\/"},"author":{"name":"H\u00e9l\u00e8ne","@id":"https:\/\/dev.centtreize.com\/rsr\/#\/schema\/person\/eb039ce63dcbc3fec0a6b81e43e29ad3"},"headline":"La chute de Rome, une rupture dans le rapport au temps et \u00e0 l\u2019histoire ?","datePublished":"2020-01-15T04:06:24+00:00","dateModified":"2025-06-13T07:04:17+00:00","mainEntityOfPage":{"@id":"https:\/\/dev.centtreize.com\/rsr\/article\/la-chute-de-rome-une-rupture-dans-le-rapport-au-temps-et-a-lhistoire\/"},"wordCount":111,"publisher":{"@id":"https:\/\/dev.centtreize.com\/rsr\/#organization"},"keywords":["Augustin","christianisme antique","Cit\u00e9 de Dieu","Hannah Arendt","histoire","invasions barbares","paganisme","Rome","Temps"],"articleSection":["article"],"inLanguage":"fr-FR"},{"@type":"WebPage","@id":"https:\/\/dev.centtreize.com\/rsr\/article\/la-chute-de-rome-une-rupture-dans-le-rapport-au-temps-et-a-lhistoire\/","url":"https:\/\/dev.centtreize.com\/rsr\/article\/la-chute-de-rome-une-rupture-dans-le-rapport-au-temps-et-a-lhistoire\/","name":"La chute de Rome, une rupture dans le rapport au temps et \u00e0 l\u2019histoire ? - Recherches de Science Religieuse","isPartOf":{"@id":"https:\/\/dev.centtreize.com\/rsr\/#website"},"datePublished":"2020-01-15T04:06:24+00:00","dateModified":"2025-06-13T07:04:17+00:00","breadcrumb":{"@id":"https:\/\/dev.centtreize.com\/rsr\/article\/la-chute-de-rome-une-rupture-dans-le-rapport-au-temps-et-a-lhistoire\/#breadcrumb"},"inLanguage":"fr-FR","potentialAction":[{"@type":"ReadAction","target":["https:\/\/dev.centtreize.com\/rsr\/article\/la-chute-de-rome-une-rupture-dans-le-rapport-au-temps-et-a-lhistoire\/"]}]},{"@type":"BreadcrumbList","@id":"https:\/\/dev.centtreize.com\/rsr\/article\/la-chute-de-rome-une-rupture-dans-le-rapport-au-temps-et-a-lhistoire\/#breadcrumb","itemListElement":[{"@type":"ListItem","position":1,"name":"Accueil","item":"https:\/\/dev.centtreize.com\/rsr\/"},{"@type":"ListItem","position":2,"name":"La chute de Rome, une rupture dans le rapport au temps et \u00e0 l\u2019histoire ?"}]},{"@type":"WebSite","@id":"https:\/\/dev.centtreize.com\/rsr\/#website","url":"https:\/\/dev.centtreize.com\/rsr\/","name":"Recherches de Science Religieuse","description":"Recherches de Science Religieuse","publisher":{"@id":"https:\/\/dev.centtreize.com\/rsr\/#organization"},"potentialAction":[{"@type":"SearchAction","target":{"@type":"EntryPoint","urlTemplate":"https:\/\/dev.centtreize.com\/rsr\/?s={search_term_string}"},"query-input":{"@type":"PropertyValueSpecification","valueRequired":true,"valueName":"search_term_string"}}],"inLanguage":"fr-FR"},{"@type":"Organization","@id":"https:\/\/dev.centtreize.com\/rsr\/#organization","name":"Recherches de Science Religieuse","url":"https:\/\/dev.centtreize.com\/rsr\/","logo":{"@type":"ImageObject","inLanguage":"fr-FR","@id":"https:\/\/dev.centtreize.com\/rsr\/#\/schema\/logo\/image\/","url":"https:\/\/dev.centtreize.com\/rsr\/wp-content\/uploads\/2024\/10\/logo_rsr.png","contentUrl":"https:\/\/dev.centtreize.com\/rsr\/wp-content\/uploads\/2024\/10\/logo_rsr.png","width":300,"height":225,"caption":"Recherches de Science Religieuse"},"image":{"@id":"https:\/\/dev.centtreize.com\/rsr\/#\/schema\/logo\/image\/"}},{"@type":"Person","@id":"https:\/\/dev.centtreize.com\/rsr\/#\/schema\/person\/eb039ce63dcbc3fec0a6b81e43e29ad3","name":"H\u00e9l\u00e8ne","url":"https:\/\/dev.centtreize.com\/rsr\/author\/rsr\/"}]}},"_links":{"self":[{"href":"https:\/\/dev.centtreize.com\/rsr\/wp-json\/wp\/v2\/posts\/12281","targetHints":{"allow":["GET"]}}],"collection":[{"href":"https:\/\/dev.centtreize.com\/rsr\/wp-json\/wp\/v2\/posts"}],"about":[{"href":"https:\/\/dev.centtreize.com\/rsr\/wp-json\/wp\/v2\/types\/post"}],"author":[{"embeddable":true,"href":"https:\/\/dev.centtreize.com\/rsr\/wp-json\/wp\/v2\/users\/2"}],"replies":[{"embeddable":true,"href":"https:\/\/dev.centtreize.com\/rsr\/wp-json\/wp\/v2\/comments?post=12281"}],"version-history":[{"count":13,"href":"https:\/\/dev.centtreize.com\/rsr\/wp-json\/wp\/v2\/posts\/12281\/revisions"}],"predecessor-version":[{"id":17670,"href":"https:\/\/dev.centtreize.com\/rsr\/wp-json\/wp\/v2\/posts\/12281\/revisions\/17670"}],"wp:attachment":[{"href":"https:\/\/dev.centtreize.com\/rsr\/wp-json\/wp\/v2\/media?parent=12281"}],"wp:term":[{"taxonomy":"category","embeddable":true,"href":"https:\/\/dev.centtreize.com\/rsr\/wp-json\/wp\/v2\/categories?post=12281"},{"taxonomy":"post_tag","embeddable":true,"href":"https:\/\/dev.centtreize.com\/rsr\/wp-json\/wp\/v2\/tags?post=12281"},{"taxonomy":"keywords","embeddable":true,"href":"https:\/\/dev.centtreize.com\/rsr\/wp-json\/wp\/v2\/keywords?post=12281"}],"curies":[{"name":"wp","href":"https:\/\/api.w.org\/{rel}","templated":true}]}}