{"id":1198,"date":"2013-10-25T16:39:42","date_gmt":"2013-10-25T15:39:42","guid":{"rendered":"http:\/\/dev.revue-rsr.com\/?p=1198"},"modified":"2024-10-02T12:40:19","modified_gmt":"2024-10-02T11:40:19","slug":"karl-barth-theoricien-de-la-predication","status":"publish","type":"post","link":"https:\/\/dev.centtreize.com\/rsr\/article\/karl-barth-theoricien-de-la-predication\/","title":{"rendered":"Karl Barth, th\u00e9oricien de la pr\u00e9dication"},"content":{"rendered":"<p>La&nbsp;\u00ab\u00a0th\u00e9orie\u00a0\u00bb de la pr\u00e9dication de Barth comme&nbsp;\u00ab\u00a0th\u00e9ologie de la Parole de Dieu\u00a0\u00bb a \u00e9t\u00e9 remise en question au d\u00e9but des ann\u00e9es 60 alors qu\u2019elle \u00e9tait constitu\u00e9e depuis les ann\u00e9es 20. Qu\u2019en est-il exactement de cette conception trop peu connue dans son exactitude, en France notamment\u00a0? Soucieux de pratique, Barth con\u00e7oit d\u2019abord la pr\u00e9dication comme une Theologia viatorum et semble affirmer le caract\u00e8re divin de la parole de la pr\u00e9dication. Or, la difficult\u00e9, voire l\u2019\u00e9chec, de celle-ci en rappelle le caract\u00e8re de terrible humanit\u00e9. Ainsi passe-t-il&nbsp;\u00ab\u00a0d\u2019une attestation indirecte du Christ\u00a0\u00bb dans la pr\u00e9dicaiton de l\u2019\u00e9glise, \u00e0 une&nbsp;\u00ab\u00a0pr\u00e9dication, service de la parole de Dieu\u00a0\u00bb, compte tenu de ce que seul le Christ, en d\u00e9finitive, est Parole de Dieu, et que la charge de pr\u00e9dication appartient \u00e0 toute la&nbsp;\u00ab\u00a0communaut\u00e9 de t\u00e9moins\u00a0\u00bb.<\/p>\n","protected":false},"excerpt":{"rendered":"<p>La&nbsp;\u00ab\u00a0th\u00e9orie\u00a0\u00bb de la pr\u00e9dication de Barth comme&nbsp;\u00ab\u00a0th\u00e9ologie de la Parole de Dieu\u00a0\u00bb a \u00e9t\u00e9 remise en question au d\u00e9but des ann\u00e9es 60 alors qu\u2019elle \u00e9tait constitu\u00e9e depuis les ann\u00e9es 20. Qu\u2019en est-il exactement de cette conception trop peu connue dans son exactitude, en France notamment\u00a0? Soucieux de pratique, Barth con\u00e7oit d\u2019abord la pr\u00e9dication comme une Theologia viatorum et semble affirmer le caract\u00e8re divin de la parole de la pr\u00e9dication. Or, la difficult\u00e9, voire l\u2019\u00e9chec, de celle-ci en rappelle le caract\u00e8re de terrible humanit\u00e9. Ainsi passe-t-il&nbsp;\u00ab\u00a0d\u2019une attestation indirecte du Christ\u00a0\u00bb dans la pr\u00e9dicaiton de l\u2019\u00e9glise, \u00e0 une&nbsp;\u00ab\u00a0pr\u00e9dication, service de la parole de Dieu\u00a0\u00bb, compte tenu de ce que seul le Christ, en d\u00e9finitive, est Parole de Dieu, et que la charge de pr\u00e9dication appartient \u00e0 toute la&nbsp;\u00ab\u00a0communaut\u00e9 de t\u00e9moins\u00a0\u00bb.<\/p>\n","protected":false},"author":1,"featured_media":0,"comment_status":"open","ping_status":"open","sticky":false,"template":"","format":"standard","meta":{"_acf_changed":false,"footnotes":""},"categories":[6],"tags":[],"keywords":[],"class_list":["post-1198","post","type-post","status-publish","format-standard","hentry","category-article"],"acf":[],"yoast_head":"<!-- This site is optimized with the Yoast SEO plugin v27.2 - https:\/\/yoast.com\/product\/yoast-seo-wordpress\/ -->\n<title>Karl Barth, th\u00e9oricien de la pr\u00e9dication - Recherches de Science Religieuse<\/title>\n<meta name=\"robots\" content=\"index, follow, max-snippet:-1, max-image-preview:large, max-video-preview:-1\" \/>\n<link rel=\"canonical\" href=\"https:\/\/dev.centtreize.com\/rsr\/article\/karl-barth-theoricien-de-la-predication\/\" \/>\n<meta property=\"og:locale\" content=\"fr_FR\" \/>\n<meta property=\"og:type\" content=\"article\" \/>\n<meta property=\"og:title\" content=\"Karl Barth, th\u00e9oricien de la pr\u00e9dication - Recherches de Science Religieuse\" \/>\n<meta property=\"og:description\" content=\"La&nbsp;\u00ab\u00a0th\u00e9orie\u00a0\u00bb de la pr\u00e9dication de Barth comme&nbsp;\u00ab\u00a0th\u00e9ologie de la Parole de Dieu\u00a0\u00bb a \u00e9t\u00e9 remise en question au d\u00e9but des ann\u00e9es 60 alors qu\u2019elle \u00e9tait constitu\u00e9e depuis les ann\u00e9es 20. Qu\u2019en est-il exactement de cette conception trop peu connue dans son exactitude, en France notamment\u00a0? Soucieux de pratique, Barth con\u00e7oit d\u2019abord la pr\u00e9dication comme une Theologia viatorum et semble affirmer le caract\u00e8re divin de la parole de la pr\u00e9dication. Or, la difficult\u00e9, voire l\u2019\u00e9chec, de celle-ci en rappelle le caract\u00e8re de terrible humanit\u00e9. Ainsi passe-t-il&nbsp;\u00ab\u00a0d\u2019une attestation indirecte du Christ\u00a0\u00bb dans la pr\u00e9dicaiton de l\u2019\u00e9glise, \u00e0 une&nbsp;\u00ab\u00a0pr\u00e9dication, service de la parole de Dieu\u00a0\u00bb, compte tenu de ce que seul le Christ, en d\u00e9finitive, est Parole de Dieu, et que la charge de pr\u00e9dication appartient \u00e0 toute la&nbsp;\u00ab\u00a0communaut\u00e9 de t\u00e9moins\u00a0\u00bb.\" \/>\n<meta property=\"og:url\" content=\"https:\/\/dev.centtreize.com\/rsr\/article\/karl-barth-theoricien-de-la-predication\/\" \/>\n<meta property=\"og:site_name\" content=\"Recherches de Science Religieuse\" \/>\n<meta property=\"article:published_time\" content=\"2013-10-25T15:39:42+00:00\" \/>\n<meta property=\"article:modified_time\" content=\"2024-10-02T11:40:19+00:00\" \/>\n<meta name=\"author\" content=\"revue@dmin\" \/>\n<meta name=\"twitter:card\" content=\"summary_large_image\" \/>\n<meta name=\"twitter:label1\" content=\"\u00c9crit par\" \/>\n\t<meta name=\"twitter:data1\" content=\"revue@dmin\" \/>\n\t<meta name=\"twitter:label2\" content=\"Dur\u00e9e de lecture estim\u00e9e\" \/>\n\t<meta name=\"twitter:data2\" content=\"1 minute\" \/>\n<script type=\"application\/ld+json\" class=\"yoast-schema-graph\">{\"@context\":\"https:\/\/schema.org\",\"@graph\":[{\"@type\":\"Article\",\"@id\":\"https:\/\/dev.centtreize.com\/rsr\/article\/karl-barth-theoricien-de-la-predication\/#article\",\"isPartOf\":{\"@id\":\"https:\/\/dev.centtreize.com\/rsr\/article\/karl-barth-theoricien-de-la-predication\/\"},\"author\":{\"name\":\"revue@dmin\",\"@id\":\"https:\/\/dev.centtreize.com\/rsr\/#\/schema\/person\/9f242145bf00253a95a38d0e33921be1\"},\"headline\":\"Karl Barth, th\u00e9oricien de la pr\u00e9dication\",\"datePublished\":\"2013-10-25T15:39:42+00:00\",\"dateModified\":\"2024-10-02T11:40:19+00:00\",\"mainEntityOfPage\":{\"@id\":\"https:\/\/dev.centtreize.com\/rsr\/article\/karl-barth-theoricien-de-la-predication\/\"},\"wordCount\":160,\"commentCount\":0,\"publisher\":{\"@id\":\"https:\/\/dev.centtreize.com\/rsr\/#organization\"},\"articleSection\":[\"article\"],\"inLanguage\":\"fr-FR\",\"potentialAction\":[{\"@type\":\"CommentAction\",\"name\":\"Comment\",\"target\":[\"https:\/\/dev.centtreize.com\/rsr\/article\/karl-barth-theoricien-de-la-predication\/#respond\"]}]},{\"@type\":\"WebPage\",\"@id\":\"https:\/\/dev.centtreize.com\/rsr\/article\/karl-barth-theoricien-de-la-predication\/\",\"url\":\"https:\/\/dev.centtreize.com\/rsr\/article\/karl-barth-theoricien-de-la-predication\/\",\"name\":\"Karl Barth, th\u00e9oricien de la pr\u00e9dication - Recherches de Science Religieuse\",\"isPartOf\":{\"@id\":\"https:\/\/dev.centtreize.com\/rsr\/#website\"},\"datePublished\":\"2013-10-25T15:39:42+00:00\",\"dateModified\":\"2024-10-02T11:40:19+00:00\",\"breadcrumb\":{\"@id\":\"https:\/\/dev.centtreize.com\/rsr\/article\/karl-barth-theoricien-de-la-predication\/#breadcrumb\"},\"inLanguage\":\"fr-FR\",\"potentialAction\":[{\"@type\":\"ReadAction\",\"target\":[\"https:\/\/dev.centtreize.com\/rsr\/article\/karl-barth-theoricien-de-la-predication\/\"]}]},{\"@type\":\"BreadcrumbList\",\"@id\":\"https:\/\/dev.centtreize.com\/rsr\/article\/karl-barth-theoricien-de-la-predication\/#breadcrumb\",\"itemListElement\":[{\"@type\":\"ListItem\",\"position\":1,\"name\":\"Accueil\",\"item\":\"https:\/\/dev.centtreize.com\/rsr\/\"},{\"@type\":\"ListItem\",\"position\":2,\"name\":\"Karl Barth, th\u00e9oricien de la pr\u00e9dication\"}]},{\"@type\":\"WebSite\",\"@id\":\"https:\/\/dev.centtreize.com\/rsr\/#website\",\"url\":\"https:\/\/dev.centtreize.com\/rsr\/\",\"name\":\"Recherches de Science Religieuse\",\"description\":\"Recherches de Science Religieuse\",\"publisher\":{\"@id\":\"https:\/\/dev.centtreize.com\/rsr\/#organization\"},\"potentialAction\":[{\"@type\":\"SearchAction\",\"target\":{\"@type\":\"EntryPoint\",\"urlTemplate\":\"https:\/\/dev.centtreize.com\/rsr\/?s={search_term_string}\"},\"query-input\":{\"@type\":\"PropertyValueSpecification\",\"valueRequired\":true,\"valueName\":\"search_term_string\"}}],\"inLanguage\":\"fr-FR\"},{\"@type\":\"Organization\",\"@id\":\"https:\/\/dev.centtreize.com\/rsr\/#organization\",\"name\":\"Recherches de Science Religieuse\",\"url\":\"https:\/\/dev.centtreize.com\/rsr\/\",\"logo\":{\"@type\":\"ImageObject\",\"inLanguage\":\"fr-FR\",\"@id\":\"https:\/\/dev.centtreize.com\/rsr\/#\/schema\/logo\/image\/\",\"url\":\"https:\/\/dev.centtreize.com\/rsr\/wp-content\/uploads\/2024\/10\/logo_rsr.png\",\"contentUrl\":\"https:\/\/dev.centtreize.com\/rsr\/wp-content\/uploads\/2024\/10\/logo_rsr.png\",\"width\":300,\"height\":225,\"caption\":\"Recherches de Science Religieuse\"},\"image\":{\"@id\":\"https:\/\/dev.centtreize.com\/rsr\/#\/schema\/logo\/image\/\"}},{\"@type\":\"Person\",\"@id\":\"https:\/\/dev.centtreize.com\/rsr\/#\/schema\/person\/9f242145bf00253a95a38d0e33921be1\",\"name\":\"revue@dmin\",\"url\":\"https:\/\/dev.centtreize.com\/rsr\/author\/revuedmin\/\"}]}<\/script>\n<!-- \/ Yoast SEO plugin. -->","yoast_head_json":{"title":"Karl Barth, th\u00e9oricien de la pr\u00e9dication - Recherches de Science Religieuse","robots":{"index":"index","follow":"follow","max-snippet":"max-snippet:-1","max-image-preview":"max-image-preview:large","max-video-preview":"max-video-preview:-1"},"canonical":"https:\/\/dev.centtreize.com\/rsr\/article\/karl-barth-theoricien-de-la-predication\/","og_locale":"fr_FR","og_type":"article","og_title":"Karl Barth, th\u00e9oricien de la pr\u00e9dication - Recherches de Science Religieuse","og_description":"La&nbsp;\u00ab\u00a0th\u00e9orie\u00a0\u00bb de la pr\u00e9dication de Barth comme&nbsp;\u00ab\u00a0th\u00e9ologie de la Parole de Dieu\u00a0\u00bb a \u00e9t\u00e9 remise en question au d\u00e9but des ann\u00e9es 60 alors qu\u2019elle \u00e9tait constitu\u00e9e depuis les ann\u00e9es 20. Qu\u2019en est-il exactement de cette conception trop peu connue dans son exactitude, en France notamment\u00a0? Soucieux de pratique, Barth con\u00e7oit d\u2019abord la pr\u00e9dication comme une Theologia viatorum et semble affirmer le caract\u00e8re divin de la parole de la pr\u00e9dication. Or, la difficult\u00e9, voire l\u2019\u00e9chec, de celle-ci en rappelle le caract\u00e8re de terrible humanit\u00e9. Ainsi passe-t-il&nbsp;\u00ab\u00a0d\u2019une attestation indirecte du Christ\u00a0\u00bb dans la pr\u00e9dicaiton de l\u2019\u00e9glise, \u00e0 une&nbsp;\u00ab\u00a0pr\u00e9dication, service de la parole de Dieu\u00a0\u00bb, compte tenu de ce que seul le Christ, en d\u00e9finitive, est Parole de Dieu, et que la charge de pr\u00e9dication appartient \u00e0 toute la&nbsp;\u00ab\u00a0communaut\u00e9 de t\u00e9moins\u00a0\u00bb.","og_url":"https:\/\/dev.centtreize.com\/rsr\/article\/karl-barth-theoricien-de-la-predication\/","og_site_name":"Recherches de Science Religieuse","article_published_time":"2013-10-25T15:39:42+00:00","article_modified_time":"2024-10-02T11:40:19+00:00","author":"revue@dmin","twitter_card":"summary_large_image","twitter_misc":{"\u00c9crit par":"revue@dmin","Dur\u00e9e de lecture estim\u00e9e":"1 minute"},"schema":{"@context":"https:\/\/schema.org","@graph":[{"@type":"Article","@id":"https:\/\/dev.centtreize.com\/rsr\/article\/karl-barth-theoricien-de-la-predication\/#article","isPartOf":{"@id":"https:\/\/dev.centtreize.com\/rsr\/article\/karl-barth-theoricien-de-la-predication\/"},"author":{"name":"revue@dmin","@id":"https:\/\/dev.centtreize.com\/rsr\/#\/schema\/person\/9f242145bf00253a95a38d0e33921be1"},"headline":"Karl Barth, th\u00e9oricien de la pr\u00e9dication","datePublished":"2013-10-25T15:39:42+00:00","dateModified":"2024-10-02T11:40:19+00:00","mainEntityOfPage":{"@id":"https:\/\/dev.centtreize.com\/rsr\/article\/karl-barth-theoricien-de-la-predication\/"},"wordCount":160,"commentCount":0,"publisher":{"@id":"https:\/\/dev.centtreize.com\/rsr\/#organization"},"articleSection":["article"],"inLanguage":"fr-FR","potentialAction":[{"@type":"CommentAction","name":"Comment","target":["https:\/\/dev.centtreize.com\/rsr\/article\/karl-barth-theoricien-de-la-predication\/#respond"]}]},{"@type":"WebPage","@id":"https:\/\/dev.centtreize.com\/rsr\/article\/karl-barth-theoricien-de-la-predication\/","url":"https:\/\/dev.centtreize.com\/rsr\/article\/karl-barth-theoricien-de-la-predication\/","name":"Karl Barth, th\u00e9oricien de la pr\u00e9dication - Recherches de Science Religieuse","isPartOf":{"@id":"https:\/\/dev.centtreize.com\/rsr\/#website"},"datePublished":"2013-10-25T15:39:42+00:00","dateModified":"2024-10-02T11:40:19+00:00","breadcrumb":{"@id":"https:\/\/dev.centtreize.com\/rsr\/article\/karl-barth-theoricien-de-la-predication\/#breadcrumb"},"inLanguage":"fr-FR","potentialAction":[{"@type":"ReadAction","target":["https:\/\/dev.centtreize.com\/rsr\/article\/karl-barth-theoricien-de-la-predication\/"]}]},{"@type":"BreadcrumbList","@id":"https:\/\/dev.centtreize.com\/rsr\/article\/karl-barth-theoricien-de-la-predication\/#breadcrumb","itemListElement":[{"@type":"ListItem","position":1,"name":"Accueil","item":"https:\/\/dev.centtreize.com\/rsr\/"},{"@type":"ListItem","position":2,"name":"Karl Barth, th\u00e9oricien de la pr\u00e9dication"}]},{"@type":"WebSite","@id":"https:\/\/dev.centtreize.com\/rsr\/#website","url":"https:\/\/dev.centtreize.com\/rsr\/","name":"Recherches de Science Religieuse","description":"Recherches de Science Religieuse","publisher":{"@id":"https:\/\/dev.centtreize.com\/rsr\/#organization"},"potentialAction":[{"@type":"SearchAction","target":{"@type":"EntryPoint","urlTemplate":"https:\/\/dev.centtreize.com\/rsr\/?s={search_term_string}"},"query-input":{"@type":"PropertyValueSpecification","valueRequired":true,"valueName":"search_term_string"}}],"inLanguage":"fr-FR"},{"@type":"Organization","@id":"https:\/\/dev.centtreize.com\/rsr\/#organization","name":"Recherches de Science Religieuse","url":"https:\/\/dev.centtreize.com\/rsr\/","logo":{"@type":"ImageObject","inLanguage":"fr-FR","@id":"https:\/\/dev.centtreize.com\/rsr\/#\/schema\/logo\/image\/","url":"https:\/\/dev.centtreize.com\/rsr\/wp-content\/uploads\/2024\/10\/logo_rsr.png","contentUrl":"https:\/\/dev.centtreize.com\/rsr\/wp-content\/uploads\/2024\/10\/logo_rsr.png","width":300,"height":225,"caption":"Recherches de Science Religieuse"},"image":{"@id":"https:\/\/dev.centtreize.com\/rsr\/#\/schema\/logo\/image\/"}},{"@type":"Person","@id":"https:\/\/dev.centtreize.com\/rsr\/#\/schema\/person\/9f242145bf00253a95a38d0e33921be1","name":"revue@dmin","url":"https:\/\/dev.centtreize.com\/rsr\/author\/revuedmin\/"}]}},"_links":{"self":[{"href":"https:\/\/dev.centtreize.com\/rsr\/wp-json\/wp\/v2\/posts\/1198","targetHints":{"allow":["GET"]}}],"collection":[{"href":"https:\/\/dev.centtreize.com\/rsr\/wp-json\/wp\/v2\/posts"}],"about":[{"href":"https:\/\/dev.centtreize.com\/rsr\/wp-json\/wp\/v2\/types\/post"}],"author":[{"embeddable":true,"href":"https:\/\/dev.centtreize.com\/rsr\/wp-json\/wp\/v2\/users\/1"}],"replies":[{"embeddable":true,"href":"https:\/\/dev.centtreize.com\/rsr\/wp-json\/wp\/v2\/comments?post=1198"}],"version-history":[{"count":2,"href":"https:\/\/dev.centtreize.com\/rsr\/wp-json\/wp\/v2\/posts\/1198\/revisions"}],"predecessor-version":[{"id":17962,"href":"https:\/\/dev.centtreize.com\/rsr\/wp-json\/wp\/v2\/posts\/1198\/revisions\/17962"}],"wp:attachment":[{"href":"https:\/\/dev.centtreize.com\/rsr\/wp-json\/wp\/v2\/media?parent=1198"}],"wp:term":[{"taxonomy":"category","embeddable":true,"href":"https:\/\/dev.centtreize.com\/rsr\/wp-json\/wp\/v2\/categories?post=1198"},{"taxonomy":"post_tag","embeddable":true,"href":"https:\/\/dev.centtreize.com\/rsr\/wp-json\/wp\/v2\/tags?post=1198"},{"taxonomy":"keywords","embeddable":true,"href":"https:\/\/dev.centtreize.com\/rsr\/wp-json\/wp\/v2\/keywords?post=1198"}],"curies":[{"name":"wp","href":"https:\/\/api.w.org\/{rel}","templated":true}]}}