{"id":11953,"date":"2019-03-20T16:10:57","date_gmt":"2019-03-20T15:10:57","guid":{"rendered":"http:\/\/www.revue-rsr.com\/?p=11953"},"modified":"2025-06-13T07:59:44","modified_gmt":"2025-06-13T06:59:44","slug":"a-loccasion-du-cinquantenaire-de-medellin-tout-autre-est-la-tradition-europeenne-2","status":"publish","type":"post","link":"https:\/\/dev.centtreize.com\/rsr\/article\/a-loccasion-du-cinquantenaire-de-medellin-tout-autre-est-la-tradition-europeenne-2\/","title":{"rendered":"\u00c0 l\u2019occasion du cinquantenaire de Medell\u00edn. \u00ab Tout autre est la tradition europ\u00e9enne \u00bb"},"content":{"rendered":"<p>L\u2019article montre que la synodalit\u00e9 au-del\u00e0 des limites des \u00c9glises\u00a0particuli\u00e8res est concentr\u00e9e dans l\u2019action habituelle de collaboration\u00a0des \u00e9v\u00eaques au sein des conf\u00e9rences \u00e9piscopales et du CCEE,\u00a0o\u00f9, selon <em>LG,<\/em> se r\u00e9alise concr\u00e8tement le&nbsp;\u00ab&nbsp;sentiment coll\u00e9gial&nbsp;\u00bb qui\u00a0lie les \u00e9v\u00eaques entre eux. Mais l\u2019exp\u00e9rience conciliaire, due au rassemblement\u00a0d\u2019\u00c9glises particuli\u00e8res, est restreinte ce qui m\u00e9rite une\u00a0analyse afin de permettre une comparaison avec la situation du\u00a0continent sud-am\u00e9ricain. Cette r\u00e9flexion se fera \u00e0 partir du Code\u00a0de droit canonique et de l\u2019action et discours du pape Fran\u00e7ois. Elle\u00a0mettra en valeur l\u2019exp\u00e9rience conciliaire dans les rassemblements\u00a0d\u2019\u00c9glises particuli\u00e8res.<\/p>\n","protected":false},"excerpt":{"rendered":"<p>L\u2019article montre que la synodalit\u00e9 au-del\u00e0 des limites des \u00c9glises\u00a0particuli\u00e8res est concentr\u00e9e dans l\u2019action habituelle de collaboration\u00a0des \u00e9v\u00eaques au sein des conf\u00e9rences \u00e9piscopales et du CCEE,\u00a0o\u00f9, selon LG, se r\u00e9alise concr\u00e8tement le&nbsp;\u00ab&nbsp;sentiment coll\u00e9gial&nbsp;\u00bb qui\u00a0lie les \u00e9v\u00eaques entre eux. Mais l\u2019exp\u00e9rience conciliaire, due au rassemblement\u00a0d\u2019\u00c9glises particuli\u00e8res, est restreinte ce qui m\u00e9rite une\u00a0analyse afin de permettre une comparaison avec la situation du\u00a0continent sud-am\u00e9ricain. Cette r\u00e9flexion se fera \u00e0 partir du Code\u00a0de droit canonique et de l\u2019action et discours du pape Fran\u00e7ois. Elle\u00a0mettra en valeur l\u2019exp\u00e9rience conciliaire dans les rassemblements\u00a0d\u2019\u00c9glises particuli\u00e8res.<\/p>\n","protected":false},"author":2,"featured_media":0,"comment_status":"closed","ping_status":"closed","sticky":false,"template":"","format":"standard","meta":{"_acf_changed":false,"footnotes":""},"categories":[6],"tags":[550,551,205,549,552,553],"keywords":[1236,1137],"class_list":["post-11953","post","type-post","status-publish","format-standard","hentry","category-article","tag-ccee","tag-collaboration","tag-collegialite","tag-droit-canonique","tag-eglise-particuliere","tag-pape-francois","keywords-droit-canonique","keywords-eglise"],"acf":[],"yoast_head":"<!-- This site is optimized with the Yoast SEO plugin v27.2 - https:\/\/yoast.com\/product\/yoast-seo-wordpress\/ -->\n<title>\u00c0 l\u2019occasion du cinquantenaire de Medell\u00edn. \u00ab Tout autre est la tradition europ\u00e9enne \u00bb - Recherches de Science Religieuse<\/title>\n<meta name=\"robots\" content=\"index, follow, max-snippet:-1, max-image-preview:large, max-video-preview:-1\" \/>\n<link rel=\"canonical\" href=\"https:\/\/dev.centtreize.com\/rsr\/article\/a-loccasion-du-cinquantenaire-de-medellin-tout-autre-est-la-tradition-europeenne-2\/\" \/>\n<meta property=\"og:locale\" content=\"fr_FR\" \/>\n<meta property=\"og:type\" content=\"article\" \/>\n<meta property=\"og:title\" content=\"\u00c0 l\u2019occasion du cinquantenaire de Medell\u00edn. \u00ab Tout autre est la tradition europ\u00e9enne \u00bb - Recherches de Science Religieuse\" \/>\n<meta property=\"og:description\" content=\"L\u2019article montre que la synodalit\u00e9 au-del\u00e0 des limites des \u00c9glises\u00a0particuli\u00e8res est concentr\u00e9e dans l\u2019action habituelle de collaboration\u00a0des \u00e9v\u00eaques au sein des conf\u00e9rences \u00e9piscopales et du CCEE,\u00a0o\u00f9, selon LG, se r\u00e9alise concr\u00e8tement le&nbsp;\u00ab&nbsp;sentiment coll\u00e9gial&nbsp;\u00bb qui\u00a0lie les \u00e9v\u00eaques entre eux. Mais l\u2019exp\u00e9rience conciliaire, due au rassemblement\u00a0d\u2019\u00c9glises particuli\u00e8res, est restreinte ce qui m\u00e9rite une\u00a0analyse afin de permettre une comparaison avec la situation du\u00a0continent sud-am\u00e9ricain. Cette r\u00e9flexion se fera \u00e0 partir du Code\u00a0de droit canonique et de l\u2019action et discours du pape Fran\u00e7ois. Elle\u00a0mettra en valeur l\u2019exp\u00e9rience conciliaire dans les rassemblements\u00a0d\u2019\u00c9glises particuli\u00e8res.\" \/>\n<meta property=\"og:url\" content=\"https:\/\/dev.centtreize.com\/rsr\/article\/a-loccasion-du-cinquantenaire-de-medellin-tout-autre-est-la-tradition-europeenne-2\/\" \/>\n<meta property=\"og:site_name\" content=\"Recherches de Science Religieuse\" \/>\n<meta property=\"article:published_time\" content=\"2019-03-20T15:10:57+00:00\" \/>\n<meta property=\"article:modified_time\" content=\"2025-06-13T06:59:44+00:00\" \/>\n<meta name=\"author\" content=\"H\u00e9l\u00e8ne\" \/>\n<meta name=\"twitter:card\" content=\"summary_large_image\" \/>\n<meta name=\"twitter:label1\" content=\"\u00c9crit par\" \/>\n\t<meta name=\"twitter:data1\" content=\"H\u00e9l\u00e8ne\" \/>\n\t<meta name=\"twitter:label2\" content=\"Dur\u00e9e de lecture estim\u00e9e\" \/>\n\t<meta name=\"twitter:data2\" content=\"1 minute\" \/>\n<script type=\"application\/ld+json\" class=\"yoast-schema-graph\">{\"@context\":\"https:\/\/schema.org\",\"@graph\":[{\"@type\":\"Article\",\"@id\":\"https:\/\/dev.centtreize.com\/rsr\/article\/a-loccasion-du-cinquantenaire-de-medellin-tout-autre-est-la-tradition-europeenne-2\/#article\",\"isPartOf\":{\"@id\":\"https:\/\/dev.centtreize.com\/rsr\/article\/a-loccasion-du-cinquantenaire-de-medellin-tout-autre-est-la-tradition-europeenne-2\/\"},\"author\":{\"name\":\"H\u00e9l\u00e8ne\",\"@id\":\"https:\/\/dev.centtreize.com\/rsr\/#\/schema\/person\/eb039ce63dcbc3fec0a6b81e43e29ad3\"},\"headline\":\"\u00c0 l\u2019occasion du cinquantenaire de Medell\u00edn. \u00ab Tout autre est la tradition europ\u00e9enne \u00bb\",\"datePublished\":\"2019-03-20T15:10:57+00:00\",\"dateModified\":\"2025-06-13T06:59:44+00:00\",\"mainEntityOfPage\":{\"@id\":\"https:\/\/dev.centtreize.com\/rsr\/article\/a-loccasion-du-cinquantenaire-de-medellin-tout-autre-est-la-tradition-europeenne-2\/\"},\"wordCount\":135,\"publisher\":{\"@id\":\"https:\/\/dev.centtreize.com\/rsr\/#organization\"},\"keywords\":[\"CCEE\",\"collaboration\",\"coll\u00e9gialit\u00e9\",\"droit canonique\",\"\u00e9glise particuli\u00e8re\",\"pape Fran\u00e7ois\"],\"articleSection\":[\"article\"],\"inLanguage\":\"fr-FR\"},{\"@type\":\"WebPage\",\"@id\":\"https:\/\/dev.centtreize.com\/rsr\/article\/a-loccasion-du-cinquantenaire-de-medellin-tout-autre-est-la-tradition-europeenne-2\/\",\"url\":\"https:\/\/dev.centtreize.com\/rsr\/article\/a-loccasion-du-cinquantenaire-de-medellin-tout-autre-est-la-tradition-europeenne-2\/\",\"name\":\"\u00c0 l\u2019occasion du cinquantenaire de Medell\u00edn. \u00ab Tout autre est la tradition europ\u00e9enne \u00bb - Recherches de Science Religieuse\",\"isPartOf\":{\"@id\":\"https:\/\/dev.centtreize.com\/rsr\/#website\"},\"datePublished\":\"2019-03-20T15:10:57+00:00\",\"dateModified\":\"2025-06-13T06:59:44+00:00\",\"breadcrumb\":{\"@id\":\"https:\/\/dev.centtreize.com\/rsr\/article\/a-loccasion-du-cinquantenaire-de-medellin-tout-autre-est-la-tradition-europeenne-2\/#breadcrumb\"},\"inLanguage\":\"fr-FR\",\"potentialAction\":[{\"@type\":\"ReadAction\",\"target\":[\"https:\/\/dev.centtreize.com\/rsr\/article\/a-loccasion-du-cinquantenaire-de-medellin-tout-autre-est-la-tradition-europeenne-2\/\"]}]},{\"@type\":\"BreadcrumbList\",\"@id\":\"https:\/\/dev.centtreize.com\/rsr\/article\/a-loccasion-du-cinquantenaire-de-medellin-tout-autre-est-la-tradition-europeenne-2\/#breadcrumb\",\"itemListElement\":[{\"@type\":\"ListItem\",\"position\":1,\"name\":\"Accueil\",\"item\":\"https:\/\/dev.centtreize.com\/rsr\/\"},{\"@type\":\"ListItem\",\"position\":2,\"name\":\"\u00c0 l\u2019occasion du cinquantenaire de Medell\u00edn. \u00ab Tout autre est la tradition europ\u00e9enne \u00bb\"}]},{\"@type\":\"WebSite\",\"@id\":\"https:\/\/dev.centtreize.com\/rsr\/#website\",\"url\":\"https:\/\/dev.centtreize.com\/rsr\/\",\"name\":\"Recherches de Science Religieuse\",\"description\":\"Recherches de Science Religieuse\",\"publisher\":{\"@id\":\"https:\/\/dev.centtreize.com\/rsr\/#organization\"},\"potentialAction\":[{\"@type\":\"SearchAction\",\"target\":{\"@type\":\"EntryPoint\",\"urlTemplate\":\"https:\/\/dev.centtreize.com\/rsr\/?s={search_term_string}\"},\"query-input\":{\"@type\":\"PropertyValueSpecification\",\"valueRequired\":true,\"valueName\":\"search_term_string\"}}],\"inLanguage\":\"fr-FR\"},{\"@type\":\"Organization\",\"@id\":\"https:\/\/dev.centtreize.com\/rsr\/#organization\",\"name\":\"Recherches de Science Religieuse\",\"url\":\"https:\/\/dev.centtreize.com\/rsr\/\",\"logo\":{\"@type\":\"ImageObject\",\"inLanguage\":\"fr-FR\",\"@id\":\"https:\/\/dev.centtreize.com\/rsr\/#\/schema\/logo\/image\/\",\"url\":\"https:\/\/dev.centtreize.com\/rsr\/wp-content\/uploads\/2024\/10\/logo_rsr.png\",\"contentUrl\":\"https:\/\/dev.centtreize.com\/rsr\/wp-content\/uploads\/2024\/10\/logo_rsr.png\",\"width\":300,\"height\":225,\"caption\":\"Recherches de Science Religieuse\"},\"image\":{\"@id\":\"https:\/\/dev.centtreize.com\/rsr\/#\/schema\/logo\/image\/\"}},{\"@type\":\"Person\",\"@id\":\"https:\/\/dev.centtreize.com\/rsr\/#\/schema\/person\/eb039ce63dcbc3fec0a6b81e43e29ad3\",\"name\":\"H\u00e9l\u00e8ne\",\"url\":\"https:\/\/dev.centtreize.com\/rsr\/author\/rsr\/\"}]}<\/script>\n<!-- \/ Yoast SEO plugin. -->","yoast_head_json":{"title":"\u00c0 l\u2019occasion du cinquantenaire de Medell\u00edn. \u00ab Tout autre est la tradition europ\u00e9enne \u00bb - Recherches de Science Religieuse","robots":{"index":"index","follow":"follow","max-snippet":"max-snippet:-1","max-image-preview":"max-image-preview:large","max-video-preview":"max-video-preview:-1"},"canonical":"https:\/\/dev.centtreize.com\/rsr\/article\/a-loccasion-du-cinquantenaire-de-medellin-tout-autre-est-la-tradition-europeenne-2\/","og_locale":"fr_FR","og_type":"article","og_title":"\u00c0 l\u2019occasion du cinquantenaire de Medell\u00edn. \u00ab Tout autre est la tradition europ\u00e9enne \u00bb - Recherches de Science Religieuse","og_description":"L\u2019article montre que la synodalit\u00e9 au-del\u00e0 des limites des \u00c9glises\u00a0particuli\u00e8res est concentr\u00e9e dans l\u2019action habituelle de collaboration\u00a0des \u00e9v\u00eaques au sein des conf\u00e9rences \u00e9piscopales et du CCEE,\u00a0o\u00f9, selon LG, se r\u00e9alise concr\u00e8tement le&nbsp;\u00ab&nbsp;sentiment coll\u00e9gial&nbsp;\u00bb qui\u00a0lie les \u00e9v\u00eaques entre eux. Mais l\u2019exp\u00e9rience conciliaire, due au rassemblement\u00a0d\u2019\u00c9glises particuli\u00e8res, est restreinte ce qui m\u00e9rite une\u00a0analyse afin de permettre une comparaison avec la situation du\u00a0continent sud-am\u00e9ricain. Cette r\u00e9flexion se fera \u00e0 partir du Code\u00a0de droit canonique et de l\u2019action et discours du pape Fran\u00e7ois. Elle\u00a0mettra en valeur l\u2019exp\u00e9rience conciliaire dans les rassemblements\u00a0d\u2019\u00c9glises particuli\u00e8res.","og_url":"https:\/\/dev.centtreize.com\/rsr\/article\/a-loccasion-du-cinquantenaire-de-medellin-tout-autre-est-la-tradition-europeenne-2\/","og_site_name":"Recherches de Science Religieuse","article_published_time":"2019-03-20T15:10:57+00:00","article_modified_time":"2025-06-13T06:59:44+00:00","author":"H\u00e9l\u00e8ne","twitter_card":"summary_large_image","twitter_misc":{"\u00c9crit par":"H\u00e9l\u00e8ne","Dur\u00e9e de lecture estim\u00e9e":"1 minute"},"schema":{"@context":"https:\/\/schema.org","@graph":[{"@type":"Article","@id":"https:\/\/dev.centtreize.com\/rsr\/article\/a-loccasion-du-cinquantenaire-de-medellin-tout-autre-est-la-tradition-europeenne-2\/#article","isPartOf":{"@id":"https:\/\/dev.centtreize.com\/rsr\/article\/a-loccasion-du-cinquantenaire-de-medellin-tout-autre-est-la-tradition-europeenne-2\/"},"author":{"name":"H\u00e9l\u00e8ne","@id":"https:\/\/dev.centtreize.com\/rsr\/#\/schema\/person\/eb039ce63dcbc3fec0a6b81e43e29ad3"},"headline":"\u00c0 l\u2019occasion du cinquantenaire de Medell\u00edn. \u00ab Tout autre est la tradition europ\u00e9enne \u00bb","datePublished":"2019-03-20T15:10:57+00:00","dateModified":"2025-06-13T06:59:44+00:00","mainEntityOfPage":{"@id":"https:\/\/dev.centtreize.com\/rsr\/article\/a-loccasion-du-cinquantenaire-de-medellin-tout-autre-est-la-tradition-europeenne-2\/"},"wordCount":135,"publisher":{"@id":"https:\/\/dev.centtreize.com\/rsr\/#organization"},"keywords":["CCEE","collaboration","coll\u00e9gialit\u00e9","droit canonique","\u00e9glise particuli\u00e8re","pape Fran\u00e7ois"],"articleSection":["article"],"inLanguage":"fr-FR"},{"@type":"WebPage","@id":"https:\/\/dev.centtreize.com\/rsr\/article\/a-loccasion-du-cinquantenaire-de-medellin-tout-autre-est-la-tradition-europeenne-2\/","url":"https:\/\/dev.centtreize.com\/rsr\/article\/a-loccasion-du-cinquantenaire-de-medellin-tout-autre-est-la-tradition-europeenne-2\/","name":"\u00c0 l\u2019occasion du cinquantenaire de Medell\u00edn. \u00ab Tout autre est la tradition europ\u00e9enne \u00bb - Recherches de Science Religieuse","isPartOf":{"@id":"https:\/\/dev.centtreize.com\/rsr\/#website"},"datePublished":"2019-03-20T15:10:57+00:00","dateModified":"2025-06-13T06:59:44+00:00","breadcrumb":{"@id":"https:\/\/dev.centtreize.com\/rsr\/article\/a-loccasion-du-cinquantenaire-de-medellin-tout-autre-est-la-tradition-europeenne-2\/#breadcrumb"},"inLanguage":"fr-FR","potentialAction":[{"@type":"ReadAction","target":["https:\/\/dev.centtreize.com\/rsr\/article\/a-loccasion-du-cinquantenaire-de-medellin-tout-autre-est-la-tradition-europeenne-2\/"]}]},{"@type":"BreadcrumbList","@id":"https:\/\/dev.centtreize.com\/rsr\/article\/a-loccasion-du-cinquantenaire-de-medellin-tout-autre-est-la-tradition-europeenne-2\/#breadcrumb","itemListElement":[{"@type":"ListItem","position":1,"name":"Accueil","item":"https:\/\/dev.centtreize.com\/rsr\/"},{"@type":"ListItem","position":2,"name":"\u00c0 l\u2019occasion du cinquantenaire de Medell\u00edn. \u00ab Tout autre est la tradition europ\u00e9enne \u00bb"}]},{"@type":"WebSite","@id":"https:\/\/dev.centtreize.com\/rsr\/#website","url":"https:\/\/dev.centtreize.com\/rsr\/","name":"Recherches de Science Religieuse","description":"Recherches de Science Religieuse","publisher":{"@id":"https:\/\/dev.centtreize.com\/rsr\/#organization"},"potentialAction":[{"@type":"SearchAction","target":{"@type":"EntryPoint","urlTemplate":"https:\/\/dev.centtreize.com\/rsr\/?s={search_term_string}"},"query-input":{"@type":"PropertyValueSpecification","valueRequired":true,"valueName":"search_term_string"}}],"inLanguage":"fr-FR"},{"@type":"Organization","@id":"https:\/\/dev.centtreize.com\/rsr\/#organization","name":"Recherches de Science Religieuse","url":"https:\/\/dev.centtreize.com\/rsr\/","logo":{"@type":"ImageObject","inLanguage":"fr-FR","@id":"https:\/\/dev.centtreize.com\/rsr\/#\/schema\/logo\/image\/","url":"https:\/\/dev.centtreize.com\/rsr\/wp-content\/uploads\/2024\/10\/logo_rsr.png","contentUrl":"https:\/\/dev.centtreize.com\/rsr\/wp-content\/uploads\/2024\/10\/logo_rsr.png","width":300,"height":225,"caption":"Recherches de Science Religieuse"},"image":{"@id":"https:\/\/dev.centtreize.com\/rsr\/#\/schema\/logo\/image\/"}},{"@type":"Person","@id":"https:\/\/dev.centtreize.com\/rsr\/#\/schema\/person\/eb039ce63dcbc3fec0a6b81e43e29ad3","name":"H\u00e9l\u00e8ne","url":"https:\/\/dev.centtreize.com\/rsr\/author\/rsr\/"}]}},"_links":{"self":[{"href":"https:\/\/dev.centtreize.com\/rsr\/wp-json\/wp\/v2\/posts\/11953","targetHints":{"allow":["GET"]}}],"collection":[{"href":"https:\/\/dev.centtreize.com\/rsr\/wp-json\/wp\/v2\/posts"}],"about":[{"href":"https:\/\/dev.centtreize.com\/rsr\/wp-json\/wp\/v2\/types\/post"}],"author":[{"embeddable":true,"href":"https:\/\/dev.centtreize.com\/rsr\/wp-json\/wp\/v2\/users\/2"}],"replies":[{"embeddable":true,"href":"https:\/\/dev.centtreize.com\/rsr\/wp-json\/wp\/v2\/comments?post=11953"}],"version-history":[{"count":12,"href":"https:\/\/dev.centtreize.com\/rsr\/wp-json\/wp\/v2\/posts\/11953\/revisions"}],"predecessor-version":[{"id":19315,"href":"https:\/\/dev.centtreize.com\/rsr\/wp-json\/wp\/v2\/posts\/11953\/revisions\/19315"}],"wp:attachment":[{"href":"https:\/\/dev.centtreize.com\/rsr\/wp-json\/wp\/v2\/media?parent=11953"}],"wp:term":[{"taxonomy":"category","embeddable":true,"href":"https:\/\/dev.centtreize.com\/rsr\/wp-json\/wp\/v2\/categories?post=11953"},{"taxonomy":"post_tag","embeddable":true,"href":"https:\/\/dev.centtreize.com\/rsr\/wp-json\/wp\/v2\/tags?post=11953"},{"taxonomy":"keywords","embeddable":true,"href":"https:\/\/dev.centtreize.com\/rsr\/wp-json\/wp\/v2\/keywords?post=11953"}],"curies":[{"name":"wp","href":"https:\/\/api.w.org\/{rel}","templated":true}]}}