{"id":11927,"date":"2019-03-20T16:15:37","date_gmt":"2019-03-20T15:15:37","guid":{"rendered":"http:\/\/www.revue-rsr.com\/?p=11927"},"modified":"2025-06-13T07:59:30","modified_gmt":"2025-06-13T06:59:30","slug":"a-loccasion-du-cinquantenaire-de-medellin-tout-autre-est-la-tradition-europeenne","status":"publish","type":"post","link":"https:\/\/dev.centtreize.com\/rsr\/article\/a-loccasion-du-cinquantenaire-de-medellin-tout-autre-est-la-tradition-europeenne\/","title":{"rendered":"La force de la \u00ab coll\u00e9gialit\u00e9 \u00bb aux conf\u00e9rences du Celam : une route historique et th\u00e9ologique lors de la conf\u00e9rence de Medell\u00edn (1968)"},"content":{"rendered":"<p>L\u2019\u00c9glise avance en fonction des d\u00e9fis de chaque \u00e9poque comme le\u00a0montrent les Conf\u00e9rences \u00e9piscopales. Par-del\u00e0 cette histoire, la pr\u00e9sente\u00a0contribution cherche \u00e0 relever comment la coll\u00e9gialit\u00e9 \u00e9piscopale\u00a0est une mani\u00e8re d\u2019\u00eatre \u00c9glise et comment, pour le cas de\u00a0l\u2019Am\u00e9rique Latine, elle est l\u2019expression de la synodalit\u00e9 de l\u2019\u00c9glise\u00a0traduisant le d\u00e9sir commun d\u2019\u00eatre peuple de Dieu. La conf\u00e9rence de\u00a0Medellin a amplifi\u00e9 cet exercice de la synodalit\u00e9, amenant l\u2019\u00c9glise\u00a0de ce continent \u00e0 ne plus se voir comme&nbsp;\u00ab&nbsp;\u00c9glise-reflet&nbsp;\u00bb des autres\u00a0\u00c9glises mais comme&nbsp;\u00ab&nbsp;\u00c9glise-source&nbsp;\u00bb. Cette mani\u00e8re de travailler\u00a0montre qu\u2019il est possible que l\u2019institution soit au service de la soci\u00e9t\u00e9\u00a0et non d\u2019elle-m\u00eame.<\/p>\n","protected":false},"excerpt":{"rendered":"<p>L\u2019\u00c9glise avance en fonction des d\u00e9fis de chaque \u00e9poque comme le\u00a0montrent les Conf\u00e9rences \u00e9piscopales. Par-del\u00e0 cette histoire, la pr\u00e9sente\u00a0contribution cherche \u00e0 relever comment la coll\u00e9gialit\u00e9 \u00e9piscopale\u00a0est une mani\u00e8re d\u2019\u00eatre \u00c9glise et comment, pour le cas de\u00a0l\u2019Am\u00e9rique Latine, elle est l\u2019expression de la synodalit\u00e9 de l\u2019\u00c9glise\u00a0traduisant le d\u00e9sir commun d\u2019\u00eatre peuple de Dieu. La conf\u00e9rence de\u00a0Medellin a amplifi\u00e9 cet exercice de la synodalit\u00e9, amenant l\u2019\u00c9glise\u00a0de ce continent \u00e0 ne plus se voir comme&nbsp;\u00ab&nbsp;\u00c9glise-reflet&nbsp;\u00bb des autres\u00a0\u00c9glises mais comme&nbsp;\u00ab&nbsp;\u00c9glise-source&nbsp;\u00bb. Cette mani\u00e8re de travailler\u00a0montre qu\u2019il est possible que l\u2019institution soit au service de la soci\u00e9t\u00e9\u00a0et non d\u2019elle-m\u00eame.<\/p>\n","protected":false},"author":2,"featured_media":0,"comment_status":"closed","ping_status":"closed","sticky":false,"template":"","format":"standard","meta":{"_acf_changed":false,"footnotes":""},"categories":[6],"tags":[545,544,22,546,547,377,548],"keywords":[1137,1227],"class_list":["post-11927","post","type-post","status-publish","format-standard","hentry","category-article","tag-celam","tag-conference-episcopale","tag-eglise","tag-eglise-reflet","tag-eglise-source","tag-engagement","tag-institution","keywords-eglise","keywords-synodalite"],"acf":[],"yoast_head":"<!-- This site is optimized with the Yoast SEO plugin v27.2 - https:\/\/yoast.com\/product\/yoast-seo-wordpress\/ -->\n<title>La force de la \u00ab coll\u00e9gialit\u00e9 \u00bb aux conf\u00e9rences du Celam : une route historique et th\u00e9ologique lors de la conf\u00e9rence de Medell\u00edn (1968) - Recherches de Science Religieuse<\/title>\n<meta name=\"robots\" content=\"index, follow, max-snippet:-1, max-image-preview:large, max-video-preview:-1\" \/>\n<link rel=\"canonical\" href=\"https:\/\/dev.centtreize.com\/rsr\/article\/a-loccasion-du-cinquantenaire-de-medellin-tout-autre-est-la-tradition-europeenne\/\" \/>\n<meta property=\"og:locale\" content=\"fr_FR\" \/>\n<meta property=\"og:type\" content=\"article\" \/>\n<meta property=\"og:title\" content=\"La force de la \u00ab coll\u00e9gialit\u00e9 \u00bb aux conf\u00e9rences du Celam : une route historique et th\u00e9ologique lors de la conf\u00e9rence de Medell\u00edn (1968) - Recherches de Science Religieuse\" \/>\n<meta property=\"og:description\" content=\"L\u2019\u00c9glise avance en fonction des d\u00e9fis de chaque \u00e9poque comme le\u00a0montrent les Conf\u00e9rences \u00e9piscopales. Par-del\u00e0 cette histoire, la pr\u00e9sente\u00a0contribution cherche \u00e0 relever comment la coll\u00e9gialit\u00e9 \u00e9piscopale\u00a0est une mani\u00e8re d\u2019\u00eatre \u00c9glise et comment, pour le cas de\u00a0l\u2019Am\u00e9rique Latine, elle est l\u2019expression de la synodalit\u00e9 de l\u2019\u00c9glise\u00a0traduisant le d\u00e9sir commun d\u2019\u00eatre peuple de Dieu. La conf\u00e9rence de\u00a0Medellin a amplifi\u00e9 cet exercice de la synodalit\u00e9, amenant l\u2019\u00c9glise\u00a0de ce continent \u00e0 ne plus se voir comme&nbsp;\u00ab&nbsp;\u00c9glise-reflet&nbsp;\u00bb des autres\u00a0\u00c9glises mais comme&nbsp;\u00ab&nbsp;\u00c9glise-source&nbsp;\u00bb. Cette mani\u00e8re de travailler\u00a0montre qu\u2019il est possible que l\u2019institution soit au service de la soci\u00e9t\u00e9\u00a0et non d\u2019elle-m\u00eame.\" \/>\n<meta property=\"og:url\" content=\"https:\/\/dev.centtreize.com\/rsr\/article\/a-loccasion-du-cinquantenaire-de-medellin-tout-autre-est-la-tradition-europeenne\/\" \/>\n<meta property=\"og:site_name\" content=\"Recherches de Science Religieuse\" \/>\n<meta property=\"article:published_time\" content=\"2019-03-20T15:15:37+00:00\" \/>\n<meta property=\"article:modified_time\" content=\"2025-06-13T06:59:30+00:00\" \/>\n<meta name=\"author\" content=\"H\u00e9l\u00e8ne\" \/>\n<meta name=\"twitter:card\" content=\"summary_large_image\" \/>\n<meta name=\"twitter:label1\" content=\"\u00c9crit par\" \/>\n\t<meta name=\"twitter:data1\" content=\"H\u00e9l\u00e8ne\" \/>\n\t<meta name=\"twitter:label2\" content=\"Dur\u00e9e de lecture estim\u00e9e\" \/>\n\t<meta name=\"twitter:data2\" content=\"1 minute\" \/>\n<script type=\"application\/ld+json\" class=\"yoast-schema-graph\">{\"@context\":\"https:\/\/schema.org\",\"@graph\":[{\"@type\":\"Article\",\"@id\":\"https:\/\/dev.centtreize.com\/rsr\/article\/a-loccasion-du-cinquantenaire-de-medellin-tout-autre-est-la-tradition-europeenne\/#article\",\"isPartOf\":{\"@id\":\"https:\/\/dev.centtreize.com\/rsr\/article\/a-loccasion-du-cinquantenaire-de-medellin-tout-autre-est-la-tradition-europeenne\/\"},\"author\":{\"name\":\"H\u00e9l\u00e8ne\",\"@id\":\"https:\/\/dev.centtreize.com\/rsr\/#\/schema\/person\/eb039ce63dcbc3fec0a6b81e43e29ad3\"},\"headline\":\"La force de la \u00ab coll\u00e9gialit\u00e9 \u00bb aux conf\u00e9rences du Celam : une route historique et th\u00e9ologique lors de la conf\u00e9rence de Medell\u00edn (1968)\",\"datePublished\":\"2019-03-20T15:15:37+00:00\",\"dateModified\":\"2025-06-13T06:59:30+00:00\",\"mainEntityOfPage\":{\"@id\":\"https:\/\/dev.centtreize.com\/rsr\/article\/a-loccasion-du-cinquantenaire-de-medellin-tout-autre-est-la-tradition-europeenne\/\"},\"wordCount\":149,\"publisher\":{\"@id\":\"https:\/\/dev.centtreize.com\/rsr\/#organization\"},\"keywords\":[\"Celam\",\"conf\u00e9rence \u00e9piscopale\",\"Eglise\",\"\u00e9glise-reflet\",\"\u00e9glise-source\",\"engagement\",\"institution\"],\"articleSection\":[\"article\"],\"inLanguage\":\"fr-FR\"},{\"@type\":\"WebPage\",\"@id\":\"https:\/\/dev.centtreize.com\/rsr\/article\/a-loccasion-du-cinquantenaire-de-medellin-tout-autre-est-la-tradition-europeenne\/\",\"url\":\"https:\/\/dev.centtreize.com\/rsr\/article\/a-loccasion-du-cinquantenaire-de-medellin-tout-autre-est-la-tradition-europeenne\/\",\"name\":\"La force de la \u00ab coll\u00e9gialit\u00e9 \u00bb aux conf\u00e9rences du Celam : une route historique et th\u00e9ologique lors de la conf\u00e9rence de Medell\u00edn (1968) - Recherches de Science Religieuse\",\"isPartOf\":{\"@id\":\"https:\/\/dev.centtreize.com\/rsr\/#website\"},\"datePublished\":\"2019-03-20T15:15:37+00:00\",\"dateModified\":\"2025-06-13T06:59:30+00:00\",\"breadcrumb\":{\"@id\":\"https:\/\/dev.centtreize.com\/rsr\/article\/a-loccasion-du-cinquantenaire-de-medellin-tout-autre-est-la-tradition-europeenne\/#breadcrumb\"},\"inLanguage\":\"fr-FR\",\"potentialAction\":[{\"@type\":\"ReadAction\",\"target\":[\"https:\/\/dev.centtreize.com\/rsr\/article\/a-loccasion-du-cinquantenaire-de-medellin-tout-autre-est-la-tradition-europeenne\/\"]}]},{\"@type\":\"BreadcrumbList\",\"@id\":\"https:\/\/dev.centtreize.com\/rsr\/article\/a-loccasion-du-cinquantenaire-de-medellin-tout-autre-est-la-tradition-europeenne\/#breadcrumb\",\"itemListElement\":[{\"@type\":\"ListItem\",\"position\":1,\"name\":\"Accueil\",\"item\":\"https:\/\/dev.centtreize.com\/rsr\/\"},{\"@type\":\"ListItem\",\"position\":2,\"name\":\"La force de la \u00ab coll\u00e9gialit\u00e9 \u00bb aux conf\u00e9rences du Celam : une route historique et th\u00e9ologique lors de la conf\u00e9rence de Medell\u00edn (1968)\"}]},{\"@type\":\"WebSite\",\"@id\":\"https:\/\/dev.centtreize.com\/rsr\/#website\",\"url\":\"https:\/\/dev.centtreize.com\/rsr\/\",\"name\":\"Recherches de Science Religieuse\",\"description\":\"Recherches de Science Religieuse\",\"publisher\":{\"@id\":\"https:\/\/dev.centtreize.com\/rsr\/#organization\"},\"potentialAction\":[{\"@type\":\"SearchAction\",\"target\":{\"@type\":\"EntryPoint\",\"urlTemplate\":\"https:\/\/dev.centtreize.com\/rsr\/?s={search_term_string}\"},\"query-input\":{\"@type\":\"PropertyValueSpecification\",\"valueRequired\":true,\"valueName\":\"search_term_string\"}}],\"inLanguage\":\"fr-FR\"},{\"@type\":\"Organization\",\"@id\":\"https:\/\/dev.centtreize.com\/rsr\/#organization\",\"name\":\"Recherches de Science Religieuse\",\"url\":\"https:\/\/dev.centtreize.com\/rsr\/\",\"logo\":{\"@type\":\"ImageObject\",\"inLanguage\":\"fr-FR\",\"@id\":\"https:\/\/dev.centtreize.com\/rsr\/#\/schema\/logo\/image\/\",\"url\":\"https:\/\/dev.centtreize.com\/rsr\/wp-content\/uploads\/2024\/10\/logo_rsr.png\",\"contentUrl\":\"https:\/\/dev.centtreize.com\/rsr\/wp-content\/uploads\/2024\/10\/logo_rsr.png\",\"width\":300,\"height\":225,\"caption\":\"Recherches de Science Religieuse\"},\"image\":{\"@id\":\"https:\/\/dev.centtreize.com\/rsr\/#\/schema\/logo\/image\/\"}},{\"@type\":\"Person\",\"@id\":\"https:\/\/dev.centtreize.com\/rsr\/#\/schema\/person\/eb039ce63dcbc3fec0a6b81e43e29ad3\",\"name\":\"H\u00e9l\u00e8ne\",\"url\":\"https:\/\/dev.centtreize.com\/rsr\/author\/rsr\/\"}]}<\/script>\n<!-- \/ Yoast SEO plugin. -->","yoast_head_json":{"title":"La force de la \u00ab coll\u00e9gialit\u00e9 \u00bb aux conf\u00e9rences du Celam : une route historique et th\u00e9ologique lors de la conf\u00e9rence de Medell\u00edn (1968) - Recherches de Science Religieuse","robots":{"index":"index","follow":"follow","max-snippet":"max-snippet:-1","max-image-preview":"max-image-preview:large","max-video-preview":"max-video-preview:-1"},"canonical":"https:\/\/dev.centtreize.com\/rsr\/article\/a-loccasion-du-cinquantenaire-de-medellin-tout-autre-est-la-tradition-europeenne\/","og_locale":"fr_FR","og_type":"article","og_title":"La force de la \u00ab coll\u00e9gialit\u00e9 \u00bb aux conf\u00e9rences du Celam : une route historique et th\u00e9ologique lors de la conf\u00e9rence de Medell\u00edn (1968) - Recherches de Science Religieuse","og_description":"L\u2019\u00c9glise avance en fonction des d\u00e9fis de chaque \u00e9poque comme le\u00a0montrent les Conf\u00e9rences \u00e9piscopales. Par-del\u00e0 cette histoire, la pr\u00e9sente\u00a0contribution cherche \u00e0 relever comment la coll\u00e9gialit\u00e9 \u00e9piscopale\u00a0est une mani\u00e8re d\u2019\u00eatre \u00c9glise et comment, pour le cas de\u00a0l\u2019Am\u00e9rique Latine, elle est l\u2019expression de la synodalit\u00e9 de l\u2019\u00c9glise\u00a0traduisant le d\u00e9sir commun d\u2019\u00eatre peuple de Dieu. La conf\u00e9rence de\u00a0Medellin a amplifi\u00e9 cet exercice de la synodalit\u00e9, amenant l\u2019\u00c9glise\u00a0de ce continent \u00e0 ne plus se voir comme&nbsp;\u00ab&nbsp;\u00c9glise-reflet&nbsp;\u00bb des autres\u00a0\u00c9glises mais comme&nbsp;\u00ab&nbsp;\u00c9glise-source&nbsp;\u00bb. Cette mani\u00e8re de travailler\u00a0montre qu\u2019il est possible que l\u2019institution soit au service de la soci\u00e9t\u00e9\u00a0et non d\u2019elle-m\u00eame.","og_url":"https:\/\/dev.centtreize.com\/rsr\/article\/a-loccasion-du-cinquantenaire-de-medellin-tout-autre-est-la-tradition-europeenne\/","og_site_name":"Recherches de Science Religieuse","article_published_time":"2019-03-20T15:15:37+00:00","article_modified_time":"2025-06-13T06:59:30+00:00","author":"H\u00e9l\u00e8ne","twitter_card":"summary_large_image","twitter_misc":{"\u00c9crit par":"H\u00e9l\u00e8ne","Dur\u00e9e de lecture estim\u00e9e":"1 minute"},"schema":{"@context":"https:\/\/schema.org","@graph":[{"@type":"Article","@id":"https:\/\/dev.centtreize.com\/rsr\/article\/a-loccasion-du-cinquantenaire-de-medellin-tout-autre-est-la-tradition-europeenne\/#article","isPartOf":{"@id":"https:\/\/dev.centtreize.com\/rsr\/article\/a-loccasion-du-cinquantenaire-de-medellin-tout-autre-est-la-tradition-europeenne\/"},"author":{"name":"H\u00e9l\u00e8ne","@id":"https:\/\/dev.centtreize.com\/rsr\/#\/schema\/person\/eb039ce63dcbc3fec0a6b81e43e29ad3"},"headline":"La force de la \u00ab coll\u00e9gialit\u00e9 \u00bb aux conf\u00e9rences du Celam : une route historique et th\u00e9ologique lors de la conf\u00e9rence de Medell\u00edn (1968)","datePublished":"2019-03-20T15:15:37+00:00","dateModified":"2025-06-13T06:59:30+00:00","mainEntityOfPage":{"@id":"https:\/\/dev.centtreize.com\/rsr\/article\/a-loccasion-du-cinquantenaire-de-medellin-tout-autre-est-la-tradition-europeenne\/"},"wordCount":149,"publisher":{"@id":"https:\/\/dev.centtreize.com\/rsr\/#organization"},"keywords":["Celam","conf\u00e9rence \u00e9piscopale","Eglise","\u00e9glise-reflet","\u00e9glise-source","engagement","institution"],"articleSection":["article"],"inLanguage":"fr-FR"},{"@type":"WebPage","@id":"https:\/\/dev.centtreize.com\/rsr\/article\/a-loccasion-du-cinquantenaire-de-medellin-tout-autre-est-la-tradition-europeenne\/","url":"https:\/\/dev.centtreize.com\/rsr\/article\/a-loccasion-du-cinquantenaire-de-medellin-tout-autre-est-la-tradition-europeenne\/","name":"La force de la \u00ab coll\u00e9gialit\u00e9 \u00bb aux conf\u00e9rences du Celam : une route historique et th\u00e9ologique lors de la conf\u00e9rence de Medell\u00edn (1968) - Recherches de Science Religieuse","isPartOf":{"@id":"https:\/\/dev.centtreize.com\/rsr\/#website"},"datePublished":"2019-03-20T15:15:37+00:00","dateModified":"2025-06-13T06:59:30+00:00","breadcrumb":{"@id":"https:\/\/dev.centtreize.com\/rsr\/article\/a-loccasion-du-cinquantenaire-de-medellin-tout-autre-est-la-tradition-europeenne\/#breadcrumb"},"inLanguage":"fr-FR","potentialAction":[{"@type":"ReadAction","target":["https:\/\/dev.centtreize.com\/rsr\/article\/a-loccasion-du-cinquantenaire-de-medellin-tout-autre-est-la-tradition-europeenne\/"]}]},{"@type":"BreadcrumbList","@id":"https:\/\/dev.centtreize.com\/rsr\/article\/a-loccasion-du-cinquantenaire-de-medellin-tout-autre-est-la-tradition-europeenne\/#breadcrumb","itemListElement":[{"@type":"ListItem","position":1,"name":"Accueil","item":"https:\/\/dev.centtreize.com\/rsr\/"},{"@type":"ListItem","position":2,"name":"La force de la \u00ab coll\u00e9gialit\u00e9 \u00bb aux conf\u00e9rences du Celam : une route historique et th\u00e9ologique lors de la conf\u00e9rence de Medell\u00edn (1968)"}]},{"@type":"WebSite","@id":"https:\/\/dev.centtreize.com\/rsr\/#website","url":"https:\/\/dev.centtreize.com\/rsr\/","name":"Recherches de Science Religieuse","description":"Recherches de Science Religieuse","publisher":{"@id":"https:\/\/dev.centtreize.com\/rsr\/#organization"},"potentialAction":[{"@type":"SearchAction","target":{"@type":"EntryPoint","urlTemplate":"https:\/\/dev.centtreize.com\/rsr\/?s={search_term_string}"},"query-input":{"@type":"PropertyValueSpecification","valueRequired":true,"valueName":"search_term_string"}}],"inLanguage":"fr-FR"},{"@type":"Organization","@id":"https:\/\/dev.centtreize.com\/rsr\/#organization","name":"Recherches de Science Religieuse","url":"https:\/\/dev.centtreize.com\/rsr\/","logo":{"@type":"ImageObject","inLanguage":"fr-FR","@id":"https:\/\/dev.centtreize.com\/rsr\/#\/schema\/logo\/image\/","url":"https:\/\/dev.centtreize.com\/rsr\/wp-content\/uploads\/2024\/10\/logo_rsr.png","contentUrl":"https:\/\/dev.centtreize.com\/rsr\/wp-content\/uploads\/2024\/10\/logo_rsr.png","width":300,"height":225,"caption":"Recherches de Science Religieuse"},"image":{"@id":"https:\/\/dev.centtreize.com\/rsr\/#\/schema\/logo\/image\/"}},{"@type":"Person","@id":"https:\/\/dev.centtreize.com\/rsr\/#\/schema\/person\/eb039ce63dcbc3fec0a6b81e43e29ad3","name":"H\u00e9l\u00e8ne","url":"https:\/\/dev.centtreize.com\/rsr\/author\/rsr\/"}]}},"_links":{"self":[{"href":"https:\/\/dev.centtreize.com\/rsr\/wp-json\/wp\/v2\/posts\/11927","targetHints":{"allow":["GET"]}}],"collection":[{"href":"https:\/\/dev.centtreize.com\/rsr\/wp-json\/wp\/v2\/posts"}],"about":[{"href":"https:\/\/dev.centtreize.com\/rsr\/wp-json\/wp\/v2\/types\/post"}],"author":[{"embeddable":true,"href":"https:\/\/dev.centtreize.com\/rsr\/wp-json\/wp\/v2\/users\/2"}],"replies":[{"embeddable":true,"href":"https:\/\/dev.centtreize.com\/rsr\/wp-json\/wp\/v2\/comments?post=11927"}],"version-history":[{"count":12,"href":"https:\/\/dev.centtreize.com\/rsr\/wp-json\/wp\/v2\/posts\/11927\/revisions"}],"predecessor-version":[{"id":17644,"href":"https:\/\/dev.centtreize.com\/rsr\/wp-json\/wp\/v2\/posts\/11927\/revisions\/17644"}],"wp:attachment":[{"href":"https:\/\/dev.centtreize.com\/rsr\/wp-json\/wp\/v2\/media?parent=11927"}],"wp:term":[{"taxonomy":"category","embeddable":true,"href":"https:\/\/dev.centtreize.com\/rsr\/wp-json\/wp\/v2\/categories?post=11927"},{"taxonomy":"post_tag","embeddable":true,"href":"https:\/\/dev.centtreize.com\/rsr\/wp-json\/wp\/v2\/tags?post=11927"},{"taxonomy":"keywords","embeddable":true,"href":"https:\/\/dev.centtreize.com\/rsr\/wp-json\/wp\/v2\/keywords?post=11927"}],"curies":[{"name":"wp","href":"https:\/\/api.w.org\/{rel}","templated":true}]}}