{"id":11924,"date":"2019-03-20T16:09:40","date_gmt":"2019-03-20T15:09:40","guid":{"rendered":"http:\/\/www.revue-rsr.com\/?p=11924"},"modified":"2025-06-13T08:00:26","modified_gmt":"2025-06-13T07:00:26","slug":"le-concile-provincial-une-chance-pour-la-synodalite-de-leglise","status":"publish","type":"post","link":"https:\/\/dev.centtreize.com\/rsr\/article\/le-concile-provincial-une-chance-pour-la-synodalite-de-leglise\/","title":{"rendered":"Le concile provincial, une chance pour la synodalit\u00e9 de l\u2019\u00c9glise"},"content":{"rendered":"<p>Dans l\u2019\u00c9glise catholique, les conciles provinciaux sont rares, tant\u00a0comme \u00e9v\u00e9nements de la vie eccl\u00e9siale que comme objets d\u2019\u00e9tude.\u00a0En th\u00e9orie, ils ont pourtant toujours \u00e9t\u00e9 reconnus comme importants,\u00a0y compris au concile Vatican II. L\u2019auteur commence par un\u00a0parcours historique, puis analyse le concile provincial de Lille (2013-2015), pour enfin pr\u00e9senter plusieurs enjeux eccl\u00e9siologiques qui\u00a0sont autant de questions que de perspectives. La conclusion est que\u00a0la synodalit\u00e9 d\u00e9ploy\u00e9e dans un concile provincial permet un triple\u00a0renforcement&nbsp;: de l\u2019\u00c9glise locale, de l\u2019\u00e9piscopat et de l\u2019\u00c9glise comprise\u00a0comme peuple de Dieu et temple de l\u2019Esprit.<\/p>\n","protected":false},"excerpt":{"rendered":"<p>Dans l\u2019\u00c9glise catholique, les conciles provinciaux sont rares, tant\u00a0comme \u00e9v\u00e9nements de la vie eccl\u00e9siale que comme objets d\u2019\u00e9tude.\u00a0En th\u00e9orie, ils ont pourtant toujours \u00e9t\u00e9 reconnus comme importants,\u00a0y compris au concile Vatican II. L\u2019auteur commence par un\u00a0parcours historique, puis analyse le concile provincial de Lille (2013-2015), pour enfin pr\u00e9senter plusieurs enjeux eccl\u00e9siologiques qui\u00a0sont autant de questions que de perspectives. La conclusion est que\u00a0la synodalit\u00e9 d\u00e9ploy\u00e9e dans un concile provincial permet un triple\u00a0renforcement&nbsp;: de l\u2019\u00c9glise locale, de l\u2019\u00e9piscopat et de l\u2019\u00c9glise comprise\u00a0comme peuple de Dieu et temple de l\u2019Esprit.<\/p>\n","protected":false},"author":2,"featured_media":0,"comment_status":"closed","ping_status":"closed","sticky":false,"template":"","format":"standard","meta":{"_acf_changed":false,"footnotes":""},"categories":[6],"tags":[558,559,560,222,561],"keywords":[1236,1137,1227],"class_list":["post-11924","post","type-post","status-publish","format-standard","hentry","category-article","tag-concile-provincial","tag-eglise-locale","tag-episcopat","tag-peuple-de-dieu","tag-temple-de-lesprit","keywords-droit-canonique","keywords-eglise","keywords-synodalite"],"acf":[],"yoast_head":"<!-- This site is optimized with the Yoast SEO plugin v27.2 - https:\/\/yoast.com\/product\/yoast-seo-wordpress\/ -->\n<title>Le concile provincial, une chance pour la synodalit\u00e9 de l\u2019\u00c9glise - Recherches de Science Religieuse<\/title>\n<meta name=\"robots\" content=\"index, follow, max-snippet:-1, max-image-preview:large, max-video-preview:-1\" \/>\n<link rel=\"canonical\" href=\"https:\/\/dev.centtreize.com\/rsr\/article\/le-concile-provincial-une-chance-pour-la-synodalite-de-leglise\/\" \/>\n<meta property=\"og:locale\" content=\"fr_FR\" \/>\n<meta property=\"og:type\" content=\"article\" \/>\n<meta property=\"og:title\" content=\"Le concile provincial, une chance pour la synodalit\u00e9 de l\u2019\u00c9glise - Recherches de Science Religieuse\" \/>\n<meta property=\"og:description\" content=\"Dans l\u2019\u00c9glise catholique, les conciles provinciaux sont rares, tant\u00a0comme \u00e9v\u00e9nements de la vie eccl\u00e9siale que comme objets d\u2019\u00e9tude.\u00a0En th\u00e9orie, ils ont pourtant toujours \u00e9t\u00e9 reconnus comme importants,\u00a0y compris au concile Vatican II. L\u2019auteur commence par un\u00a0parcours historique, puis analyse le concile provincial de Lille (2013-2015), pour enfin pr\u00e9senter plusieurs enjeux eccl\u00e9siologiques qui\u00a0sont autant de questions que de perspectives. La conclusion est que\u00a0la synodalit\u00e9 d\u00e9ploy\u00e9e dans un concile provincial permet un triple\u00a0renforcement&nbsp;: de l\u2019\u00c9glise locale, de l\u2019\u00e9piscopat et de l\u2019\u00c9glise comprise\u00a0comme peuple de Dieu et temple de l\u2019Esprit.\" \/>\n<meta property=\"og:url\" content=\"https:\/\/dev.centtreize.com\/rsr\/article\/le-concile-provincial-une-chance-pour-la-synodalite-de-leglise\/\" \/>\n<meta property=\"og:site_name\" content=\"Recherches de Science Religieuse\" \/>\n<meta property=\"article:published_time\" content=\"2019-03-20T15:09:40+00:00\" \/>\n<meta property=\"article:modified_time\" content=\"2025-06-13T07:00:26+00:00\" \/>\n<meta name=\"author\" content=\"H\u00e9l\u00e8ne\" \/>\n<meta name=\"twitter:card\" content=\"summary_large_image\" \/>\n<meta name=\"twitter:label1\" content=\"\u00c9crit par\" \/>\n\t<meta name=\"twitter:data1\" content=\"H\u00e9l\u00e8ne\" \/>\n\t<meta name=\"twitter:label2\" content=\"Dur\u00e9e de lecture estim\u00e9e\" \/>\n\t<meta name=\"twitter:data2\" content=\"1 minute\" \/>\n<script type=\"application\/ld+json\" class=\"yoast-schema-graph\">{\"@context\":\"https:\/\/schema.org\",\"@graph\":[{\"@type\":\"Article\",\"@id\":\"https:\/\/dev.centtreize.com\/rsr\/article\/le-concile-provincial-une-chance-pour-la-synodalite-de-leglise\/#article\",\"isPartOf\":{\"@id\":\"https:\/\/dev.centtreize.com\/rsr\/article\/le-concile-provincial-une-chance-pour-la-synodalite-de-leglise\/\"},\"author\":{\"name\":\"H\u00e9l\u00e8ne\",\"@id\":\"https:\/\/dev.centtreize.com\/rsr\/#\/schema\/person\/eb039ce63dcbc3fec0a6b81e43e29ad3\"},\"headline\":\"Le concile provincial, une chance pour la synodalit\u00e9 de l\u2019\u00c9glise\",\"datePublished\":\"2019-03-20T15:09:40+00:00\",\"dateModified\":\"2025-06-13T07:00:26+00:00\",\"mainEntityOfPage\":{\"@id\":\"https:\/\/dev.centtreize.com\/rsr\/article\/le-concile-provincial-une-chance-pour-la-synodalite-de-leglise\/\"},\"wordCount\":120,\"publisher\":{\"@id\":\"https:\/\/dev.centtreize.com\/rsr\/#organization\"},\"keywords\":[\"concile provincial\",\"\u00e9glise locale\",\"\u00e9piscopat\",\"peuple de Dieu\",\"temple de l'Esprit\"],\"articleSection\":[\"article\"],\"inLanguage\":\"fr-FR\"},{\"@type\":\"WebPage\",\"@id\":\"https:\/\/dev.centtreize.com\/rsr\/article\/le-concile-provincial-une-chance-pour-la-synodalite-de-leglise\/\",\"url\":\"https:\/\/dev.centtreize.com\/rsr\/article\/le-concile-provincial-une-chance-pour-la-synodalite-de-leglise\/\",\"name\":\"Le concile provincial, une chance pour la synodalit\u00e9 de l\u2019\u00c9glise - Recherches de Science Religieuse\",\"isPartOf\":{\"@id\":\"https:\/\/dev.centtreize.com\/rsr\/#website\"},\"datePublished\":\"2019-03-20T15:09:40+00:00\",\"dateModified\":\"2025-06-13T07:00:26+00:00\",\"breadcrumb\":{\"@id\":\"https:\/\/dev.centtreize.com\/rsr\/article\/le-concile-provincial-une-chance-pour-la-synodalite-de-leglise\/#breadcrumb\"},\"inLanguage\":\"fr-FR\",\"potentialAction\":[{\"@type\":\"ReadAction\",\"target\":[\"https:\/\/dev.centtreize.com\/rsr\/article\/le-concile-provincial-une-chance-pour-la-synodalite-de-leglise\/\"]}]},{\"@type\":\"BreadcrumbList\",\"@id\":\"https:\/\/dev.centtreize.com\/rsr\/article\/le-concile-provincial-une-chance-pour-la-synodalite-de-leglise\/#breadcrumb\",\"itemListElement\":[{\"@type\":\"ListItem\",\"position\":1,\"name\":\"Accueil\",\"item\":\"https:\/\/dev.centtreize.com\/rsr\/\"},{\"@type\":\"ListItem\",\"position\":2,\"name\":\"Le concile provincial, une chance pour la synodalit\u00e9 de l\u2019\u00c9glise\"}]},{\"@type\":\"WebSite\",\"@id\":\"https:\/\/dev.centtreize.com\/rsr\/#website\",\"url\":\"https:\/\/dev.centtreize.com\/rsr\/\",\"name\":\"Recherches de Science Religieuse\",\"description\":\"Recherches de Science Religieuse\",\"publisher\":{\"@id\":\"https:\/\/dev.centtreize.com\/rsr\/#organization\"},\"potentialAction\":[{\"@type\":\"SearchAction\",\"target\":{\"@type\":\"EntryPoint\",\"urlTemplate\":\"https:\/\/dev.centtreize.com\/rsr\/?s={search_term_string}\"},\"query-input\":{\"@type\":\"PropertyValueSpecification\",\"valueRequired\":true,\"valueName\":\"search_term_string\"}}],\"inLanguage\":\"fr-FR\"},{\"@type\":\"Organization\",\"@id\":\"https:\/\/dev.centtreize.com\/rsr\/#organization\",\"name\":\"Recherches de Science Religieuse\",\"url\":\"https:\/\/dev.centtreize.com\/rsr\/\",\"logo\":{\"@type\":\"ImageObject\",\"inLanguage\":\"fr-FR\",\"@id\":\"https:\/\/dev.centtreize.com\/rsr\/#\/schema\/logo\/image\/\",\"url\":\"https:\/\/dev.centtreize.com\/rsr\/wp-content\/uploads\/2024\/10\/logo_rsr.png\",\"contentUrl\":\"https:\/\/dev.centtreize.com\/rsr\/wp-content\/uploads\/2024\/10\/logo_rsr.png\",\"width\":300,\"height\":225,\"caption\":\"Recherches de Science Religieuse\"},\"image\":{\"@id\":\"https:\/\/dev.centtreize.com\/rsr\/#\/schema\/logo\/image\/\"}},{\"@type\":\"Person\",\"@id\":\"https:\/\/dev.centtreize.com\/rsr\/#\/schema\/person\/eb039ce63dcbc3fec0a6b81e43e29ad3\",\"name\":\"H\u00e9l\u00e8ne\",\"url\":\"https:\/\/dev.centtreize.com\/rsr\/author\/rsr\/\"}]}<\/script>\n<!-- \/ Yoast SEO plugin. -->","yoast_head_json":{"title":"Le concile provincial, une chance pour la synodalit\u00e9 de l\u2019\u00c9glise - Recherches de Science Religieuse","robots":{"index":"index","follow":"follow","max-snippet":"max-snippet:-1","max-image-preview":"max-image-preview:large","max-video-preview":"max-video-preview:-1"},"canonical":"https:\/\/dev.centtreize.com\/rsr\/article\/le-concile-provincial-une-chance-pour-la-synodalite-de-leglise\/","og_locale":"fr_FR","og_type":"article","og_title":"Le concile provincial, une chance pour la synodalit\u00e9 de l\u2019\u00c9glise - Recherches de Science Religieuse","og_description":"Dans l\u2019\u00c9glise catholique, les conciles provinciaux sont rares, tant\u00a0comme \u00e9v\u00e9nements de la vie eccl\u00e9siale que comme objets d\u2019\u00e9tude.\u00a0En th\u00e9orie, ils ont pourtant toujours \u00e9t\u00e9 reconnus comme importants,\u00a0y compris au concile Vatican II. L\u2019auteur commence par un\u00a0parcours historique, puis analyse le concile provincial de Lille (2013-2015), pour enfin pr\u00e9senter plusieurs enjeux eccl\u00e9siologiques qui\u00a0sont autant de questions que de perspectives. La conclusion est que\u00a0la synodalit\u00e9 d\u00e9ploy\u00e9e dans un concile provincial permet un triple\u00a0renforcement&nbsp;: de l\u2019\u00c9glise locale, de l\u2019\u00e9piscopat et de l\u2019\u00c9glise comprise\u00a0comme peuple de Dieu et temple de l\u2019Esprit.","og_url":"https:\/\/dev.centtreize.com\/rsr\/article\/le-concile-provincial-une-chance-pour-la-synodalite-de-leglise\/","og_site_name":"Recherches de Science Religieuse","article_published_time":"2019-03-20T15:09:40+00:00","article_modified_time":"2025-06-13T07:00:26+00:00","author":"H\u00e9l\u00e8ne","twitter_card":"summary_large_image","twitter_misc":{"\u00c9crit par":"H\u00e9l\u00e8ne","Dur\u00e9e de lecture estim\u00e9e":"1 minute"},"schema":{"@context":"https:\/\/schema.org","@graph":[{"@type":"Article","@id":"https:\/\/dev.centtreize.com\/rsr\/article\/le-concile-provincial-une-chance-pour-la-synodalite-de-leglise\/#article","isPartOf":{"@id":"https:\/\/dev.centtreize.com\/rsr\/article\/le-concile-provincial-une-chance-pour-la-synodalite-de-leglise\/"},"author":{"name":"H\u00e9l\u00e8ne","@id":"https:\/\/dev.centtreize.com\/rsr\/#\/schema\/person\/eb039ce63dcbc3fec0a6b81e43e29ad3"},"headline":"Le concile provincial, une chance pour la synodalit\u00e9 de l\u2019\u00c9glise","datePublished":"2019-03-20T15:09:40+00:00","dateModified":"2025-06-13T07:00:26+00:00","mainEntityOfPage":{"@id":"https:\/\/dev.centtreize.com\/rsr\/article\/le-concile-provincial-une-chance-pour-la-synodalite-de-leglise\/"},"wordCount":120,"publisher":{"@id":"https:\/\/dev.centtreize.com\/rsr\/#organization"},"keywords":["concile provincial","\u00e9glise locale","\u00e9piscopat","peuple de Dieu","temple de l'Esprit"],"articleSection":["article"],"inLanguage":"fr-FR"},{"@type":"WebPage","@id":"https:\/\/dev.centtreize.com\/rsr\/article\/le-concile-provincial-une-chance-pour-la-synodalite-de-leglise\/","url":"https:\/\/dev.centtreize.com\/rsr\/article\/le-concile-provincial-une-chance-pour-la-synodalite-de-leglise\/","name":"Le concile provincial, une chance pour la synodalit\u00e9 de l\u2019\u00c9glise - Recherches de Science Religieuse","isPartOf":{"@id":"https:\/\/dev.centtreize.com\/rsr\/#website"},"datePublished":"2019-03-20T15:09:40+00:00","dateModified":"2025-06-13T07:00:26+00:00","breadcrumb":{"@id":"https:\/\/dev.centtreize.com\/rsr\/article\/le-concile-provincial-une-chance-pour-la-synodalite-de-leglise\/#breadcrumb"},"inLanguage":"fr-FR","potentialAction":[{"@type":"ReadAction","target":["https:\/\/dev.centtreize.com\/rsr\/article\/le-concile-provincial-une-chance-pour-la-synodalite-de-leglise\/"]}]},{"@type":"BreadcrumbList","@id":"https:\/\/dev.centtreize.com\/rsr\/article\/le-concile-provincial-une-chance-pour-la-synodalite-de-leglise\/#breadcrumb","itemListElement":[{"@type":"ListItem","position":1,"name":"Accueil","item":"https:\/\/dev.centtreize.com\/rsr\/"},{"@type":"ListItem","position":2,"name":"Le concile provincial, une chance pour la synodalit\u00e9 de l\u2019\u00c9glise"}]},{"@type":"WebSite","@id":"https:\/\/dev.centtreize.com\/rsr\/#website","url":"https:\/\/dev.centtreize.com\/rsr\/","name":"Recherches de Science Religieuse","description":"Recherches de Science Religieuse","publisher":{"@id":"https:\/\/dev.centtreize.com\/rsr\/#organization"},"potentialAction":[{"@type":"SearchAction","target":{"@type":"EntryPoint","urlTemplate":"https:\/\/dev.centtreize.com\/rsr\/?s={search_term_string}"},"query-input":{"@type":"PropertyValueSpecification","valueRequired":true,"valueName":"search_term_string"}}],"inLanguage":"fr-FR"},{"@type":"Organization","@id":"https:\/\/dev.centtreize.com\/rsr\/#organization","name":"Recherches de Science Religieuse","url":"https:\/\/dev.centtreize.com\/rsr\/","logo":{"@type":"ImageObject","inLanguage":"fr-FR","@id":"https:\/\/dev.centtreize.com\/rsr\/#\/schema\/logo\/image\/","url":"https:\/\/dev.centtreize.com\/rsr\/wp-content\/uploads\/2024\/10\/logo_rsr.png","contentUrl":"https:\/\/dev.centtreize.com\/rsr\/wp-content\/uploads\/2024\/10\/logo_rsr.png","width":300,"height":225,"caption":"Recherches de Science Religieuse"},"image":{"@id":"https:\/\/dev.centtreize.com\/rsr\/#\/schema\/logo\/image\/"}},{"@type":"Person","@id":"https:\/\/dev.centtreize.com\/rsr\/#\/schema\/person\/eb039ce63dcbc3fec0a6b81e43e29ad3","name":"H\u00e9l\u00e8ne","url":"https:\/\/dev.centtreize.com\/rsr\/author\/rsr\/"}]}},"_links":{"self":[{"href":"https:\/\/dev.centtreize.com\/rsr\/wp-json\/wp\/v2\/posts\/11924","targetHints":{"allow":["GET"]}}],"collection":[{"href":"https:\/\/dev.centtreize.com\/rsr\/wp-json\/wp\/v2\/posts"}],"about":[{"href":"https:\/\/dev.centtreize.com\/rsr\/wp-json\/wp\/v2\/types\/post"}],"author":[{"embeddable":true,"href":"https:\/\/dev.centtreize.com\/rsr\/wp-json\/wp\/v2\/users\/2"}],"replies":[{"embeddable":true,"href":"https:\/\/dev.centtreize.com\/rsr\/wp-json\/wp\/v2\/comments?post=11924"}],"version-history":[{"count":11,"href":"https:\/\/dev.centtreize.com\/rsr\/wp-json\/wp\/v2\/posts\/11924\/revisions"}],"predecessor-version":[{"id":17643,"href":"https:\/\/dev.centtreize.com\/rsr\/wp-json\/wp\/v2\/posts\/11924\/revisions\/17643"}],"wp:attachment":[{"href":"https:\/\/dev.centtreize.com\/rsr\/wp-json\/wp\/v2\/media?parent=11924"}],"wp:term":[{"taxonomy":"category","embeddable":true,"href":"https:\/\/dev.centtreize.com\/rsr\/wp-json\/wp\/v2\/categories?post=11924"},{"taxonomy":"post_tag","embeddable":true,"href":"https:\/\/dev.centtreize.com\/rsr\/wp-json\/wp\/v2\/tags?post=11924"},{"taxonomy":"keywords","embeddable":true,"href":"https:\/\/dev.centtreize.com\/rsr\/wp-json\/wp\/v2\/keywords?post=11924"}],"curies":[{"name":"wp","href":"https:\/\/api.w.org\/{rel}","templated":true}]}}