{"id":11914,"date":"2019-03-20T16:27:18","date_gmt":"2019-03-20T15:27:18","guid":{"rendered":"http:\/\/www.revue-rsr.com\/?p=11914"},"modified":"2025-06-13T07:58:58","modified_gmt":"2025-06-13T06:58:58","slug":"la-synodalite-de-leglise-realites-et-perspectives-reprise-de-la-problematique-du-colloque","status":"publish","type":"post","link":"https:\/\/dev.centtreize.com\/rsr\/article\/la-synodalite-de-leglise-realites-et-perspectives-reprise-de-la-problematique-du-colloque\/","title":{"rendered":"Reprise de la probl\u00e9matique du colloque. La synodalit\u00e9 de l\u2019\u00c9glise, r\u00e9alit\u00e9s et perspectives"},"content":{"rendered":"<p>La synodalit\u00e9 de l\u2019\u00c9glise, telle qu\u2019on peut l\u2019appr\u00e9hender \u00e0 partir des contributions du num\u00e9ro pr\u00e9paratoire au colloque, prolong\u00e9es par des r\u00e9flexions plus personnelles, ne se limite pas aux assembl\u00e9es et aux conseils qui la symbolisent. Elle concerne aussi bien l\u2019organisation de l\u2019\u00c9glise que sa relation au Message qui la constitue. Elle invite \u00e0 s\u2019interroger sur la dialectique&nbsp;\u00ab&nbsp;personnel-coll\u00e9gial (ou synodal)-communautaire&nbsp;\u00bb, et \u00e9ventuellement \u00e0 en r\u00e9former l\u2019exercice. Elle implique une culture du consensus, mais aussi du d\u00e9bat. Et sans doute cette synodalit\u00e9 a-t-elle \u00e0 voir avec la lutte contre ce qu\u2019un Fran\u00e7ois d\u00e9nonce sous le nom de&nbsp;\u00ab&nbsp;cl\u00e9ricalisme&nbsp;\u00bb.<\/p>\n","protected":false},"excerpt":{"rendered":"<p>La synodalit\u00e9 de l\u2019\u00c9glise, telle qu\u2019on peut l\u2019appr\u00e9hender \u00e0 partir des contributions du num\u00e9ro pr\u00e9paratoire au colloque, prolong\u00e9es par des r\u00e9flexions plus personnelles, ne se limite pas aux assembl\u00e9es et aux conseils qui la symbolisent. Elle concerne aussi bien l\u2019organisation de l\u2019\u00c9glise que sa relation au Message qui la constitue. Elle invite \u00e0 s\u2019interroger sur la dialectique&nbsp;\u00ab&nbsp;personnel-coll\u00e9gial (ou synodal)-communautaire&nbsp;\u00bb, et \u00e9ventuellement \u00e0 en r\u00e9former l\u2019exercice. Elle implique une culture du consensus, mais aussi du d\u00e9bat. Et sans doute cette synodalit\u00e9 a-t-elle \u00e0 voir avec la lutte contre ce qu\u2019un Fran\u00e7ois d\u00e9nonce sous le nom de&nbsp;\u00ab&nbsp;cl\u00e9ricalisme&nbsp;\u00bb.<\/p>\n","protected":false},"author":2,"featured_media":0,"comment_status":"closed","ping_status":"closed","sticky":false,"template":"","format":"standard","meta":{"_acf_changed":false,"footnotes":""},"categories":[6],"tags":[534,543,538,539,535,541,542,22,536,537,540,525],"keywords":[1137,1227],"class_list":["post-11914","post","type-post","status-publish","format-standard","hentry","category-article","tag-assemblee","tag-clericalisme","tag-collegial","tag-communautaire","tag-conseil","tag-consensus","tag-debat","tag-eglise","tag-organisation","tag-personnel","tag-reformer","tag-synodalite","keywords-eglise","keywords-synodalite"],"acf":[],"yoast_head":"<!-- This site is optimized with the Yoast SEO plugin v27.2 - https:\/\/yoast.com\/product\/yoast-seo-wordpress\/ -->\n<title>Reprise de la probl\u00e9matique du colloque. La synodalit\u00e9 de l\u2019\u00c9glise, r\u00e9alit\u00e9s et perspectives - Recherches de Science Religieuse<\/title>\n<meta name=\"robots\" content=\"index, follow, max-snippet:-1, max-image-preview:large, max-video-preview:-1\" \/>\n<link rel=\"canonical\" href=\"https:\/\/dev.centtreize.com\/rsr\/article\/la-synodalite-de-leglise-realites-et-perspectives-reprise-de-la-problematique-du-colloque\/\" \/>\n<meta property=\"og:locale\" content=\"fr_FR\" \/>\n<meta property=\"og:type\" content=\"article\" \/>\n<meta property=\"og:title\" content=\"Reprise de la probl\u00e9matique du colloque. La synodalit\u00e9 de l\u2019\u00c9glise, r\u00e9alit\u00e9s et perspectives - Recherches de Science Religieuse\" \/>\n<meta property=\"og:description\" content=\"La synodalit\u00e9 de l\u2019\u00c9glise, telle qu\u2019on peut l\u2019appr\u00e9hender \u00e0 partir des contributions du num\u00e9ro pr\u00e9paratoire au colloque, prolong\u00e9es par des r\u00e9flexions plus personnelles, ne se limite pas aux assembl\u00e9es et aux conseils qui la symbolisent. Elle concerne aussi bien l\u2019organisation de l\u2019\u00c9glise que sa relation au Message qui la constitue. Elle invite \u00e0 s\u2019interroger sur la dialectique&nbsp;\u00ab&nbsp;personnel-coll\u00e9gial (ou synodal)-communautaire&nbsp;\u00bb, et \u00e9ventuellement \u00e0 en r\u00e9former l\u2019exercice. Elle implique une culture du consensus, mais aussi du d\u00e9bat. Et sans doute cette synodalit\u00e9 a-t-elle \u00e0 voir avec la lutte contre ce qu\u2019un Fran\u00e7ois d\u00e9nonce sous le nom de&nbsp;\u00ab&nbsp;cl\u00e9ricalisme&nbsp;\u00bb.\" \/>\n<meta property=\"og:url\" content=\"https:\/\/dev.centtreize.com\/rsr\/article\/la-synodalite-de-leglise-realites-et-perspectives-reprise-de-la-problematique-du-colloque\/\" \/>\n<meta property=\"og:site_name\" content=\"Recherches de Science Religieuse\" \/>\n<meta property=\"article:published_time\" content=\"2019-03-20T15:27:18+00:00\" \/>\n<meta property=\"article:modified_time\" content=\"2025-06-13T06:58:58+00:00\" \/>\n<meta name=\"author\" content=\"H\u00e9l\u00e8ne\" \/>\n<meta name=\"twitter:card\" content=\"summary_large_image\" \/>\n<meta name=\"twitter:label1\" content=\"\u00c9crit par\" \/>\n\t<meta name=\"twitter:data1\" content=\"H\u00e9l\u00e8ne\" \/>\n\t<meta name=\"twitter:label2\" content=\"Dur\u00e9e de lecture estim\u00e9e\" \/>\n\t<meta name=\"twitter:data2\" content=\"1 minute\" \/>\n<script type=\"application\/ld+json\" class=\"yoast-schema-graph\">{\"@context\":\"https:\/\/schema.org\",\"@graph\":[{\"@type\":\"Article\",\"@id\":\"https:\/\/dev.centtreize.com\/rsr\/article\/la-synodalite-de-leglise-realites-et-perspectives-reprise-de-la-problematique-du-colloque\/#article\",\"isPartOf\":{\"@id\":\"https:\/\/dev.centtreize.com\/rsr\/article\/la-synodalite-de-leglise-realites-et-perspectives-reprise-de-la-problematique-du-colloque\/\"},\"author\":{\"name\":\"H\u00e9l\u00e8ne\",\"@id\":\"https:\/\/dev.centtreize.com\/rsr\/#\/schema\/person\/eb039ce63dcbc3fec0a6b81e43e29ad3\"},\"headline\":\"Reprise de la probl\u00e9matique du colloque. La synodalit\u00e9 de l\u2019\u00c9glise, r\u00e9alit\u00e9s et perspectives\",\"datePublished\":\"2019-03-20T15:27:18+00:00\",\"dateModified\":\"2025-06-13T06:58:58+00:00\",\"mainEntityOfPage\":{\"@id\":\"https:\/\/dev.centtreize.com\/rsr\/article\/la-synodalite-de-leglise-realites-et-perspectives-reprise-de-la-problematique-du-colloque\/\"},\"wordCount\":131,\"publisher\":{\"@id\":\"https:\/\/dev.centtreize.com\/rsr\/#organization\"},\"keywords\":[\"assembl\u00e9e\",\"cl\u00e9ricalisme\",\"coll\u00e9gial\",\"communautaire\",\"conseil\",\"consensus\",\"d\u00e9bat\",\"Eglise\",\"organisation\",\"personnel\",\"r\u00e9former\",\"synodalit\u00e9\"],\"articleSection\":[\"article\"],\"inLanguage\":\"fr-FR\"},{\"@type\":\"WebPage\",\"@id\":\"https:\/\/dev.centtreize.com\/rsr\/article\/la-synodalite-de-leglise-realites-et-perspectives-reprise-de-la-problematique-du-colloque\/\",\"url\":\"https:\/\/dev.centtreize.com\/rsr\/article\/la-synodalite-de-leglise-realites-et-perspectives-reprise-de-la-problematique-du-colloque\/\",\"name\":\"Reprise de la probl\u00e9matique du colloque. La synodalit\u00e9 de l\u2019\u00c9glise, r\u00e9alit\u00e9s et perspectives - Recherches de Science Religieuse\",\"isPartOf\":{\"@id\":\"https:\/\/dev.centtreize.com\/rsr\/#website\"},\"datePublished\":\"2019-03-20T15:27:18+00:00\",\"dateModified\":\"2025-06-13T06:58:58+00:00\",\"breadcrumb\":{\"@id\":\"https:\/\/dev.centtreize.com\/rsr\/article\/la-synodalite-de-leglise-realites-et-perspectives-reprise-de-la-problematique-du-colloque\/#breadcrumb\"},\"inLanguage\":\"fr-FR\",\"potentialAction\":[{\"@type\":\"ReadAction\",\"target\":[\"https:\/\/dev.centtreize.com\/rsr\/article\/la-synodalite-de-leglise-realites-et-perspectives-reprise-de-la-problematique-du-colloque\/\"]}]},{\"@type\":\"BreadcrumbList\",\"@id\":\"https:\/\/dev.centtreize.com\/rsr\/article\/la-synodalite-de-leglise-realites-et-perspectives-reprise-de-la-problematique-du-colloque\/#breadcrumb\",\"itemListElement\":[{\"@type\":\"ListItem\",\"position\":1,\"name\":\"Accueil\",\"item\":\"https:\/\/dev.centtreize.com\/rsr\/\"},{\"@type\":\"ListItem\",\"position\":2,\"name\":\"Reprise de la probl\u00e9matique du colloque. La synodalit\u00e9 de l\u2019\u00c9glise, r\u00e9alit\u00e9s et perspectives\"}]},{\"@type\":\"WebSite\",\"@id\":\"https:\/\/dev.centtreize.com\/rsr\/#website\",\"url\":\"https:\/\/dev.centtreize.com\/rsr\/\",\"name\":\"Recherches de Science Religieuse\",\"description\":\"Recherches de Science Religieuse\",\"publisher\":{\"@id\":\"https:\/\/dev.centtreize.com\/rsr\/#organization\"},\"potentialAction\":[{\"@type\":\"SearchAction\",\"target\":{\"@type\":\"EntryPoint\",\"urlTemplate\":\"https:\/\/dev.centtreize.com\/rsr\/?s={search_term_string}\"},\"query-input\":{\"@type\":\"PropertyValueSpecification\",\"valueRequired\":true,\"valueName\":\"search_term_string\"}}],\"inLanguage\":\"fr-FR\"},{\"@type\":\"Organization\",\"@id\":\"https:\/\/dev.centtreize.com\/rsr\/#organization\",\"name\":\"Recherches de Science Religieuse\",\"url\":\"https:\/\/dev.centtreize.com\/rsr\/\",\"logo\":{\"@type\":\"ImageObject\",\"inLanguage\":\"fr-FR\",\"@id\":\"https:\/\/dev.centtreize.com\/rsr\/#\/schema\/logo\/image\/\",\"url\":\"https:\/\/dev.centtreize.com\/rsr\/wp-content\/uploads\/2024\/10\/logo_rsr.png\",\"contentUrl\":\"https:\/\/dev.centtreize.com\/rsr\/wp-content\/uploads\/2024\/10\/logo_rsr.png\",\"width\":300,\"height\":225,\"caption\":\"Recherches de Science Religieuse\"},\"image\":{\"@id\":\"https:\/\/dev.centtreize.com\/rsr\/#\/schema\/logo\/image\/\"}},{\"@type\":\"Person\",\"@id\":\"https:\/\/dev.centtreize.com\/rsr\/#\/schema\/person\/eb039ce63dcbc3fec0a6b81e43e29ad3\",\"name\":\"H\u00e9l\u00e8ne\",\"url\":\"https:\/\/dev.centtreize.com\/rsr\/author\/rsr\/\"}]}<\/script>\n<!-- \/ Yoast SEO plugin. -->","yoast_head_json":{"title":"Reprise de la probl\u00e9matique du colloque. La synodalit\u00e9 de l\u2019\u00c9glise, r\u00e9alit\u00e9s et perspectives - Recherches de Science Religieuse","robots":{"index":"index","follow":"follow","max-snippet":"max-snippet:-1","max-image-preview":"max-image-preview:large","max-video-preview":"max-video-preview:-1"},"canonical":"https:\/\/dev.centtreize.com\/rsr\/article\/la-synodalite-de-leglise-realites-et-perspectives-reprise-de-la-problematique-du-colloque\/","og_locale":"fr_FR","og_type":"article","og_title":"Reprise de la probl\u00e9matique du colloque. La synodalit\u00e9 de l\u2019\u00c9glise, r\u00e9alit\u00e9s et perspectives - Recherches de Science Religieuse","og_description":"La synodalit\u00e9 de l\u2019\u00c9glise, telle qu\u2019on peut l\u2019appr\u00e9hender \u00e0 partir des contributions du num\u00e9ro pr\u00e9paratoire au colloque, prolong\u00e9es par des r\u00e9flexions plus personnelles, ne se limite pas aux assembl\u00e9es et aux conseils qui la symbolisent. Elle concerne aussi bien l\u2019organisation de l\u2019\u00c9glise que sa relation au Message qui la constitue. Elle invite \u00e0 s\u2019interroger sur la dialectique&nbsp;\u00ab&nbsp;personnel-coll\u00e9gial (ou synodal)-communautaire&nbsp;\u00bb, et \u00e9ventuellement \u00e0 en r\u00e9former l\u2019exercice. Elle implique une culture du consensus, mais aussi du d\u00e9bat. Et sans doute cette synodalit\u00e9 a-t-elle \u00e0 voir avec la lutte contre ce qu\u2019un Fran\u00e7ois d\u00e9nonce sous le nom de&nbsp;\u00ab&nbsp;cl\u00e9ricalisme&nbsp;\u00bb.","og_url":"https:\/\/dev.centtreize.com\/rsr\/article\/la-synodalite-de-leglise-realites-et-perspectives-reprise-de-la-problematique-du-colloque\/","og_site_name":"Recherches de Science Religieuse","article_published_time":"2019-03-20T15:27:18+00:00","article_modified_time":"2025-06-13T06:58:58+00:00","author":"H\u00e9l\u00e8ne","twitter_card":"summary_large_image","twitter_misc":{"\u00c9crit par":"H\u00e9l\u00e8ne","Dur\u00e9e de lecture estim\u00e9e":"1 minute"},"schema":{"@context":"https:\/\/schema.org","@graph":[{"@type":"Article","@id":"https:\/\/dev.centtreize.com\/rsr\/article\/la-synodalite-de-leglise-realites-et-perspectives-reprise-de-la-problematique-du-colloque\/#article","isPartOf":{"@id":"https:\/\/dev.centtreize.com\/rsr\/article\/la-synodalite-de-leglise-realites-et-perspectives-reprise-de-la-problematique-du-colloque\/"},"author":{"name":"H\u00e9l\u00e8ne","@id":"https:\/\/dev.centtreize.com\/rsr\/#\/schema\/person\/eb039ce63dcbc3fec0a6b81e43e29ad3"},"headline":"Reprise de la probl\u00e9matique du colloque. La synodalit\u00e9 de l\u2019\u00c9glise, r\u00e9alit\u00e9s et perspectives","datePublished":"2019-03-20T15:27:18+00:00","dateModified":"2025-06-13T06:58:58+00:00","mainEntityOfPage":{"@id":"https:\/\/dev.centtreize.com\/rsr\/article\/la-synodalite-de-leglise-realites-et-perspectives-reprise-de-la-problematique-du-colloque\/"},"wordCount":131,"publisher":{"@id":"https:\/\/dev.centtreize.com\/rsr\/#organization"},"keywords":["assembl\u00e9e","cl\u00e9ricalisme","coll\u00e9gial","communautaire","conseil","consensus","d\u00e9bat","Eglise","organisation","personnel","r\u00e9former","synodalit\u00e9"],"articleSection":["article"],"inLanguage":"fr-FR"},{"@type":"WebPage","@id":"https:\/\/dev.centtreize.com\/rsr\/article\/la-synodalite-de-leglise-realites-et-perspectives-reprise-de-la-problematique-du-colloque\/","url":"https:\/\/dev.centtreize.com\/rsr\/article\/la-synodalite-de-leglise-realites-et-perspectives-reprise-de-la-problematique-du-colloque\/","name":"Reprise de la probl\u00e9matique du colloque. La synodalit\u00e9 de l\u2019\u00c9glise, r\u00e9alit\u00e9s et perspectives - Recherches de Science Religieuse","isPartOf":{"@id":"https:\/\/dev.centtreize.com\/rsr\/#website"},"datePublished":"2019-03-20T15:27:18+00:00","dateModified":"2025-06-13T06:58:58+00:00","breadcrumb":{"@id":"https:\/\/dev.centtreize.com\/rsr\/article\/la-synodalite-de-leglise-realites-et-perspectives-reprise-de-la-problematique-du-colloque\/#breadcrumb"},"inLanguage":"fr-FR","potentialAction":[{"@type":"ReadAction","target":["https:\/\/dev.centtreize.com\/rsr\/article\/la-synodalite-de-leglise-realites-et-perspectives-reprise-de-la-problematique-du-colloque\/"]}]},{"@type":"BreadcrumbList","@id":"https:\/\/dev.centtreize.com\/rsr\/article\/la-synodalite-de-leglise-realites-et-perspectives-reprise-de-la-problematique-du-colloque\/#breadcrumb","itemListElement":[{"@type":"ListItem","position":1,"name":"Accueil","item":"https:\/\/dev.centtreize.com\/rsr\/"},{"@type":"ListItem","position":2,"name":"Reprise de la probl\u00e9matique du colloque. La synodalit\u00e9 de l\u2019\u00c9glise, r\u00e9alit\u00e9s et perspectives"}]},{"@type":"WebSite","@id":"https:\/\/dev.centtreize.com\/rsr\/#website","url":"https:\/\/dev.centtreize.com\/rsr\/","name":"Recherches de Science Religieuse","description":"Recherches de Science Religieuse","publisher":{"@id":"https:\/\/dev.centtreize.com\/rsr\/#organization"},"potentialAction":[{"@type":"SearchAction","target":{"@type":"EntryPoint","urlTemplate":"https:\/\/dev.centtreize.com\/rsr\/?s={search_term_string}"},"query-input":{"@type":"PropertyValueSpecification","valueRequired":true,"valueName":"search_term_string"}}],"inLanguage":"fr-FR"},{"@type":"Organization","@id":"https:\/\/dev.centtreize.com\/rsr\/#organization","name":"Recherches de Science Religieuse","url":"https:\/\/dev.centtreize.com\/rsr\/","logo":{"@type":"ImageObject","inLanguage":"fr-FR","@id":"https:\/\/dev.centtreize.com\/rsr\/#\/schema\/logo\/image\/","url":"https:\/\/dev.centtreize.com\/rsr\/wp-content\/uploads\/2024\/10\/logo_rsr.png","contentUrl":"https:\/\/dev.centtreize.com\/rsr\/wp-content\/uploads\/2024\/10\/logo_rsr.png","width":300,"height":225,"caption":"Recherches de Science Religieuse"},"image":{"@id":"https:\/\/dev.centtreize.com\/rsr\/#\/schema\/logo\/image\/"}},{"@type":"Person","@id":"https:\/\/dev.centtreize.com\/rsr\/#\/schema\/person\/eb039ce63dcbc3fec0a6b81e43e29ad3","name":"H\u00e9l\u00e8ne","url":"https:\/\/dev.centtreize.com\/rsr\/author\/rsr\/"}]}},"_links":{"self":[{"href":"https:\/\/dev.centtreize.com\/rsr\/wp-json\/wp\/v2\/posts\/11914","targetHints":{"allow":["GET"]}}],"collection":[{"href":"https:\/\/dev.centtreize.com\/rsr\/wp-json\/wp\/v2\/posts"}],"about":[{"href":"https:\/\/dev.centtreize.com\/rsr\/wp-json\/wp\/v2\/types\/post"}],"author":[{"embeddable":true,"href":"https:\/\/dev.centtreize.com\/rsr\/wp-json\/wp\/v2\/users\/2"}],"replies":[{"embeddable":true,"href":"https:\/\/dev.centtreize.com\/rsr\/wp-json\/wp\/v2\/comments?post=11914"}],"version-history":[{"count":14,"href":"https:\/\/dev.centtreize.com\/rsr\/wp-json\/wp\/v2\/posts\/11914\/revisions"}],"predecessor-version":[{"id":17637,"href":"https:\/\/dev.centtreize.com\/rsr\/wp-json\/wp\/v2\/posts\/11914\/revisions\/17637"}],"wp:attachment":[{"href":"https:\/\/dev.centtreize.com\/rsr\/wp-json\/wp\/v2\/media?parent=11914"}],"wp:term":[{"taxonomy":"category","embeddable":true,"href":"https:\/\/dev.centtreize.com\/rsr\/wp-json\/wp\/v2\/categories?post=11914"},{"taxonomy":"post_tag","embeddable":true,"href":"https:\/\/dev.centtreize.com\/rsr\/wp-json\/wp\/v2\/tags?post=11914"},{"taxonomy":"keywords","embeddable":true,"href":"https:\/\/dev.centtreize.com\/rsr\/wp-json\/wp\/v2\/keywords?post=11914"}],"curies":[{"name":"wp","href":"https:\/\/api.w.org\/{rel}","templated":true}]}}