{"id":11850,"date":"2019-02-06T12:31:22","date_gmt":"2019-02-06T11:31:22","guid":{"rendered":"http:\/\/www.revue-rsr.com\/?p=11850"},"modified":"2025-06-13T07:58:35","modified_gmt":"2025-06-13T06:58:35","slug":"le-dialogue-luthero-catholique-sur-leucharistie-et-la-question-de-la-communion-eucharistique","status":"publish","type":"post","link":"https:\/\/dev.centtreize.com\/rsr\/article\/le-dialogue-luthero-catholique-sur-leucharistie-et-la-question-de-la-communion-eucharistique\/","title":{"rendered":"Le dialogue luth\u00e9ro-catholique sur l\u2019eucharistie et la question de la communion eucharistique"},"content":{"rendered":"<p>Face aux multiples controverses relatives \u00e0 l\u2019eucharistie, l\u2019article\u00a0propose d\u2019en revenir tout d\u2019abord \u00e0 celle qui pr\u00e9valait aux d\u00e9buts,\u00a0au XVIe si\u00e8cle, avec la prise de position de Martin Luther et la r\u00e9action\u00a0du concile de Trente, en y abordant notamment la question\u00a0de la pr\u00e9sence r\u00e9elle du Christ dans l\u2019eucharistie et la notion de\u00a0sacrifice. Il pr\u00e9sente ensuite les divers dialogues \u0153cum\u00e9niques et les\u00a0progr\u00e8s qu\u2019ils ont apport\u00e9s, en particulier le document&nbsp;\u00ab&nbsp;Le Repas du\u00a0Seigneur&nbsp;\u00bb et les \u00e9tudes du groupe de travail \u0153cum\u00e9nique allemand\u00a0de th\u00e9ologiens protestants et catholiques&nbsp;\u00ab&nbsp;Le sacrifice de J\u00e9sus-Christ et sa pr\u00e9sence dans l\u2019\u00c9glise&nbsp;\u00bb, ainsi que&nbsp;\u00ab&nbsp;Les anath\u00e8mes du\u00a0XVIe si\u00e8cle sont-ils encore actuels&nbsp;? Il d\u00e9crit enfin des propositions\u00a0r\u00e9centes, sugg\u00e9rant d\u2019avancer encore plus dans la ligne d\u2019un document\u00a0\u00e9labor\u00e9 par trois instituts de recherches \u0153cum\u00e9niques, intitul\u00e9\u00a0\u00abLe partage eucharistique entre les \u00c9glises est possible&nbsp;: Th\u00e8ses sur\u00a0l\u2019hospitalit\u00e9 eucharistique\u00bb.<\/p>\n","protected":false},"excerpt":{"rendered":"<p>Face aux multiples controverses relatives \u00e0 l\u2019eucharistie, l\u2019article\u00a0propose d\u2019en revenir tout d\u2019abord \u00e0 celle qui pr\u00e9valait aux d\u00e9buts,\u00a0au XVIe si\u00e8cle, avec la prise de position de Martin Luther et la r\u00e9action\u00a0du concile de Trente, en y abordant notamment la question\u00a0de la pr\u00e9sence r\u00e9elle du Christ dans l\u2019eucharistie et la notion de\u00a0sacrifice. Il pr\u00e9sente ensuite les divers dialogues \u0153cum\u00e9niques et les\u00a0progr\u00e8s qu\u2019ils ont apport\u00e9s, en particulier le document&nbsp;\u00ab&nbsp;Le Repas du\u00a0Seigneur&nbsp;\u00bb et les \u00e9tudes du groupe de travail \u0153cum\u00e9nique allemand\u00a0de th\u00e9ologiens protestants et catholiques&nbsp;\u00ab&nbsp;Le sacrifice de J\u00e9sus-Christ et sa pr\u00e9sence dans l\u2019\u00c9glise&nbsp;\u00bb, ainsi que&nbsp;\u00ab&nbsp;Les anath\u00e8mes du\u00a0XVIe si\u00e8cle sont-ils encore actuels&nbsp;? Il d\u00e9crit enfin des propositions\u00a0r\u00e9centes, sugg\u00e9rant d\u2019avancer encore plus dans la ligne d\u2019un document\u00a0\u00e9labor\u00e9 par trois instituts de recherches \u0153cum\u00e9niques, intitul\u00e9\u00a0\u00abLe partage eucharistique entre les \u00c9glises est possible&nbsp;: Th\u00e8ses sur\u00a0l\u2019hospitalit\u00e9 eucharistique\u00bb.<\/p>\n","protected":false},"author":2,"featured_media":0,"comment_status":"closed","ping_status":"closed","sticky":false,"template":"","format":"standard","meta":{"_acf_changed":false,"footnotes":""},"categories":[6],"tags":[511,513,512,493],"keywords":[1233,1213,1159],"class_list":["post-11850","post","type-post","status-publish","format-standard","hentry","category-article","tag-credo","tag-omniscience-divine","tag-open-theism","tag-providence","keywords-eucharistie","keywords-luther","keywords-oecumenisme"],"acf":[],"yoast_head":"<!-- This site is optimized with the Yoast SEO plugin v27.2 - https:\/\/yoast.com\/product\/yoast-seo-wordpress\/ -->\n<title>Le dialogue luth\u00e9ro-catholique sur l\u2019eucharistie et la question de la communion eucharistique - Recherches de Science Religieuse<\/title>\n<meta name=\"robots\" content=\"index, follow, max-snippet:-1, max-image-preview:large, max-video-preview:-1\" \/>\n<link rel=\"canonical\" href=\"https:\/\/dev.centtreize.com\/rsr\/article\/le-dialogue-luthero-catholique-sur-leucharistie-et-la-question-de-la-communion-eucharistique\/\" \/>\n<meta property=\"og:locale\" content=\"fr_FR\" \/>\n<meta property=\"og:type\" content=\"article\" \/>\n<meta property=\"og:title\" content=\"Le dialogue luth\u00e9ro-catholique sur l\u2019eucharistie et la question de la communion eucharistique - Recherches de Science Religieuse\" \/>\n<meta property=\"og:description\" content=\"Face aux multiples controverses relatives \u00e0 l\u2019eucharistie, l\u2019article\u00a0propose d\u2019en revenir tout d\u2019abord \u00e0 celle qui pr\u00e9valait aux d\u00e9buts,\u00a0au XVIe si\u00e8cle, avec la prise de position de Martin Luther et la r\u00e9action\u00a0du concile de Trente, en y abordant notamment la question\u00a0de la pr\u00e9sence r\u00e9elle du Christ dans l\u2019eucharistie et la notion de\u00a0sacrifice. Il pr\u00e9sente ensuite les divers dialogues \u0153cum\u00e9niques et les\u00a0progr\u00e8s qu\u2019ils ont apport\u00e9s, en particulier le document&nbsp;\u00ab&nbsp;Le Repas du\u00a0Seigneur&nbsp;\u00bb et les \u00e9tudes du groupe de travail \u0153cum\u00e9nique allemand\u00a0de th\u00e9ologiens protestants et catholiques&nbsp;\u00ab&nbsp;Le sacrifice de J\u00e9sus-Christ et sa pr\u00e9sence dans l\u2019\u00c9glise&nbsp;\u00bb, ainsi que&nbsp;\u00ab&nbsp;Les anath\u00e8mes du\u00a0XVIe si\u00e8cle sont-ils encore actuels&nbsp;? Il d\u00e9crit enfin des propositions\u00a0r\u00e9centes, sugg\u00e9rant d\u2019avancer encore plus dans la ligne d\u2019un document\u00a0\u00e9labor\u00e9 par trois instituts de recherches \u0153cum\u00e9niques, intitul\u00e9\u00a0\u00abLe partage eucharistique entre les \u00c9glises est possible&nbsp;: Th\u00e8ses sur\u00a0l\u2019hospitalit\u00e9 eucharistique\u00bb.\" \/>\n<meta property=\"og:url\" content=\"https:\/\/dev.centtreize.com\/rsr\/article\/le-dialogue-luthero-catholique-sur-leucharistie-et-la-question-de-la-communion-eucharistique\/\" \/>\n<meta property=\"og:site_name\" content=\"Recherches de Science Religieuse\" \/>\n<meta property=\"article:published_time\" content=\"2019-02-06T11:31:22+00:00\" \/>\n<meta property=\"article:modified_time\" content=\"2025-06-13T06:58:35+00:00\" \/>\n<meta name=\"author\" content=\"H\u00e9l\u00e8ne\" \/>\n<meta name=\"twitter:card\" content=\"summary_large_image\" \/>\n<meta name=\"twitter:label1\" content=\"\u00c9crit par\" \/>\n\t<meta name=\"twitter:data1\" content=\"H\u00e9l\u00e8ne\" \/>\n\t<meta name=\"twitter:label2\" content=\"Dur\u00e9e de lecture estim\u00e9e\" \/>\n\t<meta name=\"twitter:data2\" content=\"1 minute\" \/>\n<script type=\"application\/ld+json\" class=\"yoast-schema-graph\">{\"@context\":\"https:\/\/schema.org\",\"@graph\":[{\"@type\":\"Article\",\"@id\":\"https:\/\/dev.centtreize.com\/rsr\/article\/le-dialogue-luthero-catholique-sur-leucharistie-et-la-question-de-la-communion-eucharistique\/#article\",\"isPartOf\":{\"@id\":\"https:\/\/dev.centtreize.com\/rsr\/article\/le-dialogue-luthero-catholique-sur-leucharistie-et-la-question-de-la-communion-eucharistique\/\"},\"author\":{\"name\":\"H\u00e9l\u00e8ne\",\"@id\":\"https:\/\/dev.centtreize.com\/rsr\/#\/schema\/person\/eb039ce63dcbc3fec0a6b81e43e29ad3\"},\"headline\":\"Le dialogue luth\u00e9ro-catholique sur l\u2019eucharistie et la question de la communion eucharistique\",\"datePublished\":\"2019-02-06T11:31:22+00:00\",\"dateModified\":\"2025-06-13T06:58:35+00:00\",\"mainEntityOfPage\":{\"@id\":\"https:\/\/dev.centtreize.com\/rsr\/article\/le-dialogue-luthero-catholique-sur-leucharistie-et-la-question-de-la-communion-eucharistique\/\"},\"wordCount\":188,\"publisher\":{\"@id\":\"https:\/\/dev.centtreize.com\/rsr\/#organization\"},\"keywords\":[\"credo\",\"omniscience divine\",\"open theism\",\"providence\"],\"articleSection\":[\"article\"],\"inLanguage\":\"fr-FR\"},{\"@type\":\"WebPage\",\"@id\":\"https:\/\/dev.centtreize.com\/rsr\/article\/le-dialogue-luthero-catholique-sur-leucharistie-et-la-question-de-la-communion-eucharistique\/\",\"url\":\"https:\/\/dev.centtreize.com\/rsr\/article\/le-dialogue-luthero-catholique-sur-leucharistie-et-la-question-de-la-communion-eucharistique\/\",\"name\":\"Le dialogue luth\u00e9ro-catholique sur l\u2019eucharistie et la question de la communion eucharistique - Recherches de Science Religieuse\",\"isPartOf\":{\"@id\":\"https:\/\/dev.centtreize.com\/rsr\/#website\"},\"datePublished\":\"2019-02-06T11:31:22+00:00\",\"dateModified\":\"2025-06-13T06:58:35+00:00\",\"breadcrumb\":{\"@id\":\"https:\/\/dev.centtreize.com\/rsr\/article\/le-dialogue-luthero-catholique-sur-leucharistie-et-la-question-de-la-communion-eucharistique\/#breadcrumb\"},\"inLanguage\":\"fr-FR\",\"potentialAction\":[{\"@type\":\"ReadAction\",\"target\":[\"https:\/\/dev.centtreize.com\/rsr\/article\/le-dialogue-luthero-catholique-sur-leucharistie-et-la-question-de-la-communion-eucharistique\/\"]}]},{\"@type\":\"BreadcrumbList\",\"@id\":\"https:\/\/dev.centtreize.com\/rsr\/article\/le-dialogue-luthero-catholique-sur-leucharistie-et-la-question-de-la-communion-eucharistique\/#breadcrumb\",\"itemListElement\":[{\"@type\":\"ListItem\",\"position\":1,\"name\":\"Accueil\",\"item\":\"https:\/\/dev.centtreize.com\/rsr\/\"},{\"@type\":\"ListItem\",\"position\":2,\"name\":\"Le dialogue luth\u00e9ro-catholique sur l\u2019eucharistie et la question de la communion eucharistique\"}]},{\"@type\":\"WebSite\",\"@id\":\"https:\/\/dev.centtreize.com\/rsr\/#website\",\"url\":\"https:\/\/dev.centtreize.com\/rsr\/\",\"name\":\"Recherches de Science Religieuse\",\"description\":\"Recherches de Science Religieuse\",\"publisher\":{\"@id\":\"https:\/\/dev.centtreize.com\/rsr\/#organization\"},\"potentialAction\":[{\"@type\":\"SearchAction\",\"target\":{\"@type\":\"EntryPoint\",\"urlTemplate\":\"https:\/\/dev.centtreize.com\/rsr\/?s={search_term_string}\"},\"query-input\":{\"@type\":\"PropertyValueSpecification\",\"valueRequired\":true,\"valueName\":\"search_term_string\"}}],\"inLanguage\":\"fr-FR\"},{\"@type\":\"Organization\",\"@id\":\"https:\/\/dev.centtreize.com\/rsr\/#organization\",\"name\":\"Recherches de Science Religieuse\",\"url\":\"https:\/\/dev.centtreize.com\/rsr\/\",\"logo\":{\"@type\":\"ImageObject\",\"inLanguage\":\"fr-FR\",\"@id\":\"https:\/\/dev.centtreize.com\/rsr\/#\/schema\/logo\/image\/\",\"url\":\"https:\/\/dev.centtreize.com\/rsr\/wp-content\/uploads\/2024\/10\/logo_rsr.png\",\"contentUrl\":\"https:\/\/dev.centtreize.com\/rsr\/wp-content\/uploads\/2024\/10\/logo_rsr.png\",\"width\":300,\"height\":225,\"caption\":\"Recherches de Science Religieuse\"},\"image\":{\"@id\":\"https:\/\/dev.centtreize.com\/rsr\/#\/schema\/logo\/image\/\"}},{\"@type\":\"Person\",\"@id\":\"https:\/\/dev.centtreize.com\/rsr\/#\/schema\/person\/eb039ce63dcbc3fec0a6b81e43e29ad3\",\"name\":\"H\u00e9l\u00e8ne\",\"url\":\"https:\/\/dev.centtreize.com\/rsr\/author\/rsr\/\"}]}<\/script>\n<!-- \/ Yoast SEO plugin. -->","yoast_head_json":{"title":"Le dialogue luth\u00e9ro-catholique sur l\u2019eucharistie et la question de la communion eucharistique - Recherches de Science Religieuse","robots":{"index":"index","follow":"follow","max-snippet":"max-snippet:-1","max-image-preview":"max-image-preview:large","max-video-preview":"max-video-preview:-1"},"canonical":"https:\/\/dev.centtreize.com\/rsr\/article\/le-dialogue-luthero-catholique-sur-leucharistie-et-la-question-de-la-communion-eucharistique\/","og_locale":"fr_FR","og_type":"article","og_title":"Le dialogue luth\u00e9ro-catholique sur l\u2019eucharistie et la question de la communion eucharistique - Recherches de Science Religieuse","og_description":"Face aux multiples controverses relatives \u00e0 l\u2019eucharistie, l\u2019article\u00a0propose d\u2019en revenir tout d\u2019abord \u00e0 celle qui pr\u00e9valait aux d\u00e9buts,\u00a0au XVIe si\u00e8cle, avec la prise de position de Martin Luther et la r\u00e9action\u00a0du concile de Trente, en y abordant notamment la question\u00a0de la pr\u00e9sence r\u00e9elle du Christ dans l\u2019eucharistie et la notion de\u00a0sacrifice. Il pr\u00e9sente ensuite les divers dialogues \u0153cum\u00e9niques et les\u00a0progr\u00e8s qu\u2019ils ont apport\u00e9s, en particulier le document&nbsp;\u00ab&nbsp;Le Repas du\u00a0Seigneur&nbsp;\u00bb et les \u00e9tudes du groupe de travail \u0153cum\u00e9nique allemand\u00a0de th\u00e9ologiens protestants et catholiques&nbsp;\u00ab&nbsp;Le sacrifice de J\u00e9sus-Christ et sa pr\u00e9sence dans l\u2019\u00c9glise&nbsp;\u00bb, ainsi que&nbsp;\u00ab&nbsp;Les anath\u00e8mes du\u00a0XVIe si\u00e8cle sont-ils encore actuels&nbsp;? Il d\u00e9crit enfin des propositions\u00a0r\u00e9centes, sugg\u00e9rant d\u2019avancer encore plus dans la ligne d\u2019un document\u00a0\u00e9labor\u00e9 par trois instituts de recherches \u0153cum\u00e9niques, intitul\u00e9\u00a0\u00abLe partage eucharistique entre les \u00c9glises est possible&nbsp;: Th\u00e8ses sur\u00a0l\u2019hospitalit\u00e9 eucharistique\u00bb.","og_url":"https:\/\/dev.centtreize.com\/rsr\/article\/le-dialogue-luthero-catholique-sur-leucharistie-et-la-question-de-la-communion-eucharistique\/","og_site_name":"Recherches de Science Religieuse","article_published_time":"2019-02-06T11:31:22+00:00","article_modified_time":"2025-06-13T06:58:35+00:00","author":"H\u00e9l\u00e8ne","twitter_card":"summary_large_image","twitter_misc":{"\u00c9crit par":"H\u00e9l\u00e8ne","Dur\u00e9e de lecture estim\u00e9e":"1 minute"},"schema":{"@context":"https:\/\/schema.org","@graph":[{"@type":"Article","@id":"https:\/\/dev.centtreize.com\/rsr\/article\/le-dialogue-luthero-catholique-sur-leucharistie-et-la-question-de-la-communion-eucharistique\/#article","isPartOf":{"@id":"https:\/\/dev.centtreize.com\/rsr\/article\/le-dialogue-luthero-catholique-sur-leucharistie-et-la-question-de-la-communion-eucharistique\/"},"author":{"name":"H\u00e9l\u00e8ne","@id":"https:\/\/dev.centtreize.com\/rsr\/#\/schema\/person\/eb039ce63dcbc3fec0a6b81e43e29ad3"},"headline":"Le dialogue luth\u00e9ro-catholique sur l\u2019eucharistie et la question de la communion eucharistique","datePublished":"2019-02-06T11:31:22+00:00","dateModified":"2025-06-13T06:58:35+00:00","mainEntityOfPage":{"@id":"https:\/\/dev.centtreize.com\/rsr\/article\/le-dialogue-luthero-catholique-sur-leucharistie-et-la-question-de-la-communion-eucharistique\/"},"wordCount":188,"publisher":{"@id":"https:\/\/dev.centtreize.com\/rsr\/#organization"},"keywords":["credo","omniscience divine","open theism","providence"],"articleSection":["article"],"inLanguage":"fr-FR"},{"@type":"WebPage","@id":"https:\/\/dev.centtreize.com\/rsr\/article\/le-dialogue-luthero-catholique-sur-leucharistie-et-la-question-de-la-communion-eucharistique\/","url":"https:\/\/dev.centtreize.com\/rsr\/article\/le-dialogue-luthero-catholique-sur-leucharistie-et-la-question-de-la-communion-eucharistique\/","name":"Le dialogue luth\u00e9ro-catholique sur l\u2019eucharistie et la question de la communion eucharistique - Recherches de Science Religieuse","isPartOf":{"@id":"https:\/\/dev.centtreize.com\/rsr\/#website"},"datePublished":"2019-02-06T11:31:22+00:00","dateModified":"2025-06-13T06:58:35+00:00","breadcrumb":{"@id":"https:\/\/dev.centtreize.com\/rsr\/article\/le-dialogue-luthero-catholique-sur-leucharistie-et-la-question-de-la-communion-eucharistique\/#breadcrumb"},"inLanguage":"fr-FR","potentialAction":[{"@type":"ReadAction","target":["https:\/\/dev.centtreize.com\/rsr\/article\/le-dialogue-luthero-catholique-sur-leucharistie-et-la-question-de-la-communion-eucharistique\/"]}]},{"@type":"BreadcrumbList","@id":"https:\/\/dev.centtreize.com\/rsr\/article\/le-dialogue-luthero-catholique-sur-leucharistie-et-la-question-de-la-communion-eucharistique\/#breadcrumb","itemListElement":[{"@type":"ListItem","position":1,"name":"Accueil","item":"https:\/\/dev.centtreize.com\/rsr\/"},{"@type":"ListItem","position":2,"name":"Le dialogue luth\u00e9ro-catholique sur l\u2019eucharistie et la question de la communion eucharistique"}]},{"@type":"WebSite","@id":"https:\/\/dev.centtreize.com\/rsr\/#website","url":"https:\/\/dev.centtreize.com\/rsr\/","name":"Recherches de Science Religieuse","description":"Recherches de Science Religieuse","publisher":{"@id":"https:\/\/dev.centtreize.com\/rsr\/#organization"},"potentialAction":[{"@type":"SearchAction","target":{"@type":"EntryPoint","urlTemplate":"https:\/\/dev.centtreize.com\/rsr\/?s={search_term_string}"},"query-input":{"@type":"PropertyValueSpecification","valueRequired":true,"valueName":"search_term_string"}}],"inLanguage":"fr-FR"},{"@type":"Organization","@id":"https:\/\/dev.centtreize.com\/rsr\/#organization","name":"Recherches de Science Religieuse","url":"https:\/\/dev.centtreize.com\/rsr\/","logo":{"@type":"ImageObject","inLanguage":"fr-FR","@id":"https:\/\/dev.centtreize.com\/rsr\/#\/schema\/logo\/image\/","url":"https:\/\/dev.centtreize.com\/rsr\/wp-content\/uploads\/2024\/10\/logo_rsr.png","contentUrl":"https:\/\/dev.centtreize.com\/rsr\/wp-content\/uploads\/2024\/10\/logo_rsr.png","width":300,"height":225,"caption":"Recherches de Science Religieuse"},"image":{"@id":"https:\/\/dev.centtreize.com\/rsr\/#\/schema\/logo\/image\/"}},{"@type":"Person","@id":"https:\/\/dev.centtreize.com\/rsr\/#\/schema\/person\/eb039ce63dcbc3fec0a6b81e43e29ad3","name":"H\u00e9l\u00e8ne","url":"https:\/\/dev.centtreize.com\/rsr\/author\/rsr\/"}]}},"_links":{"self":[{"href":"https:\/\/dev.centtreize.com\/rsr\/wp-json\/wp\/v2\/posts\/11850","targetHints":{"allow":["GET"]}}],"collection":[{"href":"https:\/\/dev.centtreize.com\/rsr\/wp-json\/wp\/v2\/posts"}],"about":[{"href":"https:\/\/dev.centtreize.com\/rsr\/wp-json\/wp\/v2\/types\/post"}],"author":[{"embeddable":true,"href":"https:\/\/dev.centtreize.com\/rsr\/wp-json\/wp\/v2\/users\/2"}],"replies":[{"embeddable":true,"href":"https:\/\/dev.centtreize.com\/rsr\/wp-json\/wp\/v2\/comments?post=11850"}],"version-history":[{"count":9,"href":"https:\/\/dev.centtreize.com\/rsr\/wp-json\/wp\/v2\/posts\/11850\/revisions"}],"predecessor-version":[{"id":17633,"href":"https:\/\/dev.centtreize.com\/rsr\/wp-json\/wp\/v2\/posts\/11850\/revisions\/17633"}],"wp:attachment":[{"href":"https:\/\/dev.centtreize.com\/rsr\/wp-json\/wp\/v2\/media?parent=11850"}],"wp:term":[{"taxonomy":"category","embeddable":true,"href":"https:\/\/dev.centtreize.com\/rsr\/wp-json\/wp\/v2\/categories?post=11850"},{"taxonomy":"post_tag","embeddable":true,"href":"https:\/\/dev.centtreize.com\/rsr\/wp-json\/wp\/v2\/tags?post=11850"},{"taxonomy":"keywords","embeddable":true,"href":"https:\/\/dev.centtreize.com\/rsr\/wp-json\/wp\/v2\/keywords?post=11850"}],"curies":[{"name":"wp","href":"https:\/\/api.w.org\/{rel}","templated":true}]}}