{"id":1179,"date":"2013-10-25T16:23:01","date_gmt":"2013-10-25T15:23:01","guid":{"rendered":"http:\/\/dev.revue-rsr.com\/?p=1179"},"modified":"2024-10-02T15:23:15","modified_gmt":"2024-10-02T14:23:15","slug":"le-mal-a-t-il-une-realite-ontologique","status":"publish","type":"post","link":"https:\/\/dev.centtreize.com\/rsr\/article\/le-mal-a-t-il-une-realite-ontologique\/","title":{"rendered":"Le mal a-t-il une r\u00e9alit\u00e9 ontologique ?"},"content":{"rendered":"<p>Le regard th\u00e9ologique sur la question du mal a progress\u00e9 en Occident gr\u00e2ce \u00e0 la lecture des Noms divins de Denys, et \u00e0 l&rsquo;analyse scientifique de Thomas d&rsquo;Aquin. Il est cependant int\u00e9ressant de souligner le nouvel ordre et les rectifications que Thomas d&rsquo;Aquin apporte \u00e0 la pens\u00e9e de Denys dont il est tributaire. Impr\u00e9gn\u00e9 de la philosophie n\u00e9oplatonicienne, Denys appara\u00eet dans son ouvrage comme faisant une th\u00e9ologie de l&rsquo;amour et du Bien. Le Bien y est non seulement objet d&rsquo;amour, mais il appelle un ordre et une vie. Le mal ne peut \u00eatre situ\u00e9 que par rapport \u00e0 l&rsquo;op\u00e9ration vitale d\u00e9faillante. Par rapport \u00e0 Denys, Thomas d&rsquo;Aquin op\u00e8re une inversion de pens\u00e9e. Son apport propre est de d\u00e9passer les deux positions de Denys selon qui le mal n&rsquo;a pas de cause propre, le Bien \u00e9tant fin de tous les maux. Le mal, qui reste accidentel pour Thomas, est aussi le fruit d&rsquo;une relation d\u00e9s\u00e9quilibr\u00e9e. Cons\u00e9quence du p\u00e9ch\u00e9 en tant que mal de peine, tout est-il r\u00e9solu par l\u00e0 quant au probl\u00e8me du mal\u00a0? Par del\u00e0 saint Thomas, n&rsquo;y a-t-il pas demande aujourd&rsquo;hui d&rsquo;un regard lucide sur la relation r\u00e9ciproque, c&rsquo;est-\u00e0-dire le r\u00f4le inhibiteur que joue souvent l&rsquo;exc\u00e8s de souffrance dans la relation \u00e0 Dieu\u00a0?<\/p>\n","protected":false},"excerpt":{"rendered":"<p>Le regard th\u00e9ologique sur la question du mal a progress\u00e9 en Occident gr\u00e2ce \u00e0 la lecture des Noms divins de Denys, et \u00e0 l&rsquo;analyse scientifique de Thomas d&rsquo;Aquin. Il est cependant int\u00e9ressant de souligner le nouvel ordre et les rectifications que Thomas d&rsquo;Aquin apporte \u00e0 la pens\u00e9e de Denys dont il est tributaire. Impr\u00e9gn\u00e9 de la philosophie n\u00e9oplatonicienne, Denys appara\u00eet dans son ouvrage comme faisant une th\u00e9ologie de l&rsquo;amour et du Bien. Le Bien y est non seulement objet d&rsquo;amour, mais il appelle un ordre et une vie. Le mal ne peut \u00eatre situ\u00e9 que par rapport \u00e0 l&rsquo;op\u00e9ration vitale d\u00e9faillante. Par rapport \u00e0 Denys, Thomas d&rsquo;Aquin op\u00e8re une inversion de pens\u00e9e. Son apport propre est de d\u00e9passer les deux positions de Denys selon qui le mal n&rsquo;a pas de cause propre, le Bien \u00e9tant fin de tous les maux. Le mal, qui reste accidentel pour Thomas, est aussi le fruit d&rsquo;une relation d\u00e9s\u00e9quilibr\u00e9e. Cons\u00e9quence du p\u00e9ch\u00e9 en tant que<a class=\"read-more\" href=\"https:\/\/dev.centtreize.com\/rsr\/article\/le-mal-a-t-il-une-realite-ontologique\/\"><\/a><\/p>\n","protected":false},"author":1,"featured_media":0,"comment_status":"closed","ping_status":"closed","sticky":false,"template":"","format":"standard","meta":{"_acf_changed":false,"footnotes":""},"categories":[6],"tags":[],"keywords":[],"class_list":["post-1179","post","type-post","status-publish","format-standard","hentry","category-article"],"acf":[],"yoast_head":"<!-- This site is optimized with the Yoast SEO plugin v27.2 - https:\/\/yoast.com\/product\/yoast-seo-wordpress\/ -->\n<title>Le mal a-t-il une r\u00e9alit\u00e9 ontologique ? - Recherches de Science Religieuse<\/title>\n<meta name=\"robots\" content=\"index, follow, max-snippet:-1, max-image-preview:large, max-video-preview:-1\" \/>\n<link rel=\"canonical\" href=\"https:\/\/dev.centtreize.com\/rsr\/article\/le-mal-a-t-il-une-realite-ontologique\/\" \/>\n<meta property=\"og:locale\" content=\"fr_FR\" \/>\n<meta property=\"og:type\" content=\"article\" \/>\n<meta property=\"og:title\" content=\"Le mal a-t-il une r\u00e9alit\u00e9 ontologique ? - Recherches de Science Religieuse\" \/>\n<meta property=\"og:description\" content=\"Le regard th\u00e9ologique sur la question du mal a progress\u00e9 en Occident gr\u00e2ce \u00e0 la lecture des Noms divins de Denys, et \u00e0 l&rsquo;analyse scientifique de Thomas d&rsquo;Aquin. Il est cependant int\u00e9ressant de souligner le nouvel ordre et les rectifications que Thomas d&rsquo;Aquin apporte \u00e0 la pens\u00e9e de Denys dont il est tributaire. Impr\u00e9gn\u00e9 de la philosophie n\u00e9oplatonicienne, Denys appara\u00eet dans son ouvrage comme faisant une th\u00e9ologie de l&rsquo;amour et du Bien. Le Bien y est non seulement objet d&rsquo;amour, mais il appelle un ordre et une vie. Le mal ne peut \u00eatre situ\u00e9 que par rapport \u00e0 l&rsquo;op\u00e9ration vitale d\u00e9faillante. Par rapport \u00e0 Denys, Thomas d&rsquo;Aquin op\u00e8re une inversion de pens\u00e9e. Son apport propre est de d\u00e9passer les deux positions de Denys selon qui le mal n&rsquo;a pas de cause propre, le Bien \u00e9tant fin de tous les maux. Le mal, qui reste accidentel pour Thomas, est aussi le fruit d&rsquo;une relation d\u00e9s\u00e9quilibr\u00e9e. Cons\u00e9quence du p\u00e9ch\u00e9 en tant que\" \/>\n<meta property=\"og:url\" content=\"https:\/\/dev.centtreize.com\/rsr\/article\/le-mal-a-t-il-une-realite-ontologique\/\" \/>\n<meta property=\"og:site_name\" content=\"Recherches de Science Religieuse\" \/>\n<meta property=\"article:published_time\" content=\"2013-10-25T15:23:01+00:00\" \/>\n<meta property=\"article:modified_time\" content=\"2024-10-02T14:23:15+00:00\" \/>\n<meta name=\"author\" content=\"revue@dmin\" \/>\n<meta name=\"twitter:card\" content=\"summary_large_image\" \/>\n<meta name=\"twitter:label1\" content=\"\u00c9crit par\" \/>\n\t<meta name=\"twitter:data1\" content=\"revue@dmin\" \/>\n\t<meta name=\"twitter:label2\" content=\"Dur\u00e9e de lecture estim\u00e9e\" \/>\n\t<meta name=\"twitter:data2\" content=\"1 minute\" \/>\n<script type=\"application\/ld+json\" class=\"yoast-schema-graph\">{\"@context\":\"https:\/\/schema.org\",\"@graph\":[{\"@type\":\"Article\",\"@id\":\"https:\/\/dev.centtreize.com\/rsr\/article\/le-mal-a-t-il-une-realite-ontologique\/#article\",\"isPartOf\":{\"@id\":\"https:\/\/dev.centtreize.com\/rsr\/article\/le-mal-a-t-il-une-realite-ontologique\/\"},\"author\":{\"name\":\"revue@dmin\",\"@id\":\"https:\/\/dev.centtreize.com\/rsr\/#\/schema\/person\/9f242145bf00253a95a38d0e33921be1\"},\"headline\":\"Le mal a-t-il une r\u00e9alit\u00e9 ontologique ?\",\"datePublished\":\"2013-10-25T15:23:01+00:00\",\"dateModified\":\"2024-10-02T14:23:15+00:00\",\"mainEntityOfPage\":{\"@id\":\"https:\/\/dev.centtreize.com\/rsr\/article\/le-mal-a-t-il-une-realite-ontologique\/\"},\"wordCount\":243,\"publisher\":{\"@id\":\"https:\/\/dev.centtreize.com\/rsr\/#organization\"},\"articleSection\":[\"article\"],\"inLanguage\":\"fr-FR\"},{\"@type\":\"WebPage\",\"@id\":\"https:\/\/dev.centtreize.com\/rsr\/article\/le-mal-a-t-il-une-realite-ontologique\/\",\"url\":\"https:\/\/dev.centtreize.com\/rsr\/article\/le-mal-a-t-il-une-realite-ontologique\/\",\"name\":\"Le mal a-t-il une r\u00e9alit\u00e9 ontologique ? - Recherches de Science Religieuse\",\"isPartOf\":{\"@id\":\"https:\/\/dev.centtreize.com\/rsr\/#website\"},\"datePublished\":\"2013-10-25T15:23:01+00:00\",\"dateModified\":\"2024-10-02T14:23:15+00:00\",\"breadcrumb\":{\"@id\":\"https:\/\/dev.centtreize.com\/rsr\/article\/le-mal-a-t-il-une-realite-ontologique\/#breadcrumb\"},\"inLanguage\":\"fr-FR\",\"potentialAction\":[{\"@type\":\"ReadAction\",\"target\":[\"https:\/\/dev.centtreize.com\/rsr\/article\/le-mal-a-t-il-une-realite-ontologique\/\"]}]},{\"@type\":\"BreadcrumbList\",\"@id\":\"https:\/\/dev.centtreize.com\/rsr\/article\/le-mal-a-t-il-une-realite-ontologique\/#breadcrumb\",\"itemListElement\":[{\"@type\":\"ListItem\",\"position\":1,\"name\":\"Accueil\",\"item\":\"https:\/\/dev.centtreize.com\/rsr\/\"},{\"@type\":\"ListItem\",\"position\":2,\"name\":\"Le mal a-t-il une r\u00e9alit\u00e9 ontologique ?\"}]},{\"@type\":\"WebSite\",\"@id\":\"https:\/\/dev.centtreize.com\/rsr\/#website\",\"url\":\"https:\/\/dev.centtreize.com\/rsr\/\",\"name\":\"Recherches de Science Religieuse\",\"description\":\"Recherches de Science Religieuse\",\"publisher\":{\"@id\":\"https:\/\/dev.centtreize.com\/rsr\/#organization\"},\"potentialAction\":[{\"@type\":\"SearchAction\",\"target\":{\"@type\":\"EntryPoint\",\"urlTemplate\":\"https:\/\/dev.centtreize.com\/rsr\/?s={search_term_string}\"},\"query-input\":{\"@type\":\"PropertyValueSpecification\",\"valueRequired\":true,\"valueName\":\"search_term_string\"}}],\"inLanguage\":\"fr-FR\"},{\"@type\":\"Organization\",\"@id\":\"https:\/\/dev.centtreize.com\/rsr\/#organization\",\"name\":\"Recherches de Science Religieuse\",\"url\":\"https:\/\/dev.centtreize.com\/rsr\/\",\"logo\":{\"@type\":\"ImageObject\",\"inLanguage\":\"fr-FR\",\"@id\":\"https:\/\/dev.centtreize.com\/rsr\/#\/schema\/logo\/image\/\",\"url\":\"https:\/\/dev.centtreize.com\/rsr\/wp-content\/uploads\/2024\/10\/logo_rsr.png\",\"contentUrl\":\"https:\/\/dev.centtreize.com\/rsr\/wp-content\/uploads\/2024\/10\/logo_rsr.png\",\"width\":300,\"height\":225,\"caption\":\"Recherches de Science Religieuse\"},\"image\":{\"@id\":\"https:\/\/dev.centtreize.com\/rsr\/#\/schema\/logo\/image\/\"}},{\"@type\":\"Person\",\"@id\":\"https:\/\/dev.centtreize.com\/rsr\/#\/schema\/person\/9f242145bf00253a95a38d0e33921be1\",\"name\":\"revue@dmin\",\"url\":\"https:\/\/dev.centtreize.com\/rsr\/author\/revuedmin\/\"}]}<\/script>\n<!-- \/ Yoast SEO plugin. -->","yoast_head_json":{"title":"Le mal a-t-il une r\u00e9alit\u00e9 ontologique ? - Recherches de Science Religieuse","robots":{"index":"index","follow":"follow","max-snippet":"max-snippet:-1","max-image-preview":"max-image-preview:large","max-video-preview":"max-video-preview:-1"},"canonical":"https:\/\/dev.centtreize.com\/rsr\/article\/le-mal-a-t-il-une-realite-ontologique\/","og_locale":"fr_FR","og_type":"article","og_title":"Le mal a-t-il une r\u00e9alit\u00e9 ontologique ? - Recherches de Science Religieuse","og_description":"Le regard th\u00e9ologique sur la question du mal a progress\u00e9 en Occident gr\u00e2ce \u00e0 la lecture des Noms divins de Denys, et \u00e0 l&rsquo;analyse scientifique de Thomas d&rsquo;Aquin. Il est cependant int\u00e9ressant de souligner le nouvel ordre et les rectifications que Thomas d&rsquo;Aquin apporte \u00e0 la pens\u00e9e de Denys dont il est tributaire. Impr\u00e9gn\u00e9 de la philosophie n\u00e9oplatonicienne, Denys appara\u00eet dans son ouvrage comme faisant une th\u00e9ologie de l&rsquo;amour et du Bien. Le Bien y est non seulement objet d&rsquo;amour, mais il appelle un ordre et une vie. Le mal ne peut \u00eatre situ\u00e9 que par rapport \u00e0 l&rsquo;op\u00e9ration vitale d\u00e9faillante. Par rapport \u00e0 Denys, Thomas d&rsquo;Aquin op\u00e8re une inversion de pens\u00e9e. Son apport propre est de d\u00e9passer les deux positions de Denys selon qui le mal n&rsquo;a pas de cause propre, le Bien \u00e9tant fin de tous les maux. Le mal, qui reste accidentel pour Thomas, est aussi le fruit d&rsquo;une relation d\u00e9s\u00e9quilibr\u00e9e. Cons\u00e9quence du p\u00e9ch\u00e9 en tant que","og_url":"https:\/\/dev.centtreize.com\/rsr\/article\/le-mal-a-t-il-une-realite-ontologique\/","og_site_name":"Recherches de Science Religieuse","article_published_time":"2013-10-25T15:23:01+00:00","article_modified_time":"2024-10-02T14:23:15+00:00","author":"revue@dmin","twitter_card":"summary_large_image","twitter_misc":{"\u00c9crit par":"revue@dmin","Dur\u00e9e de lecture estim\u00e9e":"1 minute"},"schema":{"@context":"https:\/\/schema.org","@graph":[{"@type":"Article","@id":"https:\/\/dev.centtreize.com\/rsr\/article\/le-mal-a-t-il-une-realite-ontologique\/#article","isPartOf":{"@id":"https:\/\/dev.centtreize.com\/rsr\/article\/le-mal-a-t-il-une-realite-ontologique\/"},"author":{"name":"revue@dmin","@id":"https:\/\/dev.centtreize.com\/rsr\/#\/schema\/person\/9f242145bf00253a95a38d0e33921be1"},"headline":"Le mal a-t-il une r\u00e9alit\u00e9 ontologique ?","datePublished":"2013-10-25T15:23:01+00:00","dateModified":"2024-10-02T14:23:15+00:00","mainEntityOfPage":{"@id":"https:\/\/dev.centtreize.com\/rsr\/article\/le-mal-a-t-il-une-realite-ontologique\/"},"wordCount":243,"publisher":{"@id":"https:\/\/dev.centtreize.com\/rsr\/#organization"},"articleSection":["article"],"inLanguage":"fr-FR"},{"@type":"WebPage","@id":"https:\/\/dev.centtreize.com\/rsr\/article\/le-mal-a-t-il-une-realite-ontologique\/","url":"https:\/\/dev.centtreize.com\/rsr\/article\/le-mal-a-t-il-une-realite-ontologique\/","name":"Le mal a-t-il une r\u00e9alit\u00e9 ontologique ? - Recherches de Science Religieuse","isPartOf":{"@id":"https:\/\/dev.centtreize.com\/rsr\/#website"},"datePublished":"2013-10-25T15:23:01+00:00","dateModified":"2024-10-02T14:23:15+00:00","breadcrumb":{"@id":"https:\/\/dev.centtreize.com\/rsr\/article\/le-mal-a-t-il-une-realite-ontologique\/#breadcrumb"},"inLanguage":"fr-FR","potentialAction":[{"@type":"ReadAction","target":["https:\/\/dev.centtreize.com\/rsr\/article\/le-mal-a-t-il-une-realite-ontologique\/"]}]},{"@type":"BreadcrumbList","@id":"https:\/\/dev.centtreize.com\/rsr\/article\/le-mal-a-t-il-une-realite-ontologique\/#breadcrumb","itemListElement":[{"@type":"ListItem","position":1,"name":"Accueil","item":"https:\/\/dev.centtreize.com\/rsr\/"},{"@type":"ListItem","position":2,"name":"Le mal a-t-il une r\u00e9alit\u00e9 ontologique ?"}]},{"@type":"WebSite","@id":"https:\/\/dev.centtreize.com\/rsr\/#website","url":"https:\/\/dev.centtreize.com\/rsr\/","name":"Recherches de Science Religieuse","description":"Recherches de Science Religieuse","publisher":{"@id":"https:\/\/dev.centtreize.com\/rsr\/#organization"},"potentialAction":[{"@type":"SearchAction","target":{"@type":"EntryPoint","urlTemplate":"https:\/\/dev.centtreize.com\/rsr\/?s={search_term_string}"},"query-input":{"@type":"PropertyValueSpecification","valueRequired":true,"valueName":"search_term_string"}}],"inLanguage":"fr-FR"},{"@type":"Organization","@id":"https:\/\/dev.centtreize.com\/rsr\/#organization","name":"Recherches de Science Religieuse","url":"https:\/\/dev.centtreize.com\/rsr\/","logo":{"@type":"ImageObject","inLanguage":"fr-FR","@id":"https:\/\/dev.centtreize.com\/rsr\/#\/schema\/logo\/image\/","url":"https:\/\/dev.centtreize.com\/rsr\/wp-content\/uploads\/2024\/10\/logo_rsr.png","contentUrl":"https:\/\/dev.centtreize.com\/rsr\/wp-content\/uploads\/2024\/10\/logo_rsr.png","width":300,"height":225,"caption":"Recherches de Science Religieuse"},"image":{"@id":"https:\/\/dev.centtreize.com\/rsr\/#\/schema\/logo\/image\/"}},{"@type":"Person","@id":"https:\/\/dev.centtreize.com\/rsr\/#\/schema\/person\/9f242145bf00253a95a38d0e33921be1","name":"revue@dmin","url":"https:\/\/dev.centtreize.com\/rsr\/author\/revuedmin\/"}]}},"_links":{"self":[{"href":"https:\/\/dev.centtreize.com\/rsr\/wp-json\/wp\/v2\/posts\/1179","targetHints":{"allow":["GET"]}}],"collection":[{"href":"https:\/\/dev.centtreize.com\/rsr\/wp-json\/wp\/v2\/posts"}],"about":[{"href":"https:\/\/dev.centtreize.com\/rsr\/wp-json\/wp\/v2\/types\/post"}],"author":[{"embeddable":true,"href":"https:\/\/dev.centtreize.com\/rsr\/wp-json\/wp\/v2\/users\/1"}],"replies":[{"embeddable":true,"href":"https:\/\/dev.centtreize.com\/rsr\/wp-json\/wp\/v2\/comments?post=1179"}],"version-history":[{"count":4,"href":"https:\/\/dev.centtreize.com\/rsr\/wp-json\/wp\/v2\/posts\/1179\/revisions"}],"predecessor-version":[{"id":17973,"href":"https:\/\/dev.centtreize.com\/rsr\/wp-json\/wp\/v2\/posts\/1179\/revisions\/17973"}],"wp:attachment":[{"href":"https:\/\/dev.centtreize.com\/rsr\/wp-json\/wp\/v2\/media?parent=1179"}],"wp:term":[{"taxonomy":"category","embeddable":true,"href":"https:\/\/dev.centtreize.com\/rsr\/wp-json\/wp\/v2\/categories?post=1179"},{"taxonomy":"post_tag","embeddable":true,"href":"https:\/\/dev.centtreize.com\/rsr\/wp-json\/wp\/v2\/tags?post=1179"},{"taxonomy":"keywords","embeddable":true,"href":"https:\/\/dev.centtreize.com\/rsr\/wp-json\/wp\/v2\/keywords?post=1179"}],"curies":[{"name":"wp","href":"https:\/\/api.w.org\/{rel}","templated":true}]}}