{"id":1169,"date":"2013-10-25T16:18:51","date_gmt":"2013-10-25T15:18:51","guid":{"rendered":"http:\/\/dev.revue-rsr.com\/?p=1169"},"modified":"2024-10-02T12:40:32","modified_gmt":"2024-10-02T11:40:32","slug":"la-catholicite-et-lespace-imperial-au-moyen-age","status":"publish","type":"post","link":"https:\/\/dev.centtreize.com\/rsr\/article\/la-catholicite-et-lespace-imperial-au-moyen-age\/","title":{"rendered":"La catholicit\u00e9 et l\u2019espace imp\u00e9rial au Moyen \u00c2ge"},"content":{"rendered":"<p>Jusqu&rsquo;au IXe si\u00e8cle, en Orient o\u00f9 l&rsquo;Empire romain perdure comme en Occident o\u00f9 il n&rsquo;existe plus,&nbsp;\u00ab\u00a0l&rsquo;\u00c9glise\u00a0\u00bb se pense et se vit sur le mode synodal, avec les nuances qu&rsquo;apporte, ici, l&rsquo;id\u00e9ologie eus\u00e9bienne, donnant le primat au&nbsp;\u00ab&nbsp;palais royal&nbsp;\u00bb sur le&nbsp;\u00ab\u00a0si\u00e8ge apostolique&nbsp;\u00bb, et, l\u00e0, l&rsquo;augustinienne, qui soutient l&rsquo;inverse. Deux si\u00e8cles plus tard, alors que l&rsquo;Empire byzantin a cess\u00e9 de pr\u00e9tendre \u00e0 l&rsquo;universalit\u00e9 romaine, la chr\u00e9tient\u00e9 latine occidentale ne r\u00eave que de renovatio romani imperii, \u00e0 son b\u00e9n\u00e9fice. Entre ces deux moments, il y a l&rsquo;\u00e9ph\u00e9m\u00e8re aventure de Gerbert d&rsquo;Aurillac qui, apr\u00e8s avoir d\u00e9fendu \u00e0 Reims la cause des \u00e9v\u00eaques contre le pape, devint, par la gr\u00e2ce d&rsquo;Otton III, le pape de l&rsquo;An Mil, Sylvestre II\u00a0: c&rsquo;\u00e9tait le nom que portait le pontife du temps de Constantin, auquel le nouvel empereur ne cesse de se r\u00e9f\u00e9rer, en souhaitant un empire moins germanique qu&rsquo;universel. Ce dut \u00eatre une grande joie, pour le pape, d&rsquo;entendre Otton dire en 1001\u00a0:&nbsp;\u00ab&nbsp;Nous proclamons Rome capitale du monde et nous reconnaissons l&rsquo;\u00c9glise romaine comme m\u00e8re de toutes les \u00c9glises.&nbsp;\u00bb D\u00e9sormais, la communion n&rsquo;est plus r\u00e9gl\u00e9e par la lex communis ecclesiae catholicae, mais par 1&rsquo;unius arbitrium et Sylvestre II parlera en&nbsp;\u00ab&nbsp;p\u00e8re universel&nbsp;\u00bb, conscient d&rsquo;exercer seul le minist\u00e8re de Pierre. C&rsquo;est dans ces fortes convictions que l&rsquo;\u00c9glise romaine affrontera la crise de la chr\u00e9tient\u00e9 des XIIIe-XIVe si\u00e8cles.<\/p>\n","protected":false},"excerpt":{"rendered":"<p>Jusqu&rsquo;au IXe si\u00e8cle, en Orient o\u00f9 l&rsquo;Empire romain perdure comme en Occident o\u00f9 il n&rsquo;existe plus,&nbsp;\u00ab\u00a0l&rsquo;\u00c9glise\u00a0\u00bb se pense et se vit sur le mode synodal, avec les nuances qu&rsquo;apporte, ici, l&rsquo;id\u00e9ologie eus\u00e9bienne, donnant le primat au&nbsp;\u00ab&nbsp;palais royal&nbsp;\u00bb sur le&nbsp;\u00ab\u00a0si\u00e8ge apostolique&nbsp;\u00bb, et, l\u00e0, l&rsquo;augustinienne, qui soutient l&rsquo;inverse. Deux si\u00e8cles plus tard, alors que l&rsquo;Empire byzantin a cess\u00e9 de pr\u00e9tendre \u00e0 l&rsquo;universalit\u00e9 romaine, la chr\u00e9tient\u00e9 latine occidentale ne r\u00eave que de renovatio romani imperii, \u00e0 son b\u00e9n\u00e9fice. Entre ces deux moments, il y a l&rsquo;\u00e9ph\u00e9m\u00e8re aventure de Gerbert d&rsquo;Aurillac qui, apr\u00e8s avoir d\u00e9fendu \u00e0 Reims la cause des \u00e9v\u00eaques contre le pape, devint, par la gr\u00e2ce d&rsquo;Otton III, le pape de l&rsquo;An Mil, Sylvestre II\u00a0: c&rsquo;\u00e9tait le nom que portait le pontife du temps de Constantin, auquel le nouvel empereur ne cesse de se r\u00e9f\u00e9rer, en souhaitant un empire moins germanique qu&rsquo;universel. Ce dut \u00eatre une grande joie, pour le pape, d&rsquo;entendre Otton dire en 1001\u00a0:&nbsp;\u00ab&nbsp;Nous proclamons Rome capitale du monde et<a class=\"read-more\" href=\"https:\/\/dev.centtreize.com\/rsr\/article\/la-catholicite-et-lespace-imperial-au-moyen-age\/\"><\/a><\/p>\n","protected":false},"author":1,"featured_media":0,"comment_status":"open","ping_status":"open","sticky":false,"template":"","format":"standard","meta":{"_acf_changed":false,"footnotes":""},"categories":[6],"tags":[],"keywords":[],"class_list":["post-1169","post","type-post","status-publish","format-standard","hentry","category-article"],"acf":[],"yoast_head":"<!-- This site is optimized with the Yoast SEO plugin v27.2 - https:\/\/yoast.com\/product\/yoast-seo-wordpress\/ -->\n<title>La catholicit\u00e9 et l\u2019espace imp\u00e9rial au Moyen \u00c2ge - Recherches de Science Religieuse<\/title>\n<meta name=\"robots\" content=\"index, follow, max-snippet:-1, max-image-preview:large, max-video-preview:-1\" \/>\n<link rel=\"canonical\" href=\"https:\/\/dev.centtreize.com\/rsr\/article\/la-catholicite-et-lespace-imperial-au-moyen-age\/\" \/>\n<meta property=\"og:locale\" content=\"fr_FR\" \/>\n<meta property=\"og:type\" content=\"article\" \/>\n<meta property=\"og:title\" content=\"La catholicit\u00e9 et l\u2019espace imp\u00e9rial au Moyen \u00c2ge - Recherches de Science Religieuse\" \/>\n<meta property=\"og:description\" content=\"Jusqu&rsquo;au IXe si\u00e8cle, en Orient o\u00f9 l&rsquo;Empire romain perdure comme en Occident o\u00f9 il n&rsquo;existe plus,&nbsp;\u00ab\u00a0l&rsquo;\u00c9glise\u00a0\u00bb se pense et se vit sur le mode synodal, avec les nuances qu&rsquo;apporte, ici, l&rsquo;id\u00e9ologie eus\u00e9bienne, donnant le primat au&nbsp;\u00ab&nbsp;palais royal&nbsp;\u00bb sur le&nbsp;\u00ab\u00a0si\u00e8ge apostolique&nbsp;\u00bb, et, l\u00e0, l&rsquo;augustinienne, qui soutient l&rsquo;inverse. Deux si\u00e8cles plus tard, alors que l&rsquo;Empire byzantin a cess\u00e9 de pr\u00e9tendre \u00e0 l&rsquo;universalit\u00e9 romaine, la chr\u00e9tient\u00e9 latine occidentale ne r\u00eave que de renovatio romani imperii, \u00e0 son b\u00e9n\u00e9fice. Entre ces deux moments, il y a l&rsquo;\u00e9ph\u00e9m\u00e8re aventure de Gerbert d&rsquo;Aurillac qui, apr\u00e8s avoir d\u00e9fendu \u00e0 Reims la cause des \u00e9v\u00eaques contre le pape, devint, par la gr\u00e2ce d&rsquo;Otton III, le pape de l&rsquo;An Mil, Sylvestre II\u00a0: c&rsquo;\u00e9tait le nom que portait le pontife du temps de Constantin, auquel le nouvel empereur ne cesse de se r\u00e9f\u00e9rer, en souhaitant un empire moins germanique qu&rsquo;universel. Ce dut \u00eatre une grande joie, pour le pape, d&rsquo;entendre Otton dire en 1001\u00a0:&nbsp;\u00ab&nbsp;Nous proclamons Rome capitale du monde et\" \/>\n<meta property=\"og:url\" content=\"https:\/\/dev.centtreize.com\/rsr\/article\/la-catholicite-et-lespace-imperial-au-moyen-age\/\" \/>\n<meta property=\"og:site_name\" content=\"Recherches de Science Religieuse\" \/>\n<meta property=\"article:published_time\" content=\"2013-10-25T15:18:51+00:00\" \/>\n<meta property=\"article:modified_time\" content=\"2024-10-02T11:40:32+00:00\" \/>\n<meta name=\"author\" content=\"revue@dmin\" \/>\n<meta name=\"twitter:card\" content=\"summary_large_image\" \/>\n<meta name=\"twitter:label1\" content=\"\u00c9crit par\" \/>\n\t<meta name=\"twitter:data1\" content=\"revue@dmin\" \/>\n\t<meta name=\"twitter:label2\" content=\"Dur\u00e9e de lecture estim\u00e9e\" \/>\n\t<meta name=\"twitter:data2\" content=\"1 minute\" \/>\n<script type=\"application\/ld+json\" class=\"yoast-schema-graph\">{\"@context\":\"https:\/\/schema.org\",\"@graph\":[{\"@type\":\"Article\",\"@id\":\"https:\/\/dev.centtreize.com\/rsr\/article\/la-catholicite-et-lespace-imperial-au-moyen-age\/#article\",\"isPartOf\":{\"@id\":\"https:\/\/dev.centtreize.com\/rsr\/article\/la-catholicite-et-lespace-imperial-au-moyen-age\/\"},\"author\":{\"name\":\"revue@dmin\",\"@id\":\"https:\/\/dev.centtreize.com\/rsr\/#\/schema\/person\/9f242145bf00253a95a38d0e33921be1\"},\"headline\":\"La catholicit\u00e9 et l\u2019espace imp\u00e9rial au Moyen \u00c2ge\",\"datePublished\":\"2013-10-25T15:18:51+00:00\",\"dateModified\":\"2024-10-02T11:40:32+00:00\",\"mainEntityOfPage\":{\"@id\":\"https:\/\/dev.centtreize.com\/rsr\/article\/la-catholicite-et-lespace-imperial-au-moyen-age\/\"},\"wordCount\":275,\"commentCount\":0,\"publisher\":{\"@id\":\"https:\/\/dev.centtreize.com\/rsr\/#organization\"},\"articleSection\":[\"article\"],\"inLanguage\":\"fr-FR\",\"potentialAction\":[{\"@type\":\"CommentAction\",\"name\":\"Comment\",\"target\":[\"https:\/\/dev.centtreize.com\/rsr\/article\/la-catholicite-et-lespace-imperial-au-moyen-age\/#respond\"]}]},{\"@type\":\"WebPage\",\"@id\":\"https:\/\/dev.centtreize.com\/rsr\/article\/la-catholicite-et-lespace-imperial-au-moyen-age\/\",\"url\":\"https:\/\/dev.centtreize.com\/rsr\/article\/la-catholicite-et-lespace-imperial-au-moyen-age\/\",\"name\":\"La catholicit\u00e9 et l\u2019espace imp\u00e9rial au Moyen \u00c2ge - Recherches de Science Religieuse\",\"isPartOf\":{\"@id\":\"https:\/\/dev.centtreize.com\/rsr\/#website\"},\"datePublished\":\"2013-10-25T15:18:51+00:00\",\"dateModified\":\"2024-10-02T11:40:32+00:00\",\"breadcrumb\":{\"@id\":\"https:\/\/dev.centtreize.com\/rsr\/article\/la-catholicite-et-lespace-imperial-au-moyen-age\/#breadcrumb\"},\"inLanguage\":\"fr-FR\",\"potentialAction\":[{\"@type\":\"ReadAction\",\"target\":[\"https:\/\/dev.centtreize.com\/rsr\/article\/la-catholicite-et-lespace-imperial-au-moyen-age\/\"]}]},{\"@type\":\"BreadcrumbList\",\"@id\":\"https:\/\/dev.centtreize.com\/rsr\/article\/la-catholicite-et-lespace-imperial-au-moyen-age\/#breadcrumb\",\"itemListElement\":[{\"@type\":\"ListItem\",\"position\":1,\"name\":\"Accueil\",\"item\":\"https:\/\/dev.centtreize.com\/rsr\/\"},{\"@type\":\"ListItem\",\"position\":2,\"name\":\"La catholicit\u00e9 et l\u2019espace imp\u00e9rial au Moyen \u00c2ge\"}]},{\"@type\":\"WebSite\",\"@id\":\"https:\/\/dev.centtreize.com\/rsr\/#website\",\"url\":\"https:\/\/dev.centtreize.com\/rsr\/\",\"name\":\"Recherches de Science Religieuse\",\"description\":\"Recherches de Science Religieuse\",\"publisher\":{\"@id\":\"https:\/\/dev.centtreize.com\/rsr\/#organization\"},\"potentialAction\":[{\"@type\":\"SearchAction\",\"target\":{\"@type\":\"EntryPoint\",\"urlTemplate\":\"https:\/\/dev.centtreize.com\/rsr\/?s={search_term_string}\"},\"query-input\":{\"@type\":\"PropertyValueSpecification\",\"valueRequired\":true,\"valueName\":\"search_term_string\"}}],\"inLanguage\":\"fr-FR\"},{\"@type\":\"Organization\",\"@id\":\"https:\/\/dev.centtreize.com\/rsr\/#organization\",\"name\":\"Recherches de Science Religieuse\",\"url\":\"https:\/\/dev.centtreize.com\/rsr\/\",\"logo\":{\"@type\":\"ImageObject\",\"inLanguage\":\"fr-FR\",\"@id\":\"https:\/\/dev.centtreize.com\/rsr\/#\/schema\/logo\/image\/\",\"url\":\"https:\/\/dev.centtreize.com\/rsr\/wp-content\/uploads\/2024\/10\/logo_rsr.png\",\"contentUrl\":\"https:\/\/dev.centtreize.com\/rsr\/wp-content\/uploads\/2024\/10\/logo_rsr.png\",\"width\":300,\"height\":225,\"caption\":\"Recherches de Science Religieuse\"},\"image\":{\"@id\":\"https:\/\/dev.centtreize.com\/rsr\/#\/schema\/logo\/image\/\"}},{\"@type\":\"Person\",\"@id\":\"https:\/\/dev.centtreize.com\/rsr\/#\/schema\/person\/9f242145bf00253a95a38d0e33921be1\",\"name\":\"revue@dmin\",\"url\":\"https:\/\/dev.centtreize.com\/rsr\/author\/revuedmin\/\"}]}<\/script>\n<!-- \/ Yoast SEO plugin. -->","yoast_head_json":{"title":"La catholicit\u00e9 et l\u2019espace imp\u00e9rial au Moyen \u00c2ge - Recherches de Science Religieuse","robots":{"index":"index","follow":"follow","max-snippet":"max-snippet:-1","max-image-preview":"max-image-preview:large","max-video-preview":"max-video-preview:-1"},"canonical":"https:\/\/dev.centtreize.com\/rsr\/article\/la-catholicite-et-lespace-imperial-au-moyen-age\/","og_locale":"fr_FR","og_type":"article","og_title":"La catholicit\u00e9 et l\u2019espace imp\u00e9rial au Moyen \u00c2ge - Recherches de Science Religieuse","og_description":"Jusqu&rsquo;au IXe si\u00e8cle, en Orient o\u00f9 l&rsquo;Empire romain perdure comme en Occident o\u00f9 il n&rsquo;existe plus,&nbsp;\u00ab\u00a0l&rsquo;\u00c9glise\u00a0\u00bb se pense et se vit sur le mode synodal, avec les nuances qu&rsquo;apporte, ici, l&rsquo;id\u00e9ologie eus\u00e9bienne, donnant le primat au&nbsp;\u00ab&nbsp;palais royal&nbsp;\u00bb sur le&nbsp;\u00ab\u00a0si\u00e8ge apostolique&nbsp;\u00bb, et, l\u00e0, l&rsquo;augustinienne, qui soutient l&rsquo;inverse. Deux si\u00e8cles plus tard, alors que l&rsquo;Empire byzantin a cess\u00e9 de pr\u00e9tendre \u00e0 l&rsquo;universalit\u00e9 romaine, la chr\u00e9tient\u00e9 latine occidentale ne r\u00eave que de renovatio romani imperii, \u00e0 son b\u00e9n\u00e9fice. Entre ces deux moments, il y a l&rsquo;\u00e9ph\u00e9m\u00e8re aventure de Gerbert d&rsquo;Aurillac qui, apr\u00e8s avoir d\u00e9fendu \u00e0 Reims la cause des \u00e9v\u00eaques contre le pape, devint, par la gr\u00e2ce d&rsquo;Otton III, le pape de l&rsquo;An Mil, Sylvestre II\u00a0: c&rsquo;\u00e9tait le nom que portait le pontife du temps de Constantin, auquel le nouvel empereur ne cesse de se r\u00e9f\u00e9rer, en souhaitant un empire moins germanique qu&rsquo;universel. Ce dut \u00eatre une grande joie, pour le pape, d&rsquo;entendre Otton dire en 1001\u00a0:&nbsp;\u00ab&nbsp;Nous proclamons Rome capitale du monde et","og_url":"https:\/\/dev.centtreize.com\/rsr\/article\/la-catholicite-et-lespace-imperial-au-moyen-age\/","og_site_name":"Recherches de Science Religieuse","article_published_time":"2013-10-25T15:18:51+00:00","article_modified_time":"2024-10-02T11:40:32+00:00","author":"revue@dmin","twitter_card":"summary_large_image","twitter_misc":{"\u00c9crit par":"revue@dmin","Dur\u00e9e de lecture estim\u00e9e":"1 minute"},"schema":{"@context":"https:\/\/schema.org","@graph":[{"@type":"Article","@id":"https:\/\/dev.centtreize.com\/rsr\/article\/la-catholicite-et-lespace-imperial-au-moyen-age\/#article","isPartOf":{"@id":"https:\/\/dev.centtreize.com\/rsr\/article\/la-catholicite-et-lespace-imperial-au-moyen-age\/"},"author":{"name":"revue@dmin","@id":"https:\/\/dev.centtreize.com\/rsr\/#\/schema\/person\/9f242145bf00253a95a38d0e33921be1"},"headline":"La catholicit\u00e9 et l\u2019espace imp\u00e9rial au Moyen \u00c2ge","datePublished":"2013-10-25T15:18:51+00:00","dateModified":"2024-10-02T11:40:32+00:00","mainEntityOfPage":{"@id":"https:\/\/dev.centtreize.com\/rsr\/article\/la-catholicite-et-lespace-imperial-au-moyen-age\/"},"wordCount":275,"commentCount":0,"publisher":{"@id":"https:\/\/dev.centtreize.com\/rsr\/#organization"},"articleSection":["article"],"inLanguage":"fr-FR","potentialAction":[{"@type":"CommentAction","name":"Comment","target":["https:\/\/dev.centtreize.com\/rsr\/article\/la-catholicite-et-lespace-imperial-au-moyen-age\/#respond"]}]},{"@type":"WebPage","@id":"https:\/\/dev.centtreize.com\/rsr\/article\/la-catholicite-et-lespace-imperial-au-moyen-age\/","url":"https:\/\/dev.centtreize.com\/rsr\/article\/la-catholicite-et-lespace-imperial-au-moyen-age\/","name":"La catholicit\u00e9 et l\u2019espace imp\u00e9rial au Moyen \u00c2ge - Recherches de Science Religieuse","isPartOf":{"@id":"https:\/\/dev.centtreize.com\/rsr\/#website"},"datePublished":"2013-10-25T15:18:51+00:00","dateModified":"2024-10-02T11:40:32+00:00","breadcrumb":{"@id":"https:\/\/dev.centtreize.com\/rsr\/article\/la-catholicite-et-lespace-imperial-au-moyen-age\/#breadcrumb"},"inLanguage":"fr-FR","potentialAction":[{"@type":"ReadAction","target":["https:\/\/dev.centtreize.com\/rsr\/article\/la-catholicite-et-lespace-imperial-au-moyen-age\/"]}]},{"@type":"BreadcrumbList","@id":"https:\/\/dev.centtreize.com\/rsr\/article\/la-catholicite-et-lespace-imperial-au-moyen-age\/#breadcrumb","itemListElement":[{"@type":"ListItem","position":1,"name":"Accueil","item":"https:\/\/dev.centtreize.com\/rsr\/"},{"@type":"ListItem","position":2,"name":"La catholicit\u00e9 et l\u2019espace imp\u00e9rial au Moyen \u00c2ge"}]},{"@type":"WebSite","@id":"https:\/\/dev.centtreize.com\/rsr\/#website","url":"https:\/\/dev.centtreize.com\/rsr\/","name":"Recherches de Science Religieuse","description":"Recherches de Science Religieuse","publisher":{"@id":"https:\/\/dev.centtreize.com\/rsr\/#organization"},"potentialAction":[{"@type":"SearchAction","target":{"@type":"EntryPoint","urlTemplate":"https:\/\/dev.centtreize.com\/rsr\/?s={search_term_string}"},"query-input":{"@type":"PropertyValueSpecification","valueRequired":true,"valueName":"search_term_string"}}],"inLanguage":"fr-FR"},{"@type":"Organization","@id":"https:\/\/dev.centtreize.com\/rsr\/#organization","name":"Recherches de Science Religieuse","url":"https:\/\/dev.centtreize.com\/rsr\/","logo":{"@type":"ImageObject","inLanguage":"fr-FR","@id":"https:\/\/dev.centtreize.com\/rsr\/#\/schema\/logo\/image\/","url":"https:\/\/dev.centtreize.com\/rsr\/wp-content\/uploads\/2024\/10\/logo_rsr.png","contentUrl":"https:\/\/dev.centtreize.com\/rsr\/wp-content\/uploads\/2024\/10\/logo_rsr.png","width":300,"height":225,"caption":"Recherches de Science Religieuse"},"image":{"@id":"https:\/\/dev.centtreize.com\/rsr\/#\/schema\/logo\/image\/"}},{"@type":"Person","@id":"https:\/\/dev.centtreize.com\/rsr\/#\/schema\/person\/9f242145bf00253a95a38d0e33921be1","name":"revue@dmin","url":"https:\/\/dev.centtreize.com\/rsr\/author\/revuedmin\/"}]}},"_links":{"self":[{"href":"https:\/\/dev.centtreize.com\/rsr\/wp-json\/wp\/v2\/posts\/1169","targetHints":{"allow":["GET"]}}],"collection":[{"href":"https:\/\/dev.centtreize.com\/rsr\/wp-json\/wp\/v2\/posts"}],"about":[{"href":"https:\/\/dev.centtreize.com\/rsr\/wp-json\/wp\/v2\/types\/post"}],"author":[{"embeddable":true,"href":"https:\/\/dev.centtreize.com\/rsr\/wp-json\/wp\/v2\/users\/1"}],"replies":[{"embeddable":true,"href":"https:\/\/dev.centtreize.com\/rsr\/wp-json\/wp\/v2\/comments?post=1169"}],"version-history":[{"count":2,"href":"https:\/\/dev.centtreize.com\/rsr\/wp-json\/wp\/v2\/posts\/1169\/revisions"}],"predecessor-version":[{"id":17963,"href":"https:\/\/dev.centtreize.com\/rsr\/wp-json\/wp\/v2\/posts\/1169\/revisions\/17963"}],"wp:attachment":[{"href":"https:\/\/dev.centtreize.com\/rsr\/wp-json\/wp\/v2\/media?parent=1169"}],"wp:term":[{"taxonomy":"category","embeddable":true,"href":"https:\/\/dev.centtreize.com\/rsr\/wp-json\/wp\/v2\/categories?post=1169"},{"taxonomy":"post_tag","embeddable":true,"href":"https:\/\/dev.centtreize.com\/rsr\/wp-json\/wp\/v2\/tags?post=1169"},{"taxonomy":"keywords","embeddable":true,"href":"https:\/\/dev.centtreize.com\/rsr\/wp-json\/wp\/v2\/keywords?post=1169"}],"curies":[{"name":"wp","href":"https:\/\/api.w.org\/{rel}","templated":true}]}}