{"id":11459,"date":"2018-01-03T12:17:34","date_gmt":"2018-01-03T11:17:34","guid":{"rendered":"http:\/\/www.revue-rsr.com\/?p=11459"},"modified":"2025-01-30T08:36:29","modified_gmt":"2025-01-30T07:36:29","slug":"editorial-1054-2017","status":"publish","type":"post","link":"https:\/\/dev.centtreize.com\/rsr\/edito\/editorial-1054-2017\/","title":{"rendered":"\u00c9ditorial (105\/4 &#8211; 2017)"},"content":{"rendered":"<p style=\"text-align: center;\">\u00a0LA PREMI\u00c8RE GUERRE MONDIALE<br \/>\nIMPACT SUR LA TH\u00c9OLOGIE<\/p>\n<p>La Premi\u00e8re Guerre mondiale marque, dans l\u2019histoire europ\u00e9enne,\u00a0\u00ab&nbsp;une coupure d\u00e9cisive aux effets irr\u00e9versibles&nbsp;\u00bb (Ren\u00e9 R\u00e9mond). Les\u00a0cons\u00e9quences politiques et sociales furent certes importantes, mais les\u00a0r\u00e9pliques religieuses de ce s\u00e9isme ne se sont pas av\u00e9r\u00e9es moins fortes ni\u00a0moins d\u00e9terminantes. Cette guerre fut&nbsp;\u00ab&nbsp;une guerre qui mobilisa les religions\u00a0et les \u00c9glises, qui engagea clercs et fid\u00e8les, qui interrogea foi et ferveurs\u00a0\u00bb (Fr\u00e9d\u00e9ric Gugelot).<br \/>\nOn peut dire apr\u00e8s coup, utilisant une image, que de multiples fils de\u00a0la politique et de la culture europ\u00e9ennes se sont alors subitement nou\u00e9s\u00a0en un \u00e9cheveau inextricable, obligeant le continent \u00e0 se confronter avec\u00a0sa propre histoire selon des contradictions depuis longtemps accumul\u00e9es.\u00a0Et ce fut un christianisme qui, tant du c\u00f4t\u00e9 allemand que du c\u00f4t\u00e9 des alli\u00e9s,\u00a0se laissa instrumentaliser par le patriotisme et le nationalisme, l\u00e9gitimant,\u00a0voire sacralisant la guerre. Les confessionnalismes catholiques, protestants,\u00a0russes orthodoxes, fond\u00e9s sur une osmose entre la culture et la foi, commenc\u00e8rent\u00a0par nier leurs solidarit\u00e9s transfrontali\u00e8res, pour entrer, au plan\u00a0national, dans des&nbsp;\u00ab&nbsp;Unions sacr\u00e9es&nbsp;\u00bb (le Burgfriede en Allemagne), ressurgissant\u00a0avec d\u2019autant plus de force d\u00e8s qu\u2019il s\u2019agissait de communaut\u00e9s\u00a0minoritaires&nbsp;: les catholiques en Allemagne \u00e0 la suite du Kulturkampf ou les<br \/>\nprotestants fran\u00e7ais face \u00e0 l\u2019identification de l\u2019adversaire \u00e0 une culture protestante&#8230;<\/p>\n<p><a title=\"\u00c9ditorial (105\/4&nbsp;\u2013 2017)\" href=\"http:\/\/www.revue-rsr.com\/edito\/editorial-1054-2017\/\" target=\"_blank\" rel=\"noopener\">Lire l&rsquo;int\u00e9gralit\u00e9 de l&rsquo;\u00c9ditorial<\/a><\/p>\n","protected":false},"excerpt":{"rendered":"<p>\u00a0LA PREMI\u00c8RE GUERRE MONDIALE IMPACT SUR LA TH\u00c9OLOGIE La Premi\u00e8re Guerre mondiale marque, dans l\u2019histoire europ\u00e9enne,\u00a0\u00ab&nbsp;une coupure d\u00e9cisive aux effets irr\u00e9versibles&nbsp;\u00bb (Ren\u00e9 R\u00e9mond). Les\u00a0cons\u00e9quences politiques et sociales furent certes importantes, mais les\u00a0r\u00e9pliques religieuses de ce s\u00e9isme ne se sont pas av\u00e9r\u00e9es moins fortes ni\u00a0moins d\u00e9terminantes. Cette guerre fut&nbsp;\u00ab&nbsp;une guerre qui mobilisa les religions\u00a0et les \u00c9glises, qui engagea clercs et fid\u00e8les, qui interrogea foi et ferveurs\u00a0\u00bb (Fr\u00e9d\u00e9ric Gugelot). On peut dire apr\u00e8s coup, utilisant une image, que de multiples fils de\u00a0la politique et de la culture europ\u00e9ennes se sont alors subitement nou\u00e9s\u00a0en un \u00e9cheveau inextricable, obligeant le continent \u00e0 se confronter avec\u00a0sa propre histoire selon des contradictions depuis longtemps accumul\u00e9es.\u00a0Et ce fut un christianisme qui, tant du c\u00f4t\u00e9 allemand que du c\u00f4t\u00e9 des alli\u00e9s,\u00a0se laissa instrumentaliser par le patriotisme et le nationalisme, l\u00e9gitimant,\u00a0voire sacralisant la guerre. Les confessionnalismes catholiques, protestants,\u00a0russes orthodoxes, fond\u00e9s sur une osmose entre la culture et la foi, commenc\u00e8rent\u00a0par nier leurs solidarit\u00e9s transfrontali\u00e8res, pour entrer, au plan\u00a0national, dans<a class=\"read-more\" href=\"https:\/\/dev.centtreize.com\/rsr\/edito\/editorial-1054-2017\/\"><\/a><\/p>\n","protected":false},"author":2,"featured_media":2616,"comment_status":"open","ping_status":"open","sticky":false,"template":"","format":"standard","meta":{"_acf_changed":false,"footnotes":""},"categories":[8],"tags":[296,309,297],"keywords":[],"class_list":["post-11459","post","type-post","status-publish","format-standard","has-post-thumbnail","hentry","category-edito","tag-dieu","tag-experience-religieuse","tag-religion"],"acf":[],"yoast_head":"<!-- This site is optimized with the Yoast SEO plugin v27.2 - https:\/\/yoast.com\/product\/yoast-seo-wordpress\/ -->\n<title>\u00c9ditorial (105\/4 - 2017) - Recherches de Science Religieuse<\/title>\n<meta name=\"robots\" content=\"index, follow, max-snippet:-1, max-image-preview:large, max-video-preview:-1\" \/>\n<link rel=\"canonical\" href=\"https:\/\/dev.centtreize.com\/rsr\/edito\/editorial-1054-2017\/\" \/>\n<meta property=\"og:locale\" content=\"fr_FR\" \/>\n<meta property=\"og:type\" content=\"article\" \/>\n<meta property=\"og:title\" content=\"\u00c9ditorial (105\/4 - 2017) - Recherches de Science Religieuse\" \/>\n<meta property=\"og:description\" content=\"\u00a0LA PREMI\u00c8RE GUERRE MONDIALE IMPACT SUR LA TH\u00c9OLOGIE La Premi\u00e8re Guerre mondiale marque, dans l\u2019histoire europ\u00e9enne,\u00a0\u00ab&nbsp;une coupure d\u00e9cisive aux effets irr\u00e9versibles&nbsp;\u00bb (Ren\u00e9 R\u00e9mond). Les\u00a0cons\u00e9quences politiques et sociales furent certes importantes, mais les\u00a0r\u00e9pliques religieuses de ce s\u00e9isme ne se sont pas av\u00e9r\u00e9es moins fortes ni\u00a0moins d\u00e9terminantes. Cette guerre fut&nbsp;\u00ab&nbsp;une guerre qui mobilisa les religions\u00a0et les \u00c9glises, qui engagea clercs et fid\u00e8les, qui interrogea foi et ferveurs\u00a0\u00bb (Fr\u00e9d\u00e9ric Gugelot). On peut dire apr\u00e8s coup, utilisant une image, que de multiples fils de\u00a0la politique et de la culture europ\u00e9ennes se sont alors subitement nou\u00e9s\u00a0en un \u00e9cheveau inextricable, obligeant le continent \u00e0 se confronter avec\u00a0sa propre histoire selon des contradictions depuis longtemps accumul\u00e9es.\u00a0Et ce fut un christianisme qui, tant du c\u00f4t\u00e9 allemand que du c\u00f4t\u00e9 des alli\u00e9s,\u00a0se laissa instrumentaliser par le patriotisme et le nationalisme, l\u00e9gitimant,\u00a0voire sacralisant la guerre. Les confessionnalismes catholiques, protestants,\u00a0russes orthodoxes, fond\u00e9s sur une osmose entre la culture et la foi, commenc\u00e8rent\u00a0par nier leurs solidarit\u00e9s transfrontali\u00e8res, pour entrer, au plan\u00a0national, dans\" \/>\n<meta property=\"og:url\" content=\"https:\/\/dev.centtreize.com\/rsr\/edito\/editorial-1054-2017\/\" \/>\n<meta property=\"og:site_name\" content=\"Recherches de Science Religieuse\" \/>\n<meta property=\"article:published_time\" content=\"2018-01-03T11:17:34+00:00\" \/>\n<meta property=\"article:modified_time\" content=\"2025-01-30T07:36:29+00:00\" \/>\n<meta property=\"og:image\" content=\"https:\/\/dev.centtreize.com\/rsr\/wp-content\/uploads\/2014\/03\/Chr.Theobald-e1578919578481.jpg\" \/>\n\t<meta property=\"og:image:width\" content=\"1022\" \/>\n\t<meta property=\"og:image:height\" content=\"1250\" \/>\n\t<meta property=\"og:image:type\" content=\"image\/jpeg\" \/>\n<meta name=\"author\" content=\"H\u00e9l\u00e8ne\" \/>\n<meta name=\"twitter:card\" content=\"summary_large_image\" \/>\n<meta name=\"twitter:label1\" content=\"\u00c9crit par\" \/>\n\t<meta name=\"twitter:data1\" content=\"H\u00e9l\u00e8ne\" \/>\n\t<meta name=\"twitter:label2\" content=\"Dur\u00e9e de lecture estim\u00e9e\" \/>\n\t<meta name=\"twitter:data2\" content=\"1 minute\" \/>\n<script type=\"application\/ld+json\" class=\"yoast-schema-graph\">{\"@context\":\"https:\/\/schema.org\",\"@graph\":[{\"@type\":\"Article\",\"@id\":\"https:\/\/dev.centtreize.com\/rsr\/edito\/editorial-1054-2017\/#article\",\"isPartOf\":{\"@id\":\"https:\/\/dev.centtreize.com\/rsr\/edito\/editorial-1054-2017\/\"},\"author\":{\"name\":\"H\u00e9l\u00e8ne\",\"@id\":\"https:\/\/dev.centtreize.com\/rsr\/#\/schema\/person\/eb039ce63dcbc3fec0a6b81e43e29ad3\"},\"headline\":\"\u00c9ditorial (105\/4 &#8211; 2017)\",\"datePublished\":\"2018-01-03T11:17:34+00:00\",\"dateModified\":\"2025-01-30T07:36:29+00:00\",\"mainEntityOfPage\":{\"@id\":\"https:\/\/dev.centtreize.com\/rsr\/edito\/editorial-1054-2017\/\"},\"wordCount\":259,\"commentCount\":0,\"publisher\":{\"@id\":\"https:\/\/dev.centtreize.com\/rsr\/#organization\"},\"image\":{\"@id\":\"https:\/\/dev.centtreize.com\/rsr\/edito\/editorial-1054-2017\/#primaryimage\"},\"thumbnailUrl\":\"https:\/\/dev.centtreize.com\/rsr\/wp-content\/uploads\/2014\/03\/Chr.Theobald-e1578919578481.jpg\",\"keywords\":[\"Dieu\",\"exp\u00e9rience religieuse\",\"religion\"],\"articleSection\":[\"edito\"],\"inLanguage\":\"fr-FR\",\"potentialAction\":[{\"@type\":\"CommentAction\",\"name\":\"Comment\",\"target\":[\"https:\/\/dev.centtreize.com\/rsr\/edito\/editorial-1054-2017\/#respond\"]}]},{\"@type\":\"WebPage\",\"@id\":\"https:\/\/dev.centtreize.com\/rsr\/edito\/editorial-1054-2017\/\",\"url\":\"https:\/\/dev.centtreize.com\/rsr\/edito\/editorial-1054-2017\/\",\"name\":\"\u00c9ditorial (105\/4 - 2017) - Recherches de Science Religieuse\",\"isPartOf\":{\"@id\":\"https:\/\/dev.centtreize.com\/rsr\/#website\"},\"primaryImageOfPage\":{\"@id\":\"https:\/\/dev.centtreize.com\/rsr\/edito\/editorial-1054-2017\/#primaryimage\"},\"image\":{\"@id\":\"https:\/\/dev.centtreize.com\/rsr\/edito\/editorial-1054-2017\/#primaryimage\"},\"thumbnailUrl\":\"https:\/\/dev.centtreize.com\/rsr\/wp-content\/uploads\/2014\/03\/Chr.Theobald-e1578919578481.jpg\",\"datePublished\":\"2018-01-03T11:17:34+00:00\",\"dateModified\":\"2025-01-30T07:36:29+00:00\",\"breadcrumb\":{\"@id\":\"https:\/\/dev.centtreize.com\/rsr\/edito\/editorial-1054-2017\/#breadcrumb\"},\"inLanguage\":\"fr-FR\",\"potentialAction\":[{\"@type\":\"ReadAction\",\"target\":[\"https:\/\/dev.centtreize.com\/rsr\/edito\/editorial-1054-2017\/\"]}]},{\"@type\":\"ImageObject\",\"inLanguage\":\"fr-FR\",\"@id\":\"https:\/\/dev.centtreize.com\/rsr\/edito\/editorial-1054-2017\/#primaryimage\",\"url\":\"https:\/\/dev.centtreize.com\/rsr\/wp-content\/uploads\/2014\/03\/Chr.Theobald-e1578919578481.jpg\",\"contentUrl\":\"https:\/\/dev.centtreize.com\/rsr\/wp-content\/uploads\/2014\/03\/Chr.Theobald-e1578919578481.jpg\",\"width\":1022,\"height\":1250},{\"@type\":\"BreadcrumbList\",\"@id\":\"https:\/\/dev.centtreize.com\/rsr\/edito\/editorial-1054-2017\/#breadcrumb\",\"itemListElement\":[{\"@type\":\"ListItem\",\"position\":1,\"name\":\"Accueil\",\"item\":\"https:\/\/dev.centtreize.com\/rsr\/\"},{\"@type\":\"ListItem\",\"position\":2,\"name\":\"\u00c9ditorial (105\/4 &#8211; 2017)\"}]},{\"@type\":\"WebSite\",\"@id\":\"https:\/\/dev.centtreize.com\/rsr\/#website\",\"url\":\"https:\/\/dev.centtreize.com\/rsr\/\",\"name\":\"Recherches de Science Religieuse\",\"description\":\"Recherches de Science Religieuse\",\"publisher\":{\"@id\":\"https:\/\/dev.centtreize.com\/rsr\/#organization\"},\"potentialAction\":[{\"@type\":\"SearchAction\",\"target\":{\"@type\":\"EntryPoint\",\"urlTemplate\":\"https:\/\/dev.centtreize.com\/rsr\/?s={search_term_string}\"},\"query-input\":{\"@type\":\"PropertyValueSpecification\",\"valueRequired\":true,\"valueName\":\"search_term_string\"}}],\"inLanguage\":\"fr-FR\"},{\"@type\":\"Organization\",\"@id\":\"https:\/\/dev.centtreize.com\/rsr\/#organization\",\"name\":\"Recherches de Science Religieuse\",\"url\":\"https:\/\/dev.centtreize.com\/rsr\/\",\"logo\":{\"@type\":\"ImageObject\",\"inLanguage\":\"fr-FR\",\"@id\":\"https:\/\/dev.centtreize.com\/rsr\/#\/schema\/logo\/image\/\",\"url\":\"https:\/\/dev.centtreize.com\/rsr\/wp-content\/uploads\/2024\/10\/logo_rsr.png\",\"contentUrl\":\"https:\/\/dev.centtreize.com\/rsr\/wp-content\/uploads\/2024\/10\/logo_rsr.png\",\"width\":300,\"height\":225,\"caption\":\"Recherches de Science Religieuse\"},\"image\":{\"@id\":\"https:\/\/dev.centtreize.com\/rsr\/#\/schema\/logo\/image\/\"}},{\"@type\":\"Person\",\"@id\":\"https:\/\/dev.centtreize.com\/rsr\/#\/schema\/person\/eb039ce63dcbc3fec0a6b81e43e29ad3\",\"name\":\"H\u00e9l\u00e8ne\",\"url\":\"https:\/\/dev.centtreize.com\/rsr\/author\/rsr\/\"}]}<\/script>\n<!-- \/ Yoast SEO plugin. -->","yoast_head_json":{"title":"\u00c9ditorial (105\/4 - 2017) - Recherches de Science Religieuse","robots":{"index":"index","follow":"follow","max-snippet":"max-snippet:-1","max-image-preview":"max-image-preview:large","max-video-preview":"max-video-preview:-1"},"canonical":"https:\/\/dev.centtreize.com\/rsr\/edito\/editorial-1054-2017\/","og_locale":"fr_FR","og_type":"article","og_title":"\u00c9ditorial (105\/4 - 2017) - Recherches de Science Religieuse","og_description":"\u00a0LA PREMI\u00c8RE GUERRE MONDIALE IMPACT SUR LA TH\u00c9OLOGIE La Premi\u00e8re Guerre mondiale marque, dans l\u2019histoire europ\u00e9enne,\u00a0\u00ab&nbsp;une coupure d\u00e9cisive aux effets irr\u00e9versibles&nbsp;\u00bb (Ren\u00e9 R\u00e9mond). Les\u00a0cons\u00e9quences politiques et sociales furent certes importantes, mais les\u00a0r\u00e9pliques religieuses de ce s\u00e9isme ne se sont pas av\u00e9r\u00e9es moins fortes ni\u00a0moins d\u00e9terminantes. Cette guerre fut&nbsp;\u00ab&nbsp;une guerre qui mobilisa les religions\u00a0et les \u00c9glises, qui engagea clercs et fid\u00e8les, qui interrogea foi et ferveurs\u00a0\u00bb (Fr\u00e9d\u00e9ric Gugelot). On peut dire apr\u00e8s coup, utilisant une image, que de multiples fils de\u00a0la politique et de la culture europ\u00e9ennes se sont alors subitement nou\u00e9s\u00a0en un \u00e9cheveau inextricable, obligeant le continent \u00e0 se confronter avec\u00a0sa propre histoire selon des contradictions depuis longtemps accumul\u00e9es.\u00a0Et ce fut un christianisme qui, tant du c\u00f4t\u00e9 allemand que du c\u00f4t\u00e9 des alli\u00e9s,\u00a0se laissa instrumentaliser par le patriotisme et le nationalisme, l\u00e9gitimant,\u00a0voire sacralisant la guerre. Les confessionnalismes catholiques, protestants,\u00a0russes orthodoxes, fond\u00e9s sur une osmose entre la culture et la foi, commenc\u00e8rent\u00a0par nier leurs solidarit\u00e9s transfrontali\u00e8res, pour entrer, au plan\u00a0national, dans","og_url":"https:\/\/dev.centtreize.com\/rsr\/edito\/editorial-1054-2017\/","og_site_name":"Recherches de Science Religieuse","article_published_time":"2018-01-03T11:17:34+00:00","article_modified_time":"2025-01-30T07:36:29+00:00","og_image":[{"width":1022,"height":1250,"url":"https:\/\/dev.centtreize.com\/rsr\/wp-content\/uploads\/2014\/03\/Chr.Theobald-e1578919578481.jpg","type":"image\/jpeg"}],"author":"H\u00e9l\u00e8ne","twitter_card":"summary_large_image","twitter_misc":{"\u00c9crit par":"H\u00e9l\u00e8ne","Dur\u00e9e de lecture estim\u00e9e":"1 minute"},"schema":{"@context":"https:\/\/schema.org","@graph":[{"@type":"Article","@id":"https:\/\/dev.centtreize.com\/rsr\/edito\/editorial-1054-2017\/#article","isPartOf":{"@id":"https:\/\/dev.centtreize.com\/rsr\/edito\/editorial-1054-2017\/"},"author":{"name":"H\u00e9l\u00e8ne","@id":"https:\/\/dev.centtreize.com\/rsr\/#\/schema\/person\/eb039ce63dcbc3fec0a6b81e43e29ad3"},"headline":"\u00c9ditorial (105\/4 &#8211; 2017)","datePublished":"2018-01-03T11:17:34+00:00","dateModified":"2025-01-30T07:36:29+00:00","mainEntityOfPage":{"@id":"https:\/\/dev.centtreize.com\/rsr\/edito\/editorial-1054-2017\/"},"wordCount":259,"commentCount":0,"publisher":{"@id":"https:\/\/dev.centtreize.com\/rsr\/#organization"},"image":{"@id":"https:\/\/dev.centtreize.com\/rsr\/edito\/editorial-1054-2017\/#primaryimage"},"thumbnailUrl":"https:\/\/dev.centtreize.com\/rsr\/wp-content\/uploads\/2014\/03\/Chr.Theobald-e1578919578481.jpg","keywords":["Dieu","exp\u00e9rience religieuse","religion"],"articleSection":["edito"],"inLanguage":"fr-FR","potentialAction":[{"@type":"CommentAction","name":"Comment","target":["https:\/\/dev.centtreize.com\/rsr\/edito\/editorial-1054-2017\/#respond"]}]},{"@type":"WebPage","@id":"https:\/\/dev.centtreize.com\/rsr\/edito\/editorial-1054-2017\/","url":"https:\/\/dev.centtreize.com\/rsr\/edito\/editorial-1054-2017\/","name":"\u00c9ditorial (105\/4 - 2017) - Recherches de Science Religieuse","isPartOf":{"@id":"https:\/\/dev.centtreize.com\/rsr\/#website"},"primaryImageOfPage":{"@id":"https:\/\/dev.centtreize.com\/rsr\/edito\/editorial-1054-2017\/#primaryimage"},"image":{"@id":"https:\/\/dev.centtreize.com\/rsr\/edito\/editorial-1054-2017\/#primaryimage"},"thumbnailUrl":"https:\/\/dev.centtreize.com\/rsr\/wp-content\/uploads\/2014\/03\/Chr.Theobald-e1578919578481.jpg","datePublished":"2018-01-03T11:17:34+00:00","dateModified":"2025-01-30T07:36:29+00:00","breadcrumb":{"@id":"https:\/\/dev.centtreize.com\/rsr\/edito\/editorial-1054-2017\/#breadcrumb"},"inLanguage":"fr-FR","potentialAction":[{"@type":"ReadAction","target":["https:\/\/dev.centtreize.com\/rsr\/edito\/editorial-1054-2017\/"]}]},{"@type":"ImageObject","inLanguage":"fr-FR","@id":"https:\/\/dev.centtreize.com\/rsr\/edito\/editorial-1054-2017\/#primaryimage","url":"https:\/\/dev.centtreize.com\/rsr\/wp-content\/uploads\/2014\/03\/Chr.Theobald-e1578919578481.jpg","contentUrl":"https:\/\/dev.centtreize.com\/rsr\/wp-content\/uploads\/2014\/03\/Chr.Theobald-e1578919578481.jpg","width":1022,"height":1250},{"@type":"BreadcrumbList","@id":"https:\/\/dev.centtreize.com\/rsr\/edito\/editorial-1054-2017\/#breadcrumb","itemListElement":[{"@type":"ListItem","position":1,"name":"Accueil","item":"https:\/\/dev.centtreize.com\/rsr\/"},{"@type":"ListItem","position":2,"name":"\u00c9ditorial (105\/4 &#8211; 2017)"}]},{"@type":"WebSite","@id":"https:\/\/dev.centtreize.com\/rsr\/#website","url":"https:\/\/dev.centtreize.com\/rsr\/","name":"Recherches de Science Religieuse","description":"Recherches de Science Religieuse","publisher":{"@id":"https:\/\/dev.centtreize.com\/rsr\/#organization"},"potentialAction":[{"@type":"SearchAction","target":{"@type":"EntryPoint","urlTemplate":"https:\/\/dev.centtreize.com\/rsr\/?s={search_term_string}"},"query-input":{"@type":"PropertyValueSpecification","valueRequired":true,"valueName":"search_term_string"}}],"inLanguage":"fr-FR"},{"@type":"Organization","@id":"https:\/\/dev.centtreize.com\/rsr\/#organization","name":"Recherches de Science Religieuse","url":"https:\/\/dev.centtreize.com\/rsr\/","logo":{"@type":"ImageObject","inLanguage":"fr-FR","@id":"https:\/\/dev.centtreize.com\/rsr\/#\/schema\/logo\/image\/","url":"https:\/\/dev.centtreize.com\/rsr\/wp-content\/uploads\/2024\/10\/logo_rsr.png","contentUrl":"https:\/\/dev.centtreize.com\/rsr\/wp-content\/uploads\/2024\/10\/logo_rsr.png","width":300,"height":225,"caption":"Recherches de Science Religieuse"},"image":{"@id":"https:\/\/dev.centtreize.com\/rsr\/#\/schema\/logo\/image\/"}},{"@type":"Person","@id":"https:\/\/dev.centtreize.com\/rsr\/#\/schema\/person\/eb039ce63dcbc3fec0a6b81e43e29ad3","name":"H\u00e9l\u00e8ne","url":"https:\/\/dev.centtreize.com\/rsr\/author\/rsr\/"}]}},"_links":{"self":[{"href":"https:\/\/dev.centtreize.com\/rsr\/wp-json\/wp\/v2\/posts\/11459","targetHints":{"allow":["GET"]}}],"collection":[{"href":"https:\/\/dev.centtreize.com\/rsr\/wp-json\/wp\/v2\/posts"}],"about":[{"href":"https:\/\/dev.centtreize.com\/rsr\/wp-json\/wp\/v2\/types\/post"}],"author":[{"embeddable":true,"href":"https:\/\/dev.centtreize.com\/rsr\/wp-json\/wp\/v2\/users\/2"}],"replies":[{"embeddable":true,"href":"https:\/\/dev.centtreize.com\/rsr\/wp-json\/wp\/v2\/comments?post=11459"}],"version-history":[{"count":6,"href":"https:\/\/dev.centtreize.com\/rsr\/wp-json\/wp\/v2\/posts\/11459\/revisions"}],"predecessor-version":[{"id":16451,"href":"https:\/\/dev.centtreize.com\/rsr\/wp-json\/wp\/v2\/posts\/11459\/revisions\/16451"}],"wp:featuredmedia":[{"embeddable":true,"href":"https:\/\/dev.centtreize.com\/rsr\/wp-json\/wp\/v2\/media\/2616"}],"wp:attachment":[{"href":"https:\/\/dev.centtreize.com\/rsr\/wp-json\/wp\/v2\/media?parent=11459"}],"wp:term":[{"taxonomy":"category","embeddable":true,"href":"https:\/\/dev.centtreize.com\/rsr\/wp-json\/wp\/v2\/categories?post=11459"},{"taxonomy":"post_tag","embeddable":true,"href":"https:\/\/dev.centtreize.com\/rsr\/wp-json\/wp\/v2\/tags?post=11459"},{"taxonomy":"keywords","embeddable":true,"href":"https:\/\/dev.centtreize.com\/rsr\/wp-json\/wp\/v2\/keywords?post=11459"}],"curies":[{"name":"wp","href":"https:\/\/api.w.org\/{rel}","templated":true}]}}