{"id":11447,"date":"2018-01-03T12:11:33","date_gmt":"2018-01-03T11:11:33","guid":{"rendered":"http:\/\/www.revue-rsr.com\/?p=11447"},"modified":"2025-06-13T07:40:47","modified_gmt":"2025-06-13T06:40:47","slug":"limpact-de-la-premiere-guerre-mondiale-sur-la-theologie-francaise-le-cas-teilhard-de-chardin","status":"publish","type":"post","link":"https:\/\/dev.centtreize.com\/rsr\/article\/limpact-de-la-premiere-guerre-mondiale-sur-la-theologie-francaise-le-cas-teilhard-de-chardin\/","title":{"rendered":"L&rsquo;impact de la Premi\u00e8re Guerre mondiale sur la th\u00e9ologie fran\u00e7aise : le cas Teilhard de Chardin"},"content":{"rendered":"<p>La pens\u00e9e de Pierre Teilhard de Chardin a marqu\u00e9 l\u2019histoire de la\u00a0r\u00e9flexion chr\u00e9tienne au XXe si\u00e8cle. Il se trouve qu\u2019elle s\u2019\u00e9labore au cours de\u00a0la Premi\u00e8re Guerre mondiale. \u00c0 travers les nombreux \u00e9crits de cette p\u00e9riode,\u00a0les principaux th\u00e8mes sont \u00e9labor\u00e9s. La r\u00e9flexion sur la dimension cosmique\u00a0et \u00e9volutive de l\u2019existence humaine n\u2019occulte pas la question du mal.<\/p>\n","protected":false},"excerpt":{"rendered":"<p>La pens\u00e9e de Pierre Teilhard de Chardin a marqu\u00e9 l\u2019histoire de la\u00a0r\u00e9flexion chr\u00e9tienne au XXe si\u00e8cle. Il se trouve qu\u2019elle s\u2019\u00e9labore au cours de\u00a0la Premi\u00e8re Guerre mondiale. \u00c0 travers les nombreux \u00e9crits de cette p\u00e9riode,\u00a0les principaux th\u00e8mes sont \u00e9labor\u00e9s. La r\u00e9flexion sur la dimension cosmique\u00a0et \u00e9volutive de l\u2019existence humaine n\u2019occulte pas la question du mal.<\/p>\n","protected":false},"author":2,"featured_media":0,"comment_status":"closed","ping_status":"closed","sticky":false,"template":"","format":"standard","meta":{"_acf_changed":false,"footnotes":""},"categories":[6],"tags":[461,460,462,463,464],"keywords":[1216,1221,1220,1215],"class_list":["post-11447","post","type-post","status-publish","format-standard","hentry","category-article","tag-creation","tag-evolution","tag-mal","tag-mort","tag-teilhard-de-chardin","keywords-guerre","keywords-mal","keywords-teilhard-de-chardin","keywords-theologie"],"acf":[],"yoast_head":"<!-- This site is optimized with the Yoast SEO plugin v27.2 - https:\/\/yoast.com\/product\/yoast-seo-wordpress\/ -->\n<title>L&#039;impact de la Premi\u00e8re Guerre mondiale sur la th\u00e9ologie fran\u00e7aise : le cas Teilhard de Chardin - Recherches de Science Religieuse<\/title>\n<meta name=\"robots\" content=\"index, follow, max-snippet:-1, max-image-preview:large, max-video-preview:-1\" \/>\n<link rel=\"canonical\" href=\"https:\/\/dev.centtreize.com\/rsr\/article\/limpact-de-la-premiere-guerre-mondiale-sur-la-theologie-francaise-le-cas-teilhard-de-chardin\/\" \/>\n<meta property=\"og:locale\" content=\"fr_FR\" \/>\n<meta property=\"og:type\" content=\"article\" \/>\n<meta property=\"og:title\" content=\"L&#039;impact de la Premi\u00e8re Guerre mondiale sur la th\u00e9ologie fran\u00e7aise : le cas Teilhard de Chardin - Recherches de Science Religieuse\" \/>\n<meta property=\"og:description\" content=\"La pens\u00e9e de Pierre Teilhard de Chardin a marqu\u00e9 l\u2019histoire de la\u00a0r\u00e9flexion chr\u00e9tienne au XXe si\u00e8cle. Il se trouve qu\u2019elle s\u2019\u00e9labore au cours de\u00a0la Premi\u00e8re Guerre mondiale. \u00c0 travers les nombreux \u00e9crits de cette p\u00e9riode,\u00a0les principaux th\u00e8mes sont \u00e9labor\u00e9s. La r\u00e9flexion sur la dimension cosmique\u00a0et \u00e9volutive de l\u2019existence humaine n\u2019occulte pas la question du mal.\" \/>\n<meta property=\"og:url\" content=\"https:\/\/dev.centtreize.com\/rsr\/article\/limpact-de-la-premiere-guerre-mondiale-sur-la-theologie-francaise-le-cas-teilhard-de-chardin\/\" \/>\n<meta property=\"og:site_name\" content=\"Recherches de Science Religieuse\" \/>\n<meta property=\"article:published_time\" content=\"2018-01-03T11:11:33+00:00\" \/>\n<meta property=\"article:modified_time\" content=\"2025-06-13T06:40:47+00:00\" \/>\n<meta name=\"author\" content=\"H\u00e9l\u00e8ne\" \/>\n<meta name=\"twitter:card\" content=\"summary_large_image\" \/>\n<meta name=\"twitter:label1\" content=\"\u00c9crit par\" \/>\n\t<meta name=\"twitter:data1\" content=\"H\u00e9l\u00e8ne\" \/>\n<script type=\"application\/ld+json\" class=\"yoast-schema-graph\">{\"@context\":\"https:\/\/schema.org\",\"@graph\":[{\"@type\":\"Article\",\"@id\":\"https:\/\/dev.centtreize.com\/rsr\/article\/limpact-de-la-premiere-guerre-mondiale-sur-la-theologie-francaise-le-cas-teilhard-de-chardin\/#article\",\"isPartOf\":{\"@id\":\"https:\/\/dev.centtreize.com\/rsr\/article\/limpact-de-la-premiere-guerre-mondiale-sur-la-theologie-francaise-le-cas-teilhard-de-chardin\/\"},\"author\":{\"name\":\"H\u00e9l\u00e8ne\",\"@id\":\"https:\/\/dev.centtreize.com\/rsr\/#\/schema\/person\/eb039ce63dcbc3fec0a6b81e43e29ad3\"},\"headline\":\"L&rsquo;impact de la Premi\u00e8re Guerre mondiale sur la th\u00e9ologie fran\u00e7aise : le cas Teilhard de Chardin\",\"datePublished\":\"2018-01-03T11:11:33+00:00\",\"dateModified\":\"2025-06-13T06:40:47+00:00\",\"mainEntityOfPage\":{\"@id\":\"https:\/\/dev.centtreize.com\/rsr\/article\/limpact-de-la-premiere-guerre-mondiale-sur-la-theologie-francaise-le-cas-teilhard-de-chardin\/\"},\"wordCount\":91,\"publisher\":{\"@id\":\"https:\/\/dev.centtreize.com\/rsr\/#organization\"},\"keywords\":[\"cr\u00e9ation\",\"\u00e9volution\",\"mal\",\"mort\",\"teilhard de chardin\"],\"articleSection\":[\"article\"],\"inLanguage\":\"fr-FR\"},{\"@type\":\"WebPage\",\"@id\":\"https:\/\/dev.centtreize.com\/rsr\/article\/limpact-de-la-premiere-guerre-mondiale-sur-la-theologie-francaise-le-cas-teilhard-de-chardin\/\",\"url\":\"https:\/\/dev.centtreize.com\/rsr\/article\/limpact-de-la-premiere-guerre-mondiale-sur-la-theologie-francaise-le-cas-teilhard-de-chardin\/\",\"name\":\"L'impact de la Premi\u00e8re Guerre mondiale sur la th\u00e9ologie fran\u00e7aise : le cas Teilhard de Chardin - Recherches de Science Religieuse\",\"isPartOf\":{\"@id\":\"https:\/\/dev.centtreize.com\/rsr\/#website\"},\"datePublished\":\"2018-01-03T11:11:33+00:00\",\"dateModified\":\"2025-06-13T06:40:47+00:00\",\"breadcrumb\":{\"@id\":\"https:\/\/dev.centtreize.com\/rsr\/article\/limpact-de-la-premiere-guerre-mondiale-sur-la-theologie-francaise-le-cas-teilhard-de-chardin\/#breadcrumb\"},\"inLanguage\":\"fr-FR\",\"potentialAction\":[{\"@type\":\"ReadAction\",\"target\":[\"https:\/\/dev.centtreize.com\/rsr\/article\/limpact-de-la-premiere-guerre-mondiale-sur-la-theologie-francaise-le-cas-teilhard-de-chardin\/\"]}]},{\"@type\":\"BreadcrumbList\",\"@id\":\"https:\/\/dev.centtreize.com\/rsr\/article\/limpact-de-la-premiere-guerre-mondiale-sur-la-theologie-francaise-le-cas-teilhard-de-chardin\/#breadcrumb\",\"itemListElement\":[{\"@type\":\"ListItem\",\"position\":1,\"name\":\"Accueil\",\"item\":\"https:\/\/dev.centtreize.com\/rsr\/\"},{\"@type\":\"ListItem\",\"position\":2,\"name\":\"L&rsquo;impact de la Premi\u00e8re Guerre mondiale sur la th\u00e9ologie fran\u00e7aise : le cas Teilhard de Chardin\"}]},{\"@type\":\"WebSite\",\"@id\":\"https:\/\/dev.centtreize.com\/rsr\/#website\",\"url\":\"https:\/\/dev.centtreize.com\/rsr\/\",\"name\":\"Recherches de Science Religieuse\",\"description\":\"Recherches de Science Religieuse\",\"publisher\":{\"@id\":\"https:\/\/dev.centtreize.com\/rsr\/#organization\"},\"potentialAction\":[{\"@type\":\"SearchAction\",\"target\":{\"@type\":\"EntryPoint\",\"urlTemplate\":\"https:\/\/dev.centtreize.com\/rsr\/?s={search_term_string}\"},\"query-input\":{\"@type\":\"PropertyValueSpecification\",\"valueRequired\":true,\"valueName\":\"search_term_string\"}}],\"inLanguage\":\"fr-FR\"},{\"@type\":\"Organization\",\"@id\":\"https:\/\/dev.centtreize.com\/rsr\/#organization\",\"name\":\"Recherches de Science Religieuse\",\"url\":\"https:\/\/dev.centtreize.com\/rsr\/\",\"logo\":{\"@type\":\"ImageObject\",\"inLanguage\":\"fr-FR\",\"@id\":\"https:\/\/dev.centtreize.com\/rsr\/#\/schema\/logo\/image\/\",\"url\":\"https:\/\/dev.centtreize.com\/rsr\/wp-content\/uploads\/2024\/10\/logo_rsr.png\",\"contentUrl\":\"https:\/\/dev.centtreize.com\/rsr\/wp-content\/uploads\/2024\/10\/logo_rsr.png\",\"width\":300,\"height\":225,\"caption\":\"Recherches de Science Religieuse\"},\"image\":{\"@id\":\"https:\/\/dev.centtreize.com\/rsr\/#\/schema\/logo\/image\/\"}},{\"@type\":\"Person\",\"@id\":\"https:\/\/dev.centtreize.com\/rsr\/#\/schema\/person\/eb039ce63dcbc3fec0a6b81e43e29ad3\",\"name\":\"H\u00e9l\u00e8ne\",\"url\":\"https:\/\/dev.centtreize.com\/rsr\/author\/rsr\/\"}]}<\/script>\n<!-- \/ Yoast SEO plugin. -->","yoast_head_json":{"title":"L'impact de la Premi\u00e8re Guerre mondiale sur la th\u00e9ologie fran\u00e7aise : le cas Teilhard de Chardin - Recherches de Science Religieuse","robots":{"index":"index","follow":"follow","max-snippet":"max-snippet:-1","max-image-preview":"max-image-preview:large","max-video-preview":"max-video-preview:-1"},"canonical":"https:\/\/dev.centtreize.com\/rsr\/article\/limpact-de-la-premiere-guerre-mondiale-sur-la-theologie-francaise-le-cas-teilhard-de-chardin\/","og_locale":"fr_FR","og_type":"article","og_title":"L'impact de la Premi\u00e8re Guerre mondiale sur la th\u00e9ologie fran\u00e7aise : le cas Teilhard de Chardin - Recherches de Science Religieuse","og_description":"La pens\u00e9e de Pierre Teilhard de Chardin a marqu\u00e9 l\u2019histoire de la\u00a0r\u00e9flexion chr\u00e9tienne au XXe si\u00e8cle. Il se trouve qu\u2019elle s\u2019\u00e9labore au cours de\u00a0la Premi\u00e8re Guerre mondiale. \u00c0 travers les nombreux \u00e9crits de cette p\u00e9riode,\u00a0les principaux th\u00e8mes sont \u00e9labor\u00e9s. La r\u00e9flexion sur la dimension cosmique\u00a0et \u00e9volutive de l\u2019existence humaine n\u2019occulte pas la question du mal.","og_url":"https:\/\/dev.centtreize.com\/rsr\/article\/limpact-de-la-premiere-guerre-mondiale-sur-la-theologie-francaise-le-cas-teilhard-de-chardin\/","og_site_name":"Recherches de Science Religieuse","article_published_time":"2018-01-03T11:11:33+00:00","article_modified_time":"2025-06-13T06:40:47+00:00","author":"H\u00e9l\u00e8ne","twitter_card":"summary_large_image","twitter_misc":{"\u00c9crit par":"H\u00e9l\u00e8ne"},"schema":{"@context":"https:\/\/schema.org","@graph":[{"@type":"Article","@id":"https:\/\/dev.centtreize.com\/rsr\/article\/limpact-de-la-premiere-guerre-mondiale-sur-la-theologie-francaise-le-cas-teilhard-de-chardin\/#article","isPartOf":{"@id":"https:\/\/dev.centtreize.com\/rsr\/article\/limpact-de-la-premiere-guerre-mondiale-sur-la-theologie-francaise-le-cas-teilhard-de-chardin\/"},"author":{"name":"H\u00e9l\u00e8ne","@id":"https:\/\/dev.centtreize.com\/rsr\/#\/schema\/person\/eb039ce63dcbc3fec0a6b81e43e29ad3"},"headline":"L&rsquo;impact de la Premi\u00e8re Guerre mondiale sur la th\u00e9ologie fran\u00e7aise : le cas Teilhard de Chardin","datePublished":"2018-01-03T11:11:33+00:00","dateModified":"2025-06-13T06:40:47+00:00","mainEntityOfPage":{"@id":"https:\/\/dev.centtreize.com\/rsr\/article\/limpact-de-la-premiere-guerre-mondiale-sur-la-theologie-francaise-le-cas-teilhard-de-chardin\/"},"wordCount":91,"publisher":{"@id":"https:\/\/dev.centtreize.com\/rsr\/#organization"},"keywords":["cr\u00e9ation","\u00e9volution","mal","mort","teilhard de chardin"],"articleSection":["article"],"inLanguage":"fr-FR"},{"@type":"WebPage","@id":"https:\/\/dev.centtreize.com\/rsr\/article\/limpact-de-la-premiere-guerre-mondiale-sur-la-theologie-francaise-le-cas-teilhard-de-chardin\/","url":"https:\/\/dev.centtreize.com\/rsr\/article\/limpact-de-la-premiere-guerre-mondiale-sur-la-theologie-francaise-le-cas-teilhard-de-chardin\/","name":"L'impact de la Premi\u00e8re Guerre mondiale sur la th\u00e9ologie fran\u00e7aise : le cas Teilhard de Chardin - Recherches de Science Religieuse","isPartOf":{"@id":"https:\/\/dev.centtreize.com\/rsr\/#website"},"datePublished":"2018-01-03T11:11:33+00:00","dateModified":"2025-06-13T06:40:47+00:00","breadcrumb":{"@id":"https:\/\/dev.centtreize.com\/rsr\/article\/limpact-de-la-premiere-guerre-mondiale-sur-la-theologie-francaise-le-cas-teilhard-de-chardin\/#breadcrumb"},"inLanguage":"fr-FR","potentialAction":[{"@type":"ReadAction","target":["https:\/\/dev.centtreize.com\/rsr\/article\/limpact-de-la-premiere-guerre-mondiale-sur-la-theologie-francaise-le-cas-teilhard-de-chardin\/"]}]},{"@type":"BreadcrumbList","@id":"https:\/\/dev.centtreize.com\/rsr\/article\/limpact-de-la-premiere-guerre-mondiale-sur-la-theologie-francaise-le-cas-teilhard-de-chardin\/#breadcrumb","itemListElement":[{"@type":"ListItem","position":1,"name":"Accueil","item":"https:\/\/dev.centtreize.com\/rsr\/"},{"@type":"ListItem","position":2,"name":"L&rsquo;impact de la Premi\u00e8re Guerre mondiale sur la th\u00e9ologie fran\u00e7aise : le cas Teilhard de Chardin"}]},{"@type":"WebSite","@id":"https:\/\/dev.centtreize.com\/rsr\/#website","url":"https:\/\/dev.centtreize.com\/rsr\/","name":"Recherches de Science Religieuse","description":"Recherches de Science Religieuse","publisher":{"@id":"https:\/\/dev.centtreize.com\/rsr\/#organization"},"potentialAction":[{"@type":"SearchAction","target":{"@type":"EntryPoint","urlTemplate":"https:\/\/dev.centtreize.com\/rsr\/?s={search_term_string}"},"query-input":{"@type":"PropertyValueSpecification","valueRequired":true,"valueName":"search_term_string"}}],"inLanguage":"fr-FR"},{"@type":"Organization","@id":"https:\/\/dev.centtreize.com\/rsr\/#organization","name":"Recherches de Science Religieuse","url":"https:\/\/dev.centtreize.com\/rsr\/","logo":{"@type":"ImageObject","inLanguage":"fr-FR","@id":"https:\/\/dev.centtreize.com\/rsr\/#\/schema\/logo\/image\/","url":"https:\/\/dev.centtreize.com\/rsr\/wp-content\/uploads\/2024\/10\/logo_rsr.png","contentUrl":"https:\/\/dev.centtreize.com\/rsr\/wp-content\/uploads\/2024\/10\/logo_rsr.png","width":300,"height":225,"caption":"Recherches de Science Religieuse"},"image":{"@id":"https:\/\/dev.centtreize.com\/rsr\/#\/schema\/logo\/image\/"}},{"@type":"Person","@id":"https:\/\/dev.centtreize.com\/rsr\/#\/schema\/person\/eb039ce63dcbc3fec0a6b81e43e29ad3","name":"H\u00e9l\u00e8ne","url":"https:\/\/dev.centtreize.com\/rsr\/author\/rsr\/"}]}},"_links":{"self":[{"href":"https:\/\/dev.centtreize.com\/rsr\/wp-json\/wp\/v2\/posts\/11447","targetHints":{"allow":["GET"]}}],"collection":[{"href":"https:\/\/dev.centtreize.com\/rsr\/wp-json\/wp\/v2\/posts"}],"about":[{"href":"https:\/\/dev.centtreize.com\/rsr\/wp-json\/wp\/v2\/types\/post"}],"author":[{"embeddable":true,"href":"https:\/\/dev.centtreize.com\/rsr\/wp-json\/wp\/v2\/users\/2"}],"replies":[{"embeddable":true,"href":"https:\/\/dev.centtreize.com\/rsr\/wp-json\/wp\/v2\/comments?post=11447"}],"version-history":[{"count":8,"href":"https:\/\/dev.centtreize.com\/rsr\/wp-json\/wp\/v2\/posts\/11447\/revisions"}],"predecessor-version":[{"id":17595,"href":"https:\/\/dev.centtreize.com\/rsr\/wp-json\/wp\/v2\/posts\/11447\/revisions\/17595"}],"wp:attachment":[{"href":"https:\/\/dev.centtreize.com\/rsr\/wp-json\/wp\/v2\/media?parent=11447"}],"wp:term":[{"taxonomy":"category","embeddable":true,"href":"https:\/\/dev.centtreize.com\/rsr\/wp-json\/wp\/v2\/categories?post=11447"},{"taxonomy":"post_tag","embeddable":true,"href":"https:\/\/dev.centtreize.com\/rsr\/wp-json\/wp\/v2\/tags?post=11447"},{"taxonomy":"keywords","embeddable":true,"href":"https:\/\/dev.centtreize.com\/rsr\/wp-json\/wp\/v2\/keywords?post=11447"}],"curies":[{"name":"wp","href":"https:\/\/api.w.org\/{rel}","templated":true}]}}