{"id":11444,"date":"2018-01-03T12:09:56","date_gmt":"2018-01-03T11:09:56","guid":{"rendered":"http:\/\/www.revue-rsr.com\/?p=11444"},"modified":"2025-06-13T07:40:38","modified_gmt":"2025-06-13T06:40:38","slug":"la-premiere-guerre-mondiale-et-la-mise-en-crise-de-la-theologie-protestante","status":"publish","type":"post","link":"https:\/\/dev.centtreize.com\/rsr\/article\/la-premiere-guerre-mondiale-et-la-mise-en-crise-de-la-theologie-protestante\/","title":{"rendered":"La Premi\u00e8re Guerre mondiale et la mise en crise de la th\u00e9ologie protestante germanophone et francophone"},"content":{"rendered":"<p>En th\u00e9ologie protestante de langue allemande, la Premi\u00e8re Guerre\u00a0mondiale a \u00e9t\u00e9 l\u2019occasion d\u2019une mise en question radicale des positions\u00a0th\u00e9ologiques dominantes jusqu\u2019alors. Des voix, dont celle du jeune\u00a0Karl Barth, se sont \u00e9lev\u00e9es contre la th\u00e9ologie patriotique propos\u00e9e au\u00a0d\u00e9but de la guerre par les plus grandes figures th\u00e9ologiques de l\u2019\u00e9poque\u00a0(Adolf Harnack, Wilhelm Herrmann et Ernst Troeltsch). \u00c0 l\u2019instar de\u00a0Rudolf Bultmann, nombre de th\u00e9ologiens allemands d\u2019abord aveugl\u00e9s par\u00a0le puissant \u00e9lan patriotique des premiers mois de guerre ont, par la suite,\u00a0questionn\u00e9 certaines associations trop rapides entre le destin de leur pays\u00a0et la providence divine.<\/p>\n","protected":false},"excerpt":{"rendered":"<p>En th\u00e9ologie protestante de langue allemande, la Premi\u00e8re Guerre\u00a0mondiale a \u00e9t\u00e9 l\u2019occasion d\u2019une mise en question radicale des positions\u00a0th\u00e9ologiques dominantes jusqu\u2019alors. Des voix, dont celle du jeune\u00a0Karl Barth, se sont \u00e9lev\u00e9es contre la th\u00e9ologie patriotique propos\u00e9e au\u00a0d\u00e9but de la guerre par les plus grandes figures th\u00e9ologiques de l\u2019\u00e9poque\u00a0(Adolf Harnack, Wilhelm Herrmann et Ernst Troeltsch). \u00c0 l\u2019instar de\u00a0Rudolf Bultmann, nombre de th\u00e9ologiens allemands d\u2019abord aveugl\u00e9s par\u00a0le puissant \u00e9lan patriotique des premiers mois de guerre ont, par la suite,\u00a0questionn\u00e9 certaines associations trop rapides entre le destin de leur pays\u00a0et la providence divine.<\/p>\n","protected":false},"author":2,"featured_media":0,"comment_status":"closed","ping_status":"closed","sticky":false,"template":"","format":"standard","meta":{"_acf_changed":false,"footnotes":""},"categories":[6],"tags":[154,459,296,309,458,456,297,457],"keywords":[1218,1219,1216,1122,1142,1144],"class_list":["post-11444","post","type-post","status-publish","format-standard","hentry","category-article","tag-barth","tag-bultmann","tag-dieu","tag-experience-religieuse","tag-gogarten","tag-premiere-guerre-mondiale","tag-religion","tag-theologie-protestante","keywords-barth-karl","keywords-bultmann-rudolf","keywords-guerre","keywords-histoire","keywords-protestantisme","keywords-troeltsch-ernst"],"acf":[],"yoast_head":"<!-- This site is optimized with the Yoast SEO plugin v27.2 - https:\/\/yoast.com\/product\/yoast-seo-wordpress\/ -->\n<title>La Premi\u00e8re Guerre mondiale et la mise en crise de la th\u00e9ologie protestante germanophone et francophone - Recherches de Science Religieuse<\/title>\n<meta name=\"robots\" content=\"index, follow, max-snippet:-1, max-image-preview:large, max-video-preview:-1\" \/>\n<link rel=\"canonical\" href=\"https:\/\/dev.centtreize.com\/rsr\/article\/la-premiere-guerre-mondiale-et-la-mise-en-crise-de-la-theologie-protestante\/\" \/>\n<meta property=\"og:locale\" content=\"fr_FR\" \/>\n<meta property=\"og:type\" content=\"article\" \/>\n<meta property=\"og:title\" content=\"La Premi\u00e8re Guerre mondiale et la mise en crise de la th\u00e9ologie protestante germanophone et francophone - Recherches de Science Religieuse\" \/>\n<meta property=\"og:description\" content=\"En th\u00e9ologie protestante de langue allemande, la Premi\u00e8re Guerre\u00a0mondiale a \u00e9t\u00e9 l\u2019occasion d\u2019une mise en question radicale des positions\u00a0th\u00e9ologiques dominantes jusqu\u2019alors. Des voix, dont celle du jeune\u00a0Karl Barth, se sont \u00e9lev\u00e9es contre la th\u00e9ologie patriotique propos\u00e9e au\u00a0d\u00e9but de la guerre par les plus grandes figures th\u00e9ologiques de l\u2019\u00e9poque\u00a0(Adolf Harnack, Wilhelm Herrmann et Ernst Troeltsch). \u00c0 l\u2019instar de\u00a0Rudolf Bultmann, nombre de th\u00e9ologiens allemands d\u2019abord aveugl\u00e9s par\u00a0le puissant \u00e9lan patriotique des premiers mois de guerre ont, par la suite,\u00a0questionn\u00e9 certaines associations trop rapides entre le destin de leur pays\u00a0et la providence divine.\" \/>\n<meta property=\"og:url\" content=\"https:\/\/dev.centtreize.com\/rsr\/article\/la-premiere-guerre-mondiale-et-la-mise-en-crise-de-la-theologie-protestante\/\" \/>\n<meta property=\"og:site_name\" content=\"Recherches de Science Religieuse\" \/>\n<meta property=\"article:published_time\" content=\"2018-01-03T11:09:56+00:00\" \/>\n<meta property=\"article:modified_time\" content=\"2025-06-13T06:40:38+00:00\" \/>\n<meta name=\"author\" content=\"H\u00e9l\u00e8ne\" \/>\n<meta name=\"twitter:card\" content=\"summary_large_image\" \/>\n<meta name=\"twitter:label1\" content=\"\u00c9crit par\" \/>\n\t<meta name=\"twitter:data1\" content=\"H\u00e9l\u00e8ne\" \/>\n\t<meta name=\"twitter:label2\" content=\"Dur\u00e9e de lecture estim\u00e9e\" \/>\n\t<meta name=\"twitter:data2\" content=\"1 minute\" \/>\n<script type=\"application\/ld+json\" class=\"yoast-schema-graph\">{\"@context\":\"https:\/\/schema.org\",\"@graph\":[{\"@type\":\"Article\",\"@id\":\"https:\/\/dev.centtreize.com\/rsr\/article\/la-premiere-guerre-mondiale-et-la-mise-en-crise-de-la-theologie-protestante\/#article\",\"isPartOf\":{\"@id\":\"https:\/\/dev.centtreize.com\/rsr\/article\/la-premiere-guerre-mondiale-et-la-mise-en-crise-de-la-theologie-protestante\/\"},\"author\":{\"name\":\"H\u00e9l\u00e8ne\",\"@id\":\"https:\/\/dev.centtreize.com\/rsr\/#\/schema\/person\/eb039ce63dcbc3fec0a6b81e43e29ad3\"},\"headline\":\"La Premi\u00e8re Guerre mondiale et la mise en crise de la th\u00e9ologie protestante germanophone et francophone\",\"datePublished\":\"2018-01-03T11:09:56+00:00\",\"dateModified\":\"2025-06-13T06:40:38+00:00\",\"mainEntityOfPage\":{\"@id\":\"https:\/\/dev.centtreize.com\/rsr\/article\/la-premiere-guerre-mondiale-et-la-mise-en-crise-de-la-theologie-protestante\/\"},\"wordCount\":132,\"publisher\":{\"@id\":\"https:\/\/dev.centtreize.com\/rsr\/#organization\"},\"keywords\":[\"Barth\",\"Bultmann\",\"Dieu\",\"exp\u00e9rience religieuse\",\"Gogarten\",\"premi\u00e8re guerre mondiale\",\"religion\",\"th\u00e9ologie protestante\"],\"articleSection\":[\"article\"],\"inLanguage\":\"fr-FR\"},{\"@type\":\"WebPage\",\"@id\":\"https:\/\/dev.centtreize.com\/rsr\/article\/la-premiere-guerre-mondiale-et-la-mise-en-crise-de-la-theologie-protestante\/\",\"url\":\"https:\/\/dev.centtreize.com\/rsr\/article\/la-premiere-guerre-mondiale-et-la-mise-en-crise-de-la-theologie-protestante\/\",\"name\":\"La Premi\u00e8re Guerre mondiale et la mise en crise de la th\u00e9ologie protestante germanophone et francophone - Recherches de Science Religieuse\",\"isPartOf\":{\"@id\":\"https:\/\/dev.centtreize.com\/rsr\/#website\"},\"datePublished\":\"2018-01-03T11:09:56+00:00\",\"dateModified\":\"2025-06-13T06:40:38+00:00\",\"breadcrumb\":{\"@id\":\"https:\/\/dev.centtreize.com\/rsr\/article\/la-premiere-guerre-mondiale-et-la-mise-en-crise-de-la-theologie-protestante\/#breadcrumb\"},\"inLanguage\":\"fr-FR\",\"potentialAction\":[{\"@type\":\"ReadAction\",\"target\":[\"https:\/\/dev.centtreize.com\/rsr\/article\/la-premiere-guerre-mondiale-et-la-mise-en-crise-de-la-theologie-protestante\/\"]}]},{\"@type\":\"BreadcrumbList\",\"@id\":\"https:\/\/dev.centtreize.com\/rsr\/article\/la-premiere-guerre-mondiale-et-la-mise-en-crise-de-la-theologie-protestante\/#breadcrumb\",\"itemListElement\":[{\"@type\":\"ListItem\",\"position\":1,\"name\":\"Accueil\",\"item\":\"https:\/\/dev.centtreize.com\/rsr\/\"},{\"@type\":\"ListItem\",\"position\":2,\"name\":\"La Premi\u00e8re Guerre mondiale et la mise en crise de la th\u00e9ologie protestante germanophone et francophone\"}]},{\"@type\":\"WebSite\",\"@id\":\"https:\/\/dev.centtreize.com\/rsr\/#website\",\"url\":\"https:\/\/dev.centtreize.com\/rsr\/\",\"name\":\"Recherches de Science Religieuse\",\"description\":\"Recherches de Science Religieuse\",\"publisher\":{\"@id\":\"https:\/\/dev.centtreize.com\/rsr\/#organization\"},\"potentialAction\":[{\"@type\":\"SearchAction\",\"target\":{\"@type\":\"EntryPoint\",\"urlTemplate\":\"https:\/\/dev.centtreize.com\/rsr\/?s={search_term_string}\"},\"query-input\":{\"@type\":\"PropertyValueSpecification\",\"valueRequired\":true,\"valueName\":\"search_term_string\"}}],\"inLanguage\":\"fr-FR\"},{\"@type\":\"Organization\",\"@id\":\"https:\/\/dev.centtreize.com\/rsr\/#organization\",\"name\":\"Recherches de Science Religieuse\",\"url\":\"https:\/\/dev.centtreize.com\/rsr\/\",\"logo\":{\"@type\":\"ImageObject\",\"inLanguage\":\"fr-FR\",\"@id\":\"https:\/\/dev.centtreize.com\/rsr\/#\/schema\/logo\/image\/\",\"url\":\"https:\/\/dev.centtreize.com\/rsr\/wp-content\/uploads\/2024\/10\/logo_rsr.png\",\"contentUrl\":\"https:\/\/dev.centtreize.com\/rsr\/wp-content\/uploads\/2024\/10\/logo_rsr.png\",\"width\":300,\"height\":225,\"caption\":\"Recherches de Science Religieuse\"},\"image\":{\"@id\":\"https:\/\/dev.centtreize.com\/rsr\/#\/schema\/logo\/image\/\"}},{\"@type\":\"Person\",\"@id\":\"https:\/\/dev.centtreize.com\/rsr\/#\/schema\/person\/eb039ce63dcbc3fec0a6b81e43e29ad3\",\"name\":\"H\u00e9l\u00e8ne\",\"url\":\"https:\/\/dev.centtreize.com\/rsr\/author\/rsr\/\"}]}<\/script>\n<!-- \/ Yoast SEO plugin. -->","yoast_head_json":{"title":"La Premi\u00e8re Guerre mondiale et la mise en crise de la th\u00e9ologie protestante germanophone et francophone - Recherches de Science Religieuse","robots":{"index":"index","follow":"follow","max-snippet":"max-snippet:-1","max-image-preview":"max-image-preview:large","max-video-preview":"max-video-preview:-1"},"canonical":"https:\/\/dev.centtreize.com\/rsr\/article\/la-premiere-guerre-mondiale-et-la-mise-en-crise-de-la-theologie-protestante\/","og_locale":"fr_FR","og_type":"article","og_title":"La Premi\u00e8re Guerre mondiale et la mise en crise de la th\u00e9ologie protestante germanophone et francophone - Recherches de Science Religieuse","og_description":"En th\u00e9ologie protestante de langue allemande, la Premi\u00e8re Guerre\u00a0mondiale a \u00e9t\u00e9 l\u2019occasion d\u2019une mise en question radicale des positions\u00a0th\u00e9ologiques dominantes jusqu\u2019alors. Des voix, dont celle du jeune\u00a0Karl Barth, se sont \u00e9lev\u00e9es contre la th\u00e9ologie patriotique propos\u00e9e au\u00a0d\u00e9but de la guerre par les plus grandes figures th\u00e9ologiques de l\u2019\u00e9poque\u00a0(Adolf Harnack, Wilhelm Herrmann et Ernst Troeltsch). \u00c0 l\u2019instar de\u00a0Rudolf Bultmann, nombre de th\u00e9ologiens allemands d\u2019abord aveugl\u00e9s par\u00a0le puissant \u00e9lan patriotique des premiers mois de guerre ont, par la suite,\u00a0questionn\u00e9 certaines associations trop rapides entre le destin de leur pays\u00a0et la providence divine.","og_url":"https:\/\/dev.centtreize.com\/rsr\/article\/la-premiere-guerre-mondiale-et-la-mise-en-crise-de-la-theologie-protestante\/","og_site_name":"Recherches de Science Religieuse","article_published_time":"2018-01-03T11:09:56+00:00","article_modified_time":"2025-06-13T06:40:38+00:00","author":"H\u00e9l\u00e8ne","twitter_card":"summary_large_image","twitter_misc":{"\u00c9crit par":"H\u00e9l\u00e8ne","Dur\u00e9e de lecture estim\u00e9e":"1 minute"},"schema":{"@context":"https:\/\/schema.org","@graph":[{"@type":"Article","@id":"https:\/\/dev.centtreize.com\/rsr\/article\/la-premiere-guerre-mondiale-et-la-mise-en-crise-de-la-theologie-protestante\/#article","isPartOf":{"@id":"https:\/\/dev.centtreize.com\/rsr\/article\/la-premiere-guerre-mondiale-et-la-mise-en-crise-de-la-theologie-protestante\/"},"author":{"name":"H\u00e9l\u00e8ne","@id":"https:\/\/dev.centtreize.com\/rsr\/#\/schema\/person\/eb039ce63dcbc3fec0a6b81e43e29ad3"},"headline":"La Premi\u00e8re Guerre mondiale et la mise en crise de la th\u00e9ologie protestante germanophone et francophone","datePublished":"2018-01-03T11:09:56+00:00","dateModified":"2025-06-13T06:40:38+00:00","mainEntityOfPage":{"@id":"https:\/\/dev.centtreize.com\/rsr\/article\/la-premiere-guerre-mondiale-et-la-mise-en-crise-de-la-theologie-protestante\/"},"wordCount":132,"publisher":{"@id":"https:\/\/dev.centtreize.com\/rsr\/#organization"},"keywords":["Barth","Bultmann","Dieu","exp\u00e9rience religieuse","Gogarten","premi\u00e8re guerre mondiale","religion","th\u00e9ologie protestante"],"articleSection":["article"],"inLanguage":"fr-FR"},{"@type":"WebPage","@id":"https:\/\/dev.centtreize.com\/rsr\/article\/la-premiere-guerre-mondiale-et-la-mise-en-crise-de-la-theologie-protestante\/","url":"https:\/\/dev.centtreize.com\/rsr\/article\/la-premiere-guerre-mondiale-et-la-mise-en-crise-de-la-theologie-protestante\/","name":"La Premi\u00e8re Guerre mondiale et la mise en crise de la th\u00e9ologie protestante germanophone et francophone - Recherches de Science Religieuse","isPartOf":{"@id":"https:\/\/dev.centtreize.com\/rsr\/#website"},"datePublished":"2018-01-03T11:09:56+00:00","dateModified":"2025-06-13T06:40:38+00:00","breadcrumb":{"@id":"https:\/\/dev.centtreize.com\/rsr\/article\/la-premiere-guerre-mondiale-et-la-mise-en-crise-de-la-theologie-protestante\/#breadcrumb"},"inLanguage":"fr-FR","potentialAction":[{"@type":"ReadAction","target":["https:\/\/dev.centtreize.com\/rsr\/article\/la-premiere-guerre-mondiale-et-la-mise-en-crise-de-la-theologie-protestante\/"]}]},{"@type":"BreadcrumbList","@id":"https:\/\/dev.centtreize.com\/rsr\/article\/la-premiere-guerre-mondiale-et-la-mise-en-crise-de-la-theologie-protestante\/#breadcrumb","itemListElement":[{"@type":"ListItem","position":1,"name":"Accueil","item":"https:\/\/dev.centtreize.com\/rsr\/"},{"@type":"ListItem","position":2,"name":"La Premi\u00e8re Guerre mondiale et la mise en crise de la th\u00e9ologie protestante germanophone et francophone"}]},{"@type":"WebSite","@id":"https:\/\/dev.centtreize.com\/rsr\/#website","url":"https:\/\/dev.centtreize.com\/rsr\/","name":"Recherches de Science Religieuse","description":"Recherches de Science Religieuse","publisher":{"@id":"https:\/\/dev.centtreize.com\/rsr\/#organization"},"potentialAction":[{"@type":"SearchAction","target":{"@type":"EntryPoint","urlTemplate":"https:\/\/dev.centtreize.com\/rsr\/?s={search_term_string}"},"query-input":{"@type":"PropertyValueSpecification","valueRequired":true,"valueName":"search_term_string"}}],"inLanguage":"fr-FR"},{"@type":"Organization","@id":"https:\/\/dev.centtreize.com\/rsr\/#organization","name":"Recherches de Science Religieuse","url":"https:\/\/dev.centtreize.com\/rsr\/","logo":{"@type":"ImageObject","inLanguage":"fr-FR","@id":"https:\/\/dev.centtreize.com\/rsr\/#\/schema\/logo\/image\/","url":"https:\/\/dev.centtreize.com\/rsr\/wp-content\/uploads\/2024\/10\/logo_rsr.png","contentUrl":"https:\/\/dev.centtreize.com\/rsr\/wp-content\/uploads\/2024\/10\/logo_rsr.png","width":300,"height":225,"caption":"Recherches de Science Religieuse"},"image":{"@id":"https:\/\/dev.centtreize.com\/rsr\/#\/schema\/logo\/image\/"}},{"@type":"Person","@id":"https:\/\/dev.centtreize.com\/rsr\/#\/schema\/person\/eb039ce63dcbc3fec0a6b81e43e29ad3","name":"H\u00e9l\u00e8ne","url":"https:\/\/dev.centtreize.com\/rsr\/author\/rsr\/"}]}},"_links":{"self":[{"href":"https:\/\/dev.centtreize.com\/rsr\/wp-json\/wp\/v2\/posts\/11444","targetHints":{"allow":["GET"]}}],"collection":[{"href":"https:\/\/dev.centtreize.com\/rsr\/wp-json\/wp\/v2\/posts"}],"about":[{"href":"https:\/\/dev.centtreize.com\/rsr\/wp-json\/wp\/v2\/types\/post"}],"author":[{"embeddable":true,"href":"https:\/\/dev.centtreize.com\/rsr\/wp-json\/wp\/v2\/users\/2"}],"replies":[{"embeddable":true,"href":"https:\/\/dev.centtreize.com\/rsr\/wp-json\/wp\/v2\/comments?post=11444"}],"version-history":[{"count":11,"href":"https:\/\/dev.centtreize.com\/rsr\/wp-json\/wp\/v2\/posts\/11444\/revisions"}],"predecessor-version":[{"id":17594,"href":"https:\/\/dev.centtreize.com\/rsr\/wp-json\/wp\/v2\/posts\/11444\/revisions\/17594"}],"wp:attachment":[{"href":"https:\/\/dev.centtreize.com\/rsr\/wp-json\/wp\/v2\/media?parent=11444"}],"wp:term":[{"taxonomy":"category","embeddable":true,"href":"https:\/\/dev.centtreize.com\/rsr\/wp-json\/wp\/v2\/categories?post=11444"},{"taxonomy":"post_tag","embeddable":true,"href":"https:\/\/dev.centtreize.com\/rsr\/wp-json\/wp\/v2\/tags?post=11444"},{"taxonomy":"keywords","embeddable":true,"href":"https:\/\/dev.centtreize.com\/rsr\/wp-json\/wp\/v2\/keywords?post=11444"}],"curies":[{"name":"wp","href":"https:\/\/api.w.org\/{rel}","templated":true}]}}