{"id":11341,"date":"2017-10-05T16:10:31","date_gmt":"2017-10-05T15:10:31","guid":{"rendered":"http:\/\/www.revue-rsr.com\/?p=11341"},"modified":"2025-06-13T07:39:44","modified_gmt":"2025-06-13T06:39:44","slug":"luther-et-la-theologie-lutherienne-dans-le-mouvement-oecumenique","status":"publish","type":"post","link":"https:\/\/dev.centtreize.com\/rsr\/article\/luther-et-la-theologie-lutherienne-dans-le-mouvement-oecumenique\/","title":{"rendered":"Luther et la th\u00e9ologie luth\u00e9rienne dans le mouvement oecum\u00e9nique"},"content":{"rendered":"<p>Luther et la th\u00e9ologie luth\u00e9rienne sont deux choses bien distinctes, et doivent l\u2019\u00eatre plus encore dans un \u00e2ge oecum\u00e9nique. Les simplifications du confessionnalisme ont laiss\u00e9 la place \u00e0 un travail de reconstruction critique, \u00e0 la fois entre \u00c9glises luth\u00e9riennes s\u00e9par\u00e9es par des divisions, entre \u00c9glises de la R\u00e9forme, ou dans le cadre du dialogue luth\u00e9rien-catholique. De remarquables acquis m\u00e9thodiques ainsi que th\u00e9matiques ont \u00e9t\u00e9 atteints, ouvrant la voie \u00e0 des communions eccl\u00e9siales. Comment faut-il aborder les points d\u2019achoppement qui demeurent&nbsp;?<\/p>\n","protected":false},"excerpt":{"rendered":"<p>Luther et la th\u00e9ologie luth\u00e9rienne sont deux choses bien distinctes, et doivent l\u2019\u00eatre plus encore dans un \u00e2ge oecum\u00e9nique. Les simplifications du confessionnalisme ont laiss\u00e9 la place \u00e0 un travail de reconstruction critique, \u00e0 la fois entre \u00c9glises luth\u00e9riennes s\u00e9par\u00e9es par des divisions, entre \u00c9glises de la R\u00e9forme, ou dans le cadre du dialogue luth\u00e9rien-catholique. De remarquables acquis m\u00e9thodiques ainsi que th\u00e9matiques ont \u00e9t\u00e9 atteints, ouvrant la voie \u00e0 des communions eccl\u00e9siales. Comment faut-il aborder les points d\u2019achoppement qui demeurent&nbsp;?<\/p>\n","protected":false},"author":2,"featured_media":0,"comment_status":"closed","ping_status":"closed","sticky":false,"template":"","format":"standard","meta":{"_acf_changed":false,"footnotes":""},"categories":[6],"tags":[427,425,140,431,429,418,367,423,428,214,85,430],"keywords":[1213,1159],"class_list":["post-11341","post","type-post","status-publish","format-standard","hentry","category-article","tag-confessionalisme","tag-consensus-differencie","tag-ecclesiologie","tag-eucharistie","tag-identite-inclusive","tag-justification","tag-luther","tag-martin-luther","tag-methode-oecumenique","tag-ministere","tag-reforme","tag-repentance","keywords-luther","keywords-oecumenisme"],"acf":[],"yoast_head":"<!-- This site is optimized with the Yoast SEO plugin v27.2 - https:\/\/yoast.com\/product\/yoast-seo-wordpress\/ -->\n<title>Luther et la th\u00e9ologie luth\u00e9rienne dans le mouvement oecum\u00e9nique - Recherches de Science Religieuse<\/title>\n<meta name=\"robots\" content=\"index, follow, max-snippet:-1, max-image-preview:large, max-video-preview:-1\" \/>\n<link rel=\"canonical\" href=\"https:\/\/dev.centtreize.com\/rsr\/article\/luther-et-la-theologie-lutherienne-dans-le-mouvement-oecumenique\/\" \/>\n<meta property=\"og:locale\" content=\"fr_FR\" \/>\n<meta property=\"og:type\" content=\"article\" \/>\n<meta property=\"og:title\" content=\"Luther et la th\u00e9ologie luth\u00e9rienne dans le mouvement oecum\u00e9nique - Recherches de Science Religieuse\" \/>\n<meta property=\"og:description\" content=\"Luther et la th\u00e9ologie luth\u00e9rienne sont deux choses bien distinctes, et doivent l\u2019\u00eatre plus encore dans un \u00e2ge oecum\u00e9nique. Les simplifications du confessionnalisme ont laiss\u00e9 la place \u00e0 un travail de reconstruction critique, \u00e0 la fois entre \u00c9glises luth\u00e9riennes s\u00e9par\u00e9es par des divisions, entre \u00c9glises de la R\u00e9forme, ou dans le cadre du dialogue luth\u00e9rien-catholique. De remarquables acquis m\u00e9thodiques ainsi que th\u00e9matiques ont \u00e9t\u00e9 atteints, ouvrant la voie \u00e0 des communions eccl\u00e9siales. Comment faut-il aborder les points d\u2019achoppement qui demeurent&nbsp;?\" \/>\n<meta property=\"og:url\" content=\"https:\/\/dev.centtreize.com\/rsr\/article\/luther-et-la-theologie-lutherienne-dans-le-mouvement-oecumenique\/\" \/>\n<meta property=\"og:site_name\" content=\"Recherches de Science Religieuse\" \/>\n<meta property=\"article:published_time\" content=\"2017-10-05T15:10:31+00:00\" \/>\n<meta property=\"article:modified_time\" content=\"2025-06-13T06:39:44+00:00\" \/>\n<meta name=\"author\" content=\"H\u00e9l\u00e8ne\" \/>\n<meta name=\"twitter:card\" content=\"summary_large_image\" \/>\n<meta name=\"twitter:label1\" content=\"\u00c9crit par\" \/>\n\t<meta name=\"twitter:data1\" content=\"H\u00e9l\u00e8ne\" \/>\n<script type=\"application\/ld+json\" class=\"yoast-schema-graph\">{\"@context\":\"https:\/\/schema.org\",\"@graph\":[{\"@type\":\"Article\",\"@id\":\"https:\/\/dev.centtreize.com\/rsr\/article\/luther-et-la-theologie-lutherienne-dans-le-mouvement-oecumenique\/#article\",\"isPartOf\":{\"@id\":\"https:\/\/dev.centtreize.com\/rsr\/article\/luther-et-la-theologie-lutherienne-dans-le-mouvement-oecumenique\/\"},\"author\":{\"name\":\"H\u00e9l\u00e8ne\",\"@id\":\"https:\/\/dev.centtreize.com\/rsr\/#\/schema\/person\/eb039ce63dcbc3fec0a6b81e43e29ad3\"},\"headline\":\"Luther et la th\u00e9ologie luth\u00e9rienne dans le mouvement oecum\u00e9nique\",\"datePublished\":\"2017-10-05T15:10:31+00:00\",\"dateModified\":\"2025-06-13T06:39:44+00:00\",\"mainEntityOfPage\":{\"@id\":\"https:\/\/dev.centtreize.com\/rsr\/article\/luther-et-la-theologie-lutherienne-dans-le-mouvement-oecumenique\/\"},\"wordCount\":102,\"publisher\":{\"@id\":\"https:\/\/dev.centtreize.com\/rsr\/#organization\"},\"keywords\":[\"confessionalisme\",\"consensus diff\u00e9renci\u00e9\",\"eccl\u00e9siologie\",\"eucharistie\",\"identit\u00e9 inclusive\",\"justification\",\"Luther\",\"Martin Luther\",\"m\u00e9thode oecum\u00e9nique\",\"minist\u00e8re\",\"r\u00e9forme\",\"repentance\"],\"articleSection\":[\"article\"],\"inLanguage\":\"fr-FR\"},{\"@type\":\"WebPage\",\"@id\":\"https:\/\/dev.centtreize.com\/rsr\/article\/luther-et-la-theologie-lutherienne-dans-le-mouvement-oecumenique\/\",\"url\":\"https:\/\/dev.centtreize.com\/rsr\/article\/luther-et-la-theologie-lutherienne-dans-le-mouvement-oecumenique\/\",\"name\":\"Luther et la th\u00e9ologie luth\u00e9rienne dans le mouvement oecum\u00e9nique - Recherches de Science Religieuse\",\"isPartOf\":{\"@id\":\"https:\/\/dev.centtreize.com\/rsr\/#website\"},\"datePublished\":\"2017-10-05T15:10:31+00:00\",\"dateModified\":\"2025-06-13T06:39:44+00:00\",\"breadcrumb\":{\"@id\":\"https:\/\/dev.centtreize.com\/rsr\/article\/luther-et-la-theologie-lutherienne-dans-le-mouvement-oecumenique\/#breadcrumb\"},\"inLanguage\":\"fr-FR\",\"potentialAction\":[{\"@type\":\"ReadAction\",\"target\":[\"https:\/\/dev.centtreize.com\/rsr\/article\/luther-et-la-theologie-lutherienne-dans-le-mouvement-oecumenique\/\"]}]},{\"@type\":\"BreadcrumbList\",\"@id\":\"https:\/\/dev.centtreize.com\/rsr\/article\/luther-et-la-theologie-lutherienne-dans-le-mouvement-oecumenique\/#breadcrumb\",\"itemListElement\":[{\"@type\":\"ListItem\",\"position\":1,\"name\":\"Accueil\",\"item\":\"https:\/\/dev.centtreize.com\/rsr\/\"},{\"@type\":\"ListItem\",\"position\":2,\"name\":\"Luther et la th\u00e9ologie luth\u00e9rienne dans le mouvement oecum\u00e9nique\"}]},{\"@type\":\"WebSite\",\"@id\":\"https:\/\/dev.centtreize.com\/rsr\/#website\",\"url\":\"https:\/\/dev.centtreize.com\/rsr\/\",\"name\":\"Recherches de Science Religieuse\",\"description\":\"Recherches de Science Religieuse\",\"publisher\":{\"@id\":\"https:\/\/dev.centtreize.com\/rsr\/#organization\"},\"potentialAction\":[{\"@type\":\"SearchAction\",\"target\":{\"@type\":\"EntryPoint\",\"urlTemplate\":\"https:\/\/dev.centtreize.com\/rsr\/?s={search_term_string}\"},\"query-input\":{\"@type\":\"PropertyValueSpecification\",\"valueRequired\":true,\"valueName\":\"search_term_string\"}}],\"inLanguage\":\"fr-FR\"},{\"@type\":\"Organization\",\"@id\":\"https:\/\/dev.centtreize.com\/rsr\/#organization\",\"name\":\"Recherches de Science Religieuse\",\"url\":\"https:\/\/dev.centtreize.com\/rsr\/\",\"logo\":{\"@type\":\"ImageObject\",\"inLanguage\":\"fr-FR\",\"@id\":\"https:\/\/dev.centtreize.com\/rsr\/#\/schema\/logo\/image\/\",\"url\":\"https:\/\/dev.centtreize.com\/rsr\/wp-content\/uploads\/2024\/10\/logo_rsr.png\",\"contentUrl\":\"https:\/\/dev.centtreize.com\/rsr\/wp-content\/uploads\/2024\/10\/logo_rsr.png\",\"width\":300,\"height\":225,\"caption\":\"Recherches de Science Religieuse\"},\"image\":{\"@id\":\"https:\/\/dev.centtreize.com\/rsr\/#\/schema\/logo\/image\/\"}},{\"@type\":\"Person\",\"@id\":\"https:\/\/dev.centtreize.com\/rsr\/#\/schema\/person\/eb039ce63dcbc3fec0a6b81e43e29ad3\",\"name\":\"H\u00e9l\u00e8ne\",\"url\":\"https:\/\/dev.centtreize.com\/rsr\/author\/rsr\/\"}]}<\/script>\n<!-- \/ Yoast SEO plugin. -->","yoast_head_json":{"title":"Luther et la th\u00e9ologie luth\u00e9rienne dans le mouvement oecum\u00e9nique - Recherches de Science Religieuse","robots":{"index":"index","follow":"follow","max-snippet":"max-snippet:-1","max-image-preview":"max-image-preview:large","max-video-preview":"max-video-preview:-1"},"canonical":"https:\/\/dev.centtreize.com\/rsr\/article\/luther-et-la-theologie-lutherienne-dans-le-mouvement-oecumenique\/","og_locale":"fr_FR","og_type":"article","og_title":"Luther et la th\u00e9ologie luth\u00e9rienne dans le mouvement oecum\u00e9nique - Recherches de Science Religieuse","og_description":"Luther et la th\u00e9ologie luth\u00e9rienne sont deux choses bien distinctes, et doivent l\u2019\u00eatre plus encore dans un \u00e2ge oecum\u00e9nique. Les simplifications du confessionnalisme ont laiss\u00e9 la place \u00e0 un travail de reconstruction critique, \u00e0 la fois entre \u00c9glises luth\u00e9riennes s\u00e9par\u00e9es par des divisions, entre \u00c9glises de la R\u00e9forme, ou dans le cadre du dialogue luth\u00e9rien-catholique. De remarquables acquis m\u00e9thodiques ainsi que th\u00e9matiques ont \u00e9t\u00e9 atteints, ouvrant la voie \u00e0 des communions eccl\u00e9siales. Comment faut-il aborder les points d\u2019achoppement qui demeurent&nbsp;?","og_url":"https:\/\/dev.centtreize.com\/rsr\/article\/luther-et-la-theologie-lutherienne-dans-le-mouvement-oecumenique\/","og_site_name":"Recherches de Science Religieuse","article_published_time":"2017-10-05T15:10:31+00:00","article_modified_time":"2025-06-13T06:39:44+00:00","author":"H\u00e9l\u00e8ne","twitter_card":"summary_large_image","twitter_misc":{"\u00c9crit par":"H\u00e9l\u00e8ne"},"schema":{"@context":"https:\/\/schema.org","@graph":[{"@type":"Article","@id":"https:\/\/dev.centtreize.com\/rsr\/article\/luther-et-la-theologie-lutherienne-dans-le-mouvement-oecumenique\/#article","isPartOf":{"@id":"https:\/\/dev.centtreize.com\/rsr\/article\/luther-et-la-theologie-lutherienne-dans-le-mouvement-oecumenique\/"},"author":{"name":"H\u00e9l\u00e8ne","@id":"https:\/\/dev.centtreize.com\/rsr\/#\/schema\/person\/eb039ce63dcbc3fec0a6b81e43e29ad3"},"headline":"Luther et la th\u00e9ologie luth\u00e9rienne dans le mouvement oecum\u00e9nique","datePublished":"2017-10-05T15:10:31+00:00","dateModified":"2025-06-13T06:39:44+00:00","mainEntityOfPage":{"@id":"https:\/\/dev.centtreize.com\/rsr\/article\/luther-et-la-theologie-lutherienne-dans-le-mouvement-oecumenique\/"},"wordCount":102,"publisher":{"@id":"https:\/\/dev.centtreize.com\/rsr\/#organization"},"keywords":["confessionalisme","consensus diff\u00e9renci\u00e9","eccl\u00e9siologie","eucharistie","identit\u00e9 inclusive","justification","Luther","Martin Luther","m\u00e9thode oecum\u00e9nique","minist\u00e8re","r\u00e9forme","repentance"],"articleSection":["article"],"inLanguage":"fr-FR"},{"@type":"WebPage","@id":"https:\/\/dev.centtreize.com\/rsr\/article\/luther-et-la-theologie-lutherienne-dans-le-mouvement-oecumenique\/","url":"https:\/\/dev.centtreize.com\/rsr\/article\/luther-et-la-theologie-lutherienne-dans-le-mouvement-oecumenique\/","name":"Luther et la th\u00e9ologie luth\u00e9rienne dans le mouvement oecum\u00e9nique - Recherches de Science Religieuse","isPartOf":{"@id":"https:\/\/dev.centtreize.com\/rsr\/#website"},"datePublished":"2017-10-05T15:10:31+00:00","dateModified":"2025-06-13T06:39:44+00:00","breadcrumb":{"@id":"https:\/\/dev.centtreize.com\/rsr\/article\/luther-et-la-theologie-lutherienne-dans-le-mouvement-oecumenique\/#breadcrumb"},"inLanguage":"fr-FR","potentialAction":[{"@type":"ReadAction","target":["https:\/\/dev.centtreize.com\/rsr\/article\/luther-et-la-theologie-lutherienne-dans-le-mouvement-oecumenique\/"]}]},{"@type":"BreadcrumbList","@id":"https:\/\/dev.centtreize.com\/rsr\/article\/luther-et-la-theologie-lutherienne-dans-le-mouvement-oecumenique\/#breadcrumb","itemListElement":[{"@type":"ListItem","position":1,"name":"Accueil","item":"https:\/\/dev.centtreize.com\/rsr\/"},{"@type":"ListItem","position":2,"name":"Luther et la th\u00e9ologie luth\u00e9rienne dans le mouvement oecum\u00e9nique"}]},{"@type":"WebSite","@id":"https:\/\/dev.centtreize.com\/rsr\/#website","url":"https:\/\/dev.centtreize.com\/rsr\/","name":"Recherches de Science Religieuse","description":"Recherches de Science Religieuse","publisher":{"@id":"https:\/\/dev.centtreize.com\/rsr\/#organization"},"potentialAction":[{"@type":"SearchAction","target":{"@type":"EntryPoint","urlTemplate":"https:\/\/dev.centtreize.com\/rsr\/?s={search_term_string}"},"query-input":{"@type":"PropertyValueSpecification","valueRequired":true,"valueName":"search_term_string"}}],"inLanguage":"fr-FR"},{"@type":"Organization","@id":"https:\/\/dev.centtreize.com\/rsr\/#organization","name":"Recherches de Science Religieuse","url":"https:\/\/dev.centtreize.com\/rsr\/","logo":{"@type":"ImageObject","inLanguage":"fr-FR","@id":"https:\/\/dev.centtreize.com\/rsr\/#\/schema\/logo\/image\/","url":"https:\/\/dev.centtreize.com\/rsr\/wp-content\/uploads\/2024\/10\/logo_rsr.png","contentUrl":"https:\/\/dev.centtreize.com\/rsr\/wp-content\/uploads\/2024\/10\/logo_rsr.png","width":300,"height":225,"caption":"Recherches de Science Religieuse"},"image":{"@id":"https:\/\/dev.centtreize.com\/rsr\/#\/schema\/logo\/image\/"}},{"@type":"Person","@id":"https:\/\/dev.centtreize.com\/rsr\/#\/schema\/person\/eb039ce63dcbc3fec0a6b81e43e29ad3","name":"H\u00e9l\u00e8ne","url":"https:\/\/dev.centtreize.com\/rsr\/author\/rsr\/"}]}},"_links":{"self":[{"href":"https:\/\/dev.centtreize.com\/rsr\/wp-json\/wp\/v2\/posts\/11341","targetHints":{"allow":["GET"]}}],"collection":[{"href":"https:\/\/dev.centtreize.com\/rsr\/wp-json\/wp\/v2\/posts"}],"about":[{"href":"https:\/\/dev.centtreize.com\/rsr\/wp-json\/wp\/v2\/types\/post"}],"author":[{"embeddable":true,"href":"https:\/\/dev.centtreize.com\/rsr\/wp-json\/wp\/v2\/users\/2"}],"replies":[{"embeddable":true,"href":"https:\/\/dev.centtreize.com\/rsr\/wp-json\/wp\/v2\/comments?post=11341"}],"version-history":[{"count":7,"href":"https:\/\/dev.centtreize.com\/rsr\/wp-json\/wp\/v2\/posts\/11341\/revisions"}],"predecessor-version":[{"id":17585,"href":"https:\/\/dev.centtreize.com\/rsr\/wp-json\/wp\/v2\/posts\/11341\/revisions\/17585"}],"wp:attachment":[{"href":"https:\/\/dev.centtreize.com\/rsr\/wp-json\/wp\/v2\/media?parent=11341"}],"wp:term":[{"taxonomy":"category","embeddable":true,"href":"https:\/\/dev.centtreize.com\/rsr\/wp-json\/wp\/v2\/categories?post=11341"},{"taxonomy":"post_tag","embeddable":true,"href":"https:\/\/dev.centtreize.com\/rsr\/wp-json\/wp\/v2\/tags?post=11341"},{"taxonomy":"keywords","embeddable":true,"href":"https:\/\/dev.centtreize.com\/rsr\/wp-json\/wp\/v2\/keywords?post=11341"}],"curies":[{"name":"wp","href":"https:\/\/api.w.org\/{rel}","templated":true}]}}