{"id":11274,"date":"2017-07-03T12:19:48","date_gmt":"2017-07-03T11:19:48","guid":{"rendered":"http:\/\/www.revue-rsr.com\/?p=11274"},"modified":"2026-02-02T14:27:39","modified_gmt":"2026-02-02T13:27:39","slug":"pouvons-nous-nous-adresser-a-dieu-et-si-oui-que-faisons-nous","status":"publish","type":"post","link":"https:\/\/dev.centtreize.com\/rsr\/article\/pouvons-nous-nous-adresser-a-dieu-et-si-oui-que-faisons-nous\/","title":{"rendered":"Pouvons-nous nous adresser \u00e0 Dieu ? Et si oui, que faisons-nous ?"},"content":{"rendered":"<p>La pri\u00e8re est un ph\u00e9nom\u00e8ne \u00e9tonnant. Les uns y tiennent de tout c\u0153ur, les autres la prennent pour un acte de superstition. L\u2019auteur s\u2019int\u00e9resse au mode sp\u00e9cifique de parler qui caract\u00e9rise la pri\u00e8re. Qui prie, \u00e0 vrai dire&nbsp;? Seulement celui qui s\u2019adresse \u00e0 Dieu, ou&nbsp;\u2013 avec lui&nbsp;\u2013 aussi celui \u00e0 qui la pri\u00e8re est adress\u00e9e&nbsp;? En s\u2019engageant sur cette piste, des questions diverses, comme celle de la possibilit\u00e9 (ou impossibilit\u00e9) de la pri\u00e8re, de son exaucement (ou non), de son caract\u00e8re illusoire (ou non) rencontrent des r\u00e9ponses impr\u00e9vues. Que faisons-nous avec nos paroles, et nos paroles, que font-elles de nous, quand nous prions&nbsp;? <\/p>\n","protected":false},"excerpt":{"rendered":"<p>La pri\u00e8re est un ph\u00e9nom\u00e8ne \u00e9tonnant. Les uns y tiennent de tout c\u0153ur, les autres la prennent pour un acte de superstition. L\u2019auteur s\u2019int\u00e9resse au mode sp\u00e9cifique de parler qui caract\u00e9rise la pri\u00e8re. Qui prie, \u00e0 vrai dire&nbsp;? Seulement celui qui s\u2019adresse \u00e0 Dieu, ou&nbsp;\u2013 avec lui&nbsp;\u2013 aussi celui \u00e0 qui la pri\u00e8re est adress\u00e9e&nbsp;? En s\u2019engageant sur cette piste, des questions diverses, comme celle de la possibilit\u00e9 (ou impossibilit\u00e9) de la pri\u00e8re, de son exaucement (ou non), de son caract\u00e8re illusoire (ou non) rencontrent des r\u00e9ponses impr\u00e9vues. Que faisons-nous avec nos paroles, et nos paroles, que font-elles de nous, quand nous prions&nbsp;?<\/p>\n","protected":false},"author":2,"featured_media":0,"comment_status":"closed","ping_status":"closed","sticky":false,"template":"","format":"standard","meta":{"_acf_changed":false,"footnotes":""},"categories":[6],"tags":[153,399,400,402,272,367,401,398],"keywords":[1179,1211],"class_list":["post-11274","post","type-post","status-publish","format-standard","hentry","category-article","tag-augustin","tag-communication","tag-confessions","tag-demande","tag-langage","tag-luther","tag-notre-pere","tag-priere","keywords-langage","keywords-priere"],"acf":[],"yoast_head":"<!-- This site is optimized with the Yoast SEO plugin v27.2 - https:\/\/yoast.com\/product\/yoast-seo-wordpress\/ -->\n<title>Pouvons-nous nous adresser \u00e0 Dieu ? Et si oui, que faisons-nous ? - Recherches de Science Religieuse<\/title>\n<meta name=\"robots\" content=\"index, follow, max-snippet:-1, max-image-preview:large, max-video-preview:-1\" \/>\n<link rel=\"canonical\" href=\"https:\/\/dev.centtreize.com\/rsr\/article\/pouvons-nous-nous-adresser-a-dieu-et-si-oui-que-faisons-nous\/\" \/>\n<meta property=\"og:locale\" content=\"fr_FR\" \/>\n<meta property=\"og:type\" content=\"article\" \/>\n<meta property=\"og:title\" content=\"Pouvons-nous nous adresser \u00e0 Dieu ? Et si oui, que faisons-nous ? - Recherches de Science Religieuse\" \/>\n<meta property=\"og:description\" content=\"La pri\u00e8re est un ph\u00e9nom\u00e8ne \u00e9tonnant. Les uns y tiennent de tout c\u0153ur, les autres la prennent pour un acte de superstition. L\u2019auteur s\u2019int\u00e9resse au mode sp\u00e9cifique de parler qui caract\u00e9rise la pri\u00e8re. Qui prie, \u00e0 vrai dire&nbsp;? Seulement celui qui s\u2019adresse \u00e0 Dieu, ou&nbsp;\u2013 avec lui&nbsp;\u2013 aussi celui \u00e0 qui la pri\u00e8re est adress\u00e9e&nbsp;? En s\u2019engageant sur cette piste, des questions diverses, comme celle de la possibilit\u00e9 (ou impossibilit\u00e9) de la pri\u00e8re, de son exaucement (ou non), de son caract\u00e8re illusoire (ou non) rencontrent des r\u00e9ponses impr\u00e9vues. Que faisons-nous avec nos paroles, et nos paroles, que font-elles de nous, quand nous prions&nbsp;?\" \/>\n<meta property=\"og:url\" content=\"https:\/\/dev.centtreize.com\/rsr\/article\/pouvons-nous-nous-adresser-a-dieu-et-si-oui-que-faisons-nous\/\" \/>\n<meta property=\"og:site_name\" content=\"Recherches de Science Religieuse\" \/>\n<meta property=\"article:published_time\" content=\"2017-07-03T11:19:48+00:00\" \/>\n<meta property=\"article:modified_time\" content=\"2026-02-02T13:27:39+00:00\" \/>\n<meta name=\"author\" content=\"H\u00e9l\u00e8ne\" \/>\n<meta name=\"twitter:card\" content=\"summary_large_image\" \/>\n<meta name=\"twitter:label1\" content=\"\u00c9crit par\" \/>\n\t<meta name=\"twitter:data1\" content=\"H\u00e9l\u00e8ne\" \/>\n\t<meta name=\"twitter:label2\" content=\"Dur\u00e9e de lecture estim\u00e9e\" \/>\n\t<meta name=\"twitter:data2\" content=\"1 minute\" \/>\n<script type=\"application\/ld+json\" class=\"yoast-schema-graph\">{\"@context\":\"https:\/\/schema.org\",\"@graph\":[{\"@type\":\"Article\",\"@id\":\"https:\/\/dev.centtreize.com\/rsr\/article\/pouvons-nous-nous-adresser-a-dieu-et-si-oui-que-faisons-nous\/#article\",\"isPartOf\":{\"@id\":\"https:\/\/dev.centtreize.com\/rsr\/article\/pouvons-nous-nous-adresser-a-dieu-et-si-oui-que-faisons-nous\/\"},\"author\":{\"name\":\"H\u00e9l\u00e8ne\",\"@id\":\"https:\/\/dev.centtreize.com\/rsr\/#\/schema\/person\/eb039ce63dcbc3fec0a6b81e43e29ad3\"},\"headline\":\"Pouvons-nous nous adresser \u00e0 Dieu ? Et si oui, que faisons-nous ?\",\"datePublished\":\"2017-07-03T11:19:48+00:00\",\"dateModified\":\"2026-02-02T13:27:39+00:00\",\"mainEntityOfPage\":{\"@id\":\"https:\/\/dev.centtreize.com\/rsr\/article\/pouvons-nous-nous-adresser-a-dieu-et-si-oui-que-faisons-nous\/\"},\"wordCount\":127,\"publisher\":{\"@id\":\"https:\/\/dev.centtreize.com\/rsr\/#organization\"},\"keywords\":[\"Augustin\",\"communication\",\"Confessions\",\"demande\",\"langage\",\"Luther\",\"Notre P\u00e8re\",\"pri\u00e8re\"],\"articleSection\":[\"article\"],\"inLanguage\":\"fr-FR\"},{\"@type\":\"WebPage\",\"@id\":\"https:\/\/dev.centtreize.com\/rsr\/article\/pouvons-nous-nous-adresser-a-dieu-et-si-oui-que-faisons-nous\/\",\"url\":\"https:\/\/dev.centtreize.com\/rsr\/article\/pouvons-nous-nous-adresser-a-dieu-et-si-oui-que-faisons-nous\/\",\"name\":\"Pouvons-nous nous adresser \u00e0 Dieu ? Et si oui, que faisons-nous ? - Recherches de Science Religieuse\",\"isPartOf\":{\"@id\":\"https:\/\/dev.centtreize.com\/rsr\/#website\"},\"datePublished\":\"2017-07-03T11:19:48+00:00\",\"dateModified\":\"2026-02-02T13:27:39+00:00\",\"breadcrumb\":{\"@id\":\"https:\/\/dev.centtreize.com\/rsr\/article\/pouvons-nous-nous-adresser-a-dieu-et-si-oui-que-faisons-nous\/#breadcrumb\"},\"inLanguage\":\"fr-FR\",\"potentialAction\":[{\"@type\":\"ReadAction\",\"target\":[\"https:\/\/dev.centtreize.com\/rsr\/article\/pouvons-nous-nous-adresser-a-dieu-et-si-oui-que-faisons-nous\/\"]}]},{\"@type\":\"BreadcrumbList\",\"@id\":\"https:\/\/dev.centtreize.com\/rsr\/article\/pouvons-nous-nous-adresser-a-dieu-et-si-oui-que-faisons-nous\/#breadcrumb\",\"itemListElement\":[{\"@type\":\"ListItem\",\"position\":1,\"name\":\"Accueil\",\"item\":\"https:\/\/dev.centtreize.com\/rsr\/\"},{\"@type\":\"ListItem\",\"position\":2,\"name\":\"Pouvons-nous nous adresser \u00e0 Dieu ? Et si oui, que faisons-nous ?\"}]},{\"@type\":\"WebSite\",\"@id\":\"https:\/\/dev.centtreize.com\/rsr\/#website\",\"url\":\"https:\/\/dev.centtreize.com\/rsr\/\",\"name\":\"Recherches de Science Religieuse\",\"description\":\"Recherches de Science Religieuse\",\"publisher\":{\"@id\":\"https:\/\/dev.centtreize.com\/rsr\/#organization\"},\"potentialAction\":[{\"@type\":\"SearchAction\",\"target\":{\"@type\":\"EntryPoint\",\"urlTemplate\":\"https:\/\/dev.centtreize.com\/rsr\/?s={search_term_string}\"},\"query-input\":{\"@type\":\"PropertyValueSpecification\",\"valueRequired\":true,\"valueName\":\"search_term_string\"}}],\"inLanguage\":\"fr-FR\"},{\"@type\":\"Organization\",\"@id\":\"https:\/\/dev.centtreize.com\/rsr\/#organization\",\"name\":\"Recherches de Science Religieuse\",\"url\":\"https:\/\/dev.centtreize.com\/rsr\/\",\"logo\":{\"@type\":\"ImageObject\",\"inLanguage\":\"fr-FR\",\"@id\":\"https:\/\/dev.centtreize.com\/rsr\/#\/schema\/logo\/image\/\",\"url\":\"https:\/\/dev.centtreize.com\/rsr\/wp-content\/uploads\/2024\/10\/logo_rsr.png\",\"contentUrl\":\"https:\/\/dev.centtreize.com\/rsr\/wp-content\/uploads\/2024\/10\/logo_rsr.png\",\"width\":300,\"height\":225,\"caption\":\"Recherches de Science Religieuse\"},\"image\":{\"@id\":\"https:\/\/dev.centtreize.com\/rsr\/#\/schema\/logo\/image\/\"}},{\"@type\":\"Person\",\"@id\":\"https:\/\/dev.centtreize.com\/rsr\/#\/schema\/person\/eb039ce63dcbc3fec0a6b81e43e29ad3\",\"name\":\"H\u00e9l\u00e8ne\",\"url\":\"https:\/\/dev.centtreize.com\/rsr\/author\/rsr\/\"}]}<\/script>\n<!-- \/ Yoast SEO plugin. -->","yoast_head_json":{"title":"Pouvons-nous nous adresser \u00e0 Dieu ? Et si oui, que faisons-nous ? - Recherches de Science Religieuse","robots":{"index":"index","follow":"follow","max-snippet":"max-snippet:-1","max-image-preview":"max-image-preview:large","max-video-preview":"max-video-preview:-1"},"canonical":"https:\/\/dev.centtreize.com\/rsr\/article\/pouvons-nous-nous-adresser-a-dieu-et-si-oui-que-faisons-nous\/","og_locale":"fr_FR","og_type":"article","og_title":"Pouvons-nous nous adresser \u00e0 Dieu ? Et si oui, que faisons-nous ? - Recherches de Science Religieuse","og_description":"La pri\u00e8re est un ph\u00e9nom\u00e8ne \u00e9tonnant. Les uns y tiennent de tout c\u0153ur, les autres la prennent pour un acte de superstition. L\u2019auteur s\u2019int\u00e9resse au mode sp\u00e9cifique de parler qui caract\u00e9rise la pri\u00e8re. Qui prie, \u00e0 vrai dire&nbsp;? Seulement celui qui s\u2019adresse \u00e0 Dieu, ou&nbsp;\u2013 avec lui&nbsp;\u2013 aussi celui \u00e0 qui la pri\u00e8re est adress\u00e9e&nbsp;? En s\u2019engageant sur cette piste, des questions diverses, comme celle de la possibilit\u00e9 (ou impossibilit\u00e9) de la pri\u00e8re, de son exaucement (ou non), de son caract\u00e8re illusoire (ou non) rencontrent des r\u00e9ponses impr\u00e9vues. Que faisons-nous avec nos paroles, et nos paroles, que font-elles de nous, quand nous prions&nbsp;?","og_url":"https:\/\/dev.centtreize.com\/rsr\/article\/pouvons-nous-nous-adresser-a-dieu-et-si-oui-que-faisons-nous\/","og_site_name":"Recherches de Science Religieuse","article_published_time":"2017-07-03T11:19:48+00:00","article_modified_time":"2026-02-02T13:27:39+00:00","author":"H\u00e9l\u00e8ne","twitter_card":"summary_large_image","twitter_misc":{"\u00c9crit par":"H\u00e9l\u00e8ne","Dur\u00e9e de lecture estim\u00e9e":"1 minute"},"schema":{"@context":"https:\/\/schema.org","@graph":[{"@type":"Article","@id":"https:\/\/dev.centtreize.com\/rsr\/article\/pouvons-nous-nous-adresser-a-dieu-et-si-oui-que-faisons-nous\/#article","isPartOf":{"@id":"https:\/\/dev.centtreize.com\/rsr\/article\/pouvons-nous-nous-adresser-a-dieu-et-si-oui-que-faisons-nous\/"},"author":{"name":"H\u00e9l\u00e8ne","@id":"https:\/\/dev.centtreize.com\/rsr\/#\/schema\/person\/eb039ce63dcbc3fec0a6b81e43e29ad3"},"headline":"Pouvons-nous nous adresser \u00e0 Dieu ? Et si oui, que faisons-nous ?","datePublished":"2017-07-03T11:19:48+00:00","dateModified":"2026-02-02T13:27:39+00:00","mainEntityOfPage":{"@id":"https:\/\/dev.centtreize.com\/rsr\/article\/pouvons-nous-nous-adresser-a-dieu-et-si-oui-que-faisons-nous\/"},"wordCount":127,"publisher":{"@id":"https:\/\/dev.centtreize.com\/rsr\/#organization"},"keywords":["Augustin","communication","Confessions","demande","langage","Luther","Notre P\u00e8re","pri\u00e8re"],"articleSection":["article"],"inLanguage":"fr-FR"},{"@type":"WebPage","@id":"https:\/\/dev.centtreize.com\/rsr\/article\/pouvons-nous-nous-adresser-a-dieu-et-si-oui-que-faisons-nous\/","url":"https:\/\/dev.centtreize.com\/rsr\/article\/pouvons-nous-nous-adresser-a-dieu-et-si-oui-que-faisons-nous\/","name":"Pouvons-nous nous adresser \u00e0 Dieu ? Et si oui, que faisons-nous ? - Recherches de Science Religieuse","isPartOf":{"@id":"https:\/\/dev.centtreize.com\/rsr\/#website"},"datePublished":"2017-07-03T11:19:48+00:00","dateModified":"2026-02-02T13:27:39+00:00","breadcrumb":{"@id":"https:\/\/dev.centtreize.com\/rsr\/article\/pouvons-nous-nous-adresser-a-dieu-et-si-oui-que-faisons-nous\/#breadcrumb"},"inLanguage":"fr-FR","potentialAction":[{"@type":"ReadAction","target":["https:\/\/dev.centtreize.com\/rsr\/article\/pouvons-nous-nous-adresser-a-dieu-et-si-oui-que-faisons-nous\/"]}]},{"@type":"BreadcrumbList","@id":"https:\/\/dev.centtreize.com\/rsr\/article\/pouvons-nous-nous-adresser-a-dieu-et-si-oui-que-faisons-nous\/#breadcrumb","itemListElement":[{"@type":"ListItem","position":1,"name":"Accueil","item":"https:\/\/dev.centtreize.com\/rsr\/"},{"@type":"ListItem","position":2,"name":"Pouvons-nous nous adresser \u00e0 Dieu ? Et si oui, que faisons-nous ?"}]},{"@type":"WebSite","@id":"https:\/\/dev.centtreize.com\/rsr\/#website","url":"https:\/\/dev.centtreize.com\/rsr\/","name":"Recherches de Science Religieuse","description":"Recherches de Science Religieuse","publisher":{"@id":"https:\/\/dev.centtreize.com\/rsr\/#organization"},"potentialAction":[{"@type":"SearchAction","target":{"@type":"EntryPoint","urlTemplate":"https:\/\/dev.centtreize.com\/rsr\/?s={search_term_string}"},"query-input":{"@type":"PropertyValueSpecification","valueRequired":true,"valueName":"search_term_string"}}],"inLanguage":"fr-FR"},{"@type":"Organization","@id":"https:\/\/dev.centtreize.com\/rsr\/#organization","name":"Recherches de Science Religieuse","url":"https:\/\/dev.centtreize.com\/rsr\/","logo":{"@type":"ImageObject","inLanguage":"fr-FR","@id":"https:\/\/dev.centtreize.com\/rsr\/#\/schema\/logo\/image\/","url":"https:\/\/dev.centtreize.com\/rsr\/wp-content\/uploads\/2024\/10\/logo_rsr.png","contentUrl":"https:\/\/dev.centtreize.com\/rsr\/wp-content\/uploads\/2024\/10\/logo_rsr.png","width":300,"height":225,"caption":"Recherches de Science Religieuse"},"image":{"@id":"https:\/\/dev.centtreize.com\/rsr\/#\/schema\/logo\/image\/"}},{"@type":"Person","@id":"https:\/\/dev.centtreize.com\/rsr\/#\/schema\/person\/eb039ce63dcbc3fec0a6b81e43e29ad3","name":"H\u00e9l\u00e8ne","url":"https:\/\/dev.centtreize.com\/rsr\/author\/rsr\/"}]}},"_links":{"self":[{"href":"https:\/\/dev.centtreize.com\/rsr\/wp-json\/wp\/v2\/posts\/11274","targetHints":{"allow":["GET"]}}],"collection":[{"href":"https:\/\/dev.centtreize.com\/rsr\/wp-json\/wp\/v2\/posts"}],"about":[{"href":"https:\/\/dev.centtreize.com\/rsr\/wp-json\/wp\/v2\/types\/post"}],"author":[{"embeddable":true,"href":"https:\/\/dev.centtreize.com\/rsr\/wp-json\/wp\/v2\/users\/2"}],"replies":[{"embeddable":true,"href":"https:\/\/dev.centtreize.com\/rsr\/wp-json\/wp\/v2\/comments?post=11274"}],"version-history":[{"count":9,"href":"https:\/\/dev.centtreize.com\/rsr\/wp-json\/wp\/v2\/posts\/11274\/revisions"}],"predecessor-version":[{"id":17578,"href":"https:\/\/dev.centtreize.com\/rsr\/wp-json\/wp\/v2\/posts\/11274\/revisions\/17578"}],"wp:attachment":[{"href":"https:\/\/dev.centtreize.com\/rsr\/wp-json\/wp\/v2\/media?parent=11274"}],"wp:term":[{"taxonomy":"category","embeddable":true,"href":"https:\/\/dev.centtreize.com\/rsr\/wp-json\/wp\/v2\/categories?post=11274"},{"taxonomy":"post_tag","embeddable":true,"href":"https:\/\/dev.centtreize.com\/rsr\/wp-json\/wp\/v2\/tags?post=11274"},{"taxonomy":"keywords","embeddable":true,"href":"https:\/\/dev.centtreize.com\/rsr\/wp-json\/wp\/v2\/keywords?post=11274"}],"curies":[{"name":"wp","href":"https:\/\/api.w.org\/{rel}","templated":true}]}}