{"id":10855,"date":"2016-06-12T16:29:27","date_gmt":"2016-06-12T15:29:27","guid":{"rendered":"http:\/\/www.revue-rsr.com\/?p=10855"},"modified":"2026-02-02T10:11:28","modified_gmt":"2026-02-02T09:11:28","slug":"sensus-fidei-et-vision-de-leglise-chez-le-pape-francois","status":"publish","type":"post","link":"https:\/\/dev.centtreize.com\/rsr\/article\/sensus-fidei-et-vision-de-leglise-chez-le-pape-francois\/","title":{"rendered":"Sensus fidei et vision de l\u2019\u00c9glise chez le pape Fran\u00e7ois"},"content":{"rendered":"<p>Le th\u00e8me du sensus fidei, relativement discret chez le pape Fran\u00e7ois, semble cependant occuper un emplacement strat\u00e9gique. Il prend tout son sens dans le contexte de la&nbsp;\u00ab&nbsp;th\u00e9ologie du peuple&nbsp;\u00bb, d\u00e9velopp\u00e9e notamment par les th\u00e9ologiens argentins dans la foul\u00e9e de Lumen gentium et d\u2019Evangelii nuntiandi, qui informe le document d\u2019Aparecida et est re\u00e7ue par le pape. Celui-ci ins\u00e8re le sensus fidei dans un ensemble de r\u00e9alit\u00e9s (expression des fid\u00e8les, synodalit\u00e9, r\u00f4le des \u00c9glises particuli\u00e8res\u2026) qui peut seul le rendre op\u00e9ratoire. La question est pos\u00e9e de la transposition aux \u00c9glises des soci\u00e9t\u00e9s dites occidentales d\u2019une th\u00e9ologie n\u00e9e dans un contexte social et eccl\u00e9sial diff\u00e9rent.<\/p>\n","protected":false},"excerpt":{"rendered":"<p>Le th\u00e8me du sensus fidei, relativement discret chez le pape Fran\u00e7ois, semble cependant occuper un emplacement strat\u00e9gique. Il prend tout son sens dans le contexte de la&nbsp;\u00ab&nbsp;th\u00e9ologie du peuple&nbsp;\u00bb, d\u00e9velopp\u00e9e notamment par les th\u00e9ologiens argentins dans la foul\u00e9e de Lumen gentium et d\u2019Evangelii nuntiandi, qui informe le document d\u2019Aparecida et est re\u00e7ue par le pape. Celui-ci ins\u00e8re le sensus fidei dans un ensemble de r\u00e9alit\u00e9s (expression des fid\u00e8les, synodalit\u00e9, r\u00f4le des \u00c9glises particuli\u00e8res\u2026) qui peut seul le rendre op\u00e9ratoire. La question est pos\u00e9e de la transposition aux \u00c9glises des soci\u00e9t\u00e9s dites occidentales d\u2019une th\u00e9ologie n\u00e9e dans un contexte social et eccl\u00e9sial diff\u00e9rent.<\/p>\n","protected":false},"author":2,"featured_media":0,"comment_status":"closed","ping_status":"closed","sticky":false,"template":"","format":"standard","meta":{"_acf_changed":false,"footnotes":""},"categories":[6],"tags":[],"keywords":[1137,1134],"class_list":["post-10855","post","type-post","status-publish","format-standard","hentry","category-article","keywords-eglise","keywords-foi"],"acf":[],"yoast_head":"<!-- This site is optimized with the Yoast SEO plugin v27.2 - https:\/\/yoast.com\/product\/yoast-seo-wordpress\/ -->\n<title>Sensus fidei et vision de l\u2019\u00c9glise chez le pape Fran\u00e7ois - Recherches de Science Religieuse<\/title>\n<meta name=\"robots\" content=\"index, follow, max-snippet:-1, max-image-preview:large, max-video-preview:-1\" \/>\n<link rel=\"canonical\" href=\"https:\/\/dev.centtreize.com\/rsr\/article\/sensus-fidei-et-vision-de-leglise-chez-le-pape-francois\/\" \/>\n<meta property=\"og:locale\" content=\"fr_FR\" \/>\n<meta property=\"og:type\" content=\"article\" \/>\n<meta property=\"og:title\" content=\"Sensus fidei et vision de l\u2019\u00c9glise chez le pape Fran\u00e7ois - Recherches de Science Religieuse\" \/>\n<meta property=\"og:description\" content=\"Le th\u00e8me du sensus fidei, relativement discret chez le pape Fran\u00e7ois, semble cependant occuper un emplacement strat\u00e9gique. Il prend tout son sens dans le contexte de la&nbsp;\u00ab&nbsp;th\u00e9ologie du peuple&nbsp;\u00bb, d\u00e9velopp\u00e9e notamment par les th\u00e9ologiens argentins dans la foul\u00e9e de Lumen gentium et d\u2019Evangelii nuntiandi, qui informe le document d\u2019Aparecida et est re\u00e7ue par le pape. Celui-ci ins\u00e8re le sensus fidei dans un ensemble de r\u00e9alit\u00e9s (expression des fid\u00e8les, synodalit\u00e9, r\u00f4le des \u00c9glises particuli\u00e8res\u2026) qui peut seul le rendre op\u00e9ratoire. La question est pos\u00e9e de la transposition aux \u00c9glises des soci\u00e9t\u00e9s dites occidentales d\u2019une th\u00e9ologie n\u00e9e dans un contexte social et eccl\u00e9sial diff\u00e9rent.\" \/>\n<meta property=\"og:url\" content=\"https:\/\/dev.centtreize.com\/rsr\/article\/sensus-fidei-et-vision-de-leglise-chez-le-pape-francois\/\" \/>\n<meta property=\"og:site_name\" content=\"Recherches de Science Religieuse\" \/>\n<meta property=\"article:published_time\" content=\"2016-06-12T15:29:27+00:00\" \/>\n<meta property=\"article:modified_time\" content=\"2026-02-02T09:11:28+00:00\" \/>\n<meta name=\"author\" content=\"H\u00e9l\u00e8ne\" \/>\n<meta name=\"twitter:card\" content=\"summary_large_image\" \/>\n<meta name=\"twitter:label1\" content=\"\u00c9crit par\" \/>\n\t<meta name=\"twitter:data1\" content=\"H\u00e9l\u00e8ne\" \/>\n\t<meta name=\"twitter:label2\" content=\"Dur\u00e9e de lecture estim\u00e9e\" \/>\n\t<meta name=\"twitter:data2\" content=\"1 minute\" \/>\n<script type=\"application\/ld+json\" class=\"yoast-schema-graph\">{\"@context\":\"https:\/\/schema.org\",\"@graph\":[{\"@type\":\"Article\",\"@id\":\"https:\/\/dev.centtreize.com\/rsr\/article\/sensus-fidei-et-vision-de-leglise-chez-le-pape-francois\/#article\",\"isPartOf\":{\"@id\":\"https:\/\/dev.centtreize.com\/rsr\/article\/sensus-fidei-et-vision-de-leglise-chez-le-pape-francois\/\"},\"author\":{\"name\":\"H\u00e9l\u00e8ne\",\"@id\":\"https:\/\/dev.centtreize.com\/rsr\/#\/schema\/person\/eb039ce63dcbc3fec0a6b81e43e29ad3\"},\"headline\":\"Sensus fidei et vision de l\u2019\u00c9glise chez le pape Fran\u00e7ois\",\"datePublished\":\"2016-06-12T15:29:27+00:00\",\"dateModified\":\"2026-02-02T09:11:28+00:00\",\"mainEntityOfPage\":{\"@id\":\"https:\/\/dev.centtreize.com\/rsr\/article\/sensus-fidei-et-vision-de-leglise-chez-le-pape-francois\/\"},\"wordCount\":141,\"publisher\":{\"@id\":\"https:\/\/dev.centtreize.com\/rsr\/#organization\"},\"articleSection\":[\"article\"],\"inLanguage\":\"fr-FR\"},{\"@type\":\"WebPage\",\"@id\":\"https:\/\/dev.centtreize.com\/rsr\/article\/sensus-fidei-et-vision-de-leglise-chez-le-pape-francois\/\",\"url\":\"https:\/\/dev.centtreize.com\/rsr\/article\/sensus-fidei-et-vision-de-leglise-chez-le-pape-francois\/\",\"name\":\"Sensus fidei et vision de l\u2019\u00c9glise chez le pape Fran\u00e7ois - Recherches de Science Religieuse\",\"isPartOf\":{\"@id\":\"https:\/\/dev.centtreize.com\/rsr\/#website\"},\"datePublished\":\"2016-06-12T15:29:27+00:00\",\"dateModified\":\"2026-02-02T09:11:28+00:00\",\"breadcrumb\":{\"@id\":\"https:\/\/dev.centtreize.com\/rsr\/article\/sensus-fidei-et-vision-de-leglise-chez-le-pape-francois\/#breadcrumb\"},\"inLanguage\":\"fr-FR\",\"potentialAction\":[{\"@type\":\"ReadAction\",\"target\":[\"https:\/\/dev.centtreize.com\/rsr\/article\/sensus-fidei-et-vision-de-leglise-chez-le-pape-francois\/\"]}]},{\"@type\":\"BreadcrumbList\",\"@id\":\"https:\/\/dev.centtreize.com\/rsr\/article\/sensus-fidei-et-vision-de-leglise-chez-le-pape-francois\/#breadcrumb\",\"itemListElement\":[{\"@type\":\"ListItem\",\"position\":1,\"name\":\"Accueil\",\"item\":\"https:\/\/dev.centtreize.com\/rsr\/\"},{\"@type\":\"ListItem\",\"position\":2,\"name\":\"Sensus fidei et vision de l\u2019\u00c9glise chez le pape Fran\u00e7ois\"}]},{\"@type\":\"WebSite\",\"@id\":\"https:\/\/dev.centtreize.com\/rsr\/#website\",\"url\":\"https:\/\/dev.centtreize.com\/rsr\/\",\"name\":\"Recherches de Science Religieuse\",\"description\":\"Recherches de Science Religieuse\",\"publisher\":{\"@id\":\"https:\/\/dev.centtreize.com\/rsr\/#organization\"},\"potentialAction\":[{\"@type\":\"SearchAction\",\"target\":{\"@type\":\"EntryPoint\",\"urlTemplate\":\"https:\/\/dev.centtreize.com\/rsr\/?s={search_term_string}\"},\"query-input\":{\"@type\":\"PropertyValueSpecification\",\"valueRequired\":true,\"valueName\":\"search_term_string\"}}],\"inLanguage\":\"fr-FR\"},{\"@type\":\"Organization\",\"@id\":\"https:\/\/dev.centtreize.com\/rsr\/#organization\",\"name\":\"Recherches de Science Religieuse\",\"url\":\"https:\/\/dev.centtreize.com\/rsr\/\",\"logo\":{\"@type\":\"ImageObject\",\"inLanguage\":\"fr-FR\",\"@id\":\"https:\/\/dev.centtreize.com\/rsr\/#\/schema\/logo\/image\/\",\"url\":\"https:\/\/dev.centtreize.com\/rsr\/wp-content\/uploads\/2024\/10\/logo_rsr.png\",\"contentUrl\":\"https:\/\/dev.centtreize.com\/rsr\/wp-content\/uploads\/2024\/10\/logo_rsr.png\",\"width\":300,\"height\":225,\"caption\":\"Recherches de Science Religieuse\"},\"image\":{\"@id\":\"https:\/\/dev.centtreize.com\/rsr\/#\/schema\/logo\/image\/\"}},{\"@type\":\"Person\",\"@id\":\"https:\/\/dev.centtreize.com\/rsr\/#\/schema\/person\/eb039ce63dcbc3fec0a6b81e43e29ad3\",\"name\":\"H\u00e9l\u00e8ne\",\"url\":\"https:\/\/dev.centtreize.com\/rsr\/author\/rsr\/\"}]}<\/script>\n<!-- \/ Yoast SEO plugin. -->","yoast_head_json":{"title":"Sensus fidei et vision de l\u2019\u00c9glise chez le pape Fran\u00e7ois - Recherches de Science Religieuse","robots":{"index":"index","follow":"follow","max-snippet":"max-snippet:-1","max-image-preview":"max-image-preview:large","max-video-preview":"max-video-preview:-1"},"canonical":"https:\/\/dev.centtreize.com\/rsr\/article\/sensus-fidei-et-vision-de-leglise-chez-le-pape-francois\/","og_locale":"fr_FR","og_type":"article","og_title":"Sensus fidei et vision de l\u2019\u00c9glise chez le pape Fran\u00e7ois - Recherches de Science Religieuse","og_description":"Le th\u00e8me du sensus fidei, relativement discret chez le pape Fran\u00e7ois, semble cependant occuper un emplacement strat\u00e9gique. Il prend tout son sens dans le contexte de la&nbsp;\u00ab&nbsp;th\u00e9ologie du peuple&nbsp;\u00bb, d\u00e9velopp\u00e9e notamment par les th\u00e9ologiens argentins dans la foul\u00e9e de Lumen gentium et d\u2019Evangelii nuntiandi, qui informe le document d\u2019Aparecida et est re\u00e7ue par le pape. Celui-ci ins\u00e8re le sensus fidei dans un ensemble de r\u00e9alit\u00e9s (expression des fid\u00e8les, synodalit\u00e9, r\u00f4le des \u00c9glises particuli\u00e8res\u2026) qui peut seul le rendre op\u00e9ratoire. La question est pos\u00e9e de la transposition aux \u00c9glises des soci\u00e9t\u00e9s dites occidentales d\u2019une th\u00e9ologie n\u00e9e dans un contexte social et eccl\u00e9sial diff\u00e9rent.","og_url":"https:\/\/dev.centtreize.com\/rsr\/article\/sensus-fidei-et-vision-de-leglise-chez-le-pape-francois\/","og_site_name":"Recherches de Science Religieuse","article_published_time":"2016-06-12T15:29:27+00:00","article_modified_time":"2026-02-02T09:11:28+00:00","author":"H\u00e9l\u00e8ne","twitter_card":"summary_large_image","twitter_misc":{"\u00c9crit par":"H\u00e9l\u00e8ne","Dur\u00e9e de lecture estim\u00e9e":"1 minute"},"schema":{"@context":"https:\/\/schema.org","@graph":[{"@type":"Article","@id":"https:\/\/dev.centtreize.com\/rsr\/article\/sensus-fidei-et-vision-de-leglise-chez-le-pape-francois\/#article","isPartOf":{"@id":"https:\/\/dev.centtreize.com\/rsr\/article\/sensus-fidei-et-vision-de-leglise-chez-le-pape-francois\/"},"author":{"name":"H\u00e9l\u00e8ne","@id":"https:\/\/dev.centtreize.com\/rsr\/#\/schema\/person\/eb039ce63dcbc3fec0a6b81e43e29ad3"},"headline":"Sensus fidei et vision de l\u2019\u00c9glise chez le pape Fran\u00e7ois","datePublished":"2016-06-12T15:29:27+00:00","dateModified":"2026-02-02T09:11:28+00:00","mainEntityOfPage":{"@id":"https:\/\/dev.centtreize.com\/rsr\/article\/sensus-fidei-et-vision-de-leglise-chez-le-pape-francois\/"},"wordCount":141,"publisher":{"@id":"https:\/\/dev.centtreize.com\/rsr\/#organization"},"articleSection":["article"],"inLanguage":"fr-FR"},{"@type":"WebPage","@id":"https:\/\/dev.centtreize.com\/rsr\/article\/sensus-fidei-et-vision-de-leglise-chez-le-pape-francois\/","url":"https:\/\/dev.centtreize.com\/rsr\/article\/sensus-fidei-et-vision-de-leglise-chez-le-pape-francois\/","name":"Sensus fidei et vision de l\u2019\u00c9glise chez le pape Fran\u00e7ois - Recherches de Science Religieuse","isPartOf":{"@id":"https:\/\/dev.centtreize.com\/rsr\/#website"},"datePublished":"2016-06-12T15:29:27+00:00","dateModified":"2026-02-02T09:11:28+00:00","breadcrumb":{"@id":"https:\/\/dev.centtreize.com\/rsr\/article\/sensus-fidei-et-vision-de-leglise-chez-le-pape-francois\/#breadcrumb"},"inLanguage":"fr-FR","potentialAction":[{"@type":"ReadAction","target":["https:\/\/dev.centtreize.com\/rsr\/article\/sensus-fidei-et-vision-de-leglise-chez-le-pape-francois\/"]}]},{"@type":"BreadcrumbList","@id":"https:\/\/dev.centtreize.com\/rsr\/article\/sensus-fidei-et-vision-de-leglise-chez-le-pape-francois\/#breadcrumb","itemListElement":[{"@type":"ListItem","position":1,"name":"Accueil","item":"https:\/\/dev.centtreize.com\/rsr\/"},{"@type":"ListItem","position":2,"name":"Sensus fidei et vision de l\u2019\u00c9glise chez le pape Fran\u00e7ois"}]},{"@type":"WebSite","@id":"https:\/\/dev.centtreize.com\/rsr\/#website","url":"https:\/\/dev.centtreize.com\/rsr\/","name":"Recherches de Science Religieuse","description":"Recherches de Science Religieuse","publisher":{"@id":"https:\/\/dev.centtreize.com\/rsr\/#organization"},"potentialAction":[{"@type":"SearchAction","target":{"@type":"EntryPoint","urlTemplate":"https:\/\/dev.centtreize.com\/rsr\/?s={search_term_string}"},"query-input":{"@type":"PropertyValueSpecification","valueRequired":true,"valueName":"search_term_string"}}],"inLanguage":"fr-FR"},{"@type":"Organization","@id":"https:\/\/dev.centtreize.com\/rsr\/#organization","name":"Recherches de Science Religieuse","url":"https:\/\/dev.centtreize.com\/rsr\/","logo":{"@type":"ImageObject","inLanguage":"fr-FR","@id":"https:\/\/dev.centtreize.com\/rsr\/#\/schema\/logo\/image\/","url":"https:\/\/dev.centtreize.com\/rsr\/wp-content\/uploads\/2024\/10\/logo_rsr.png","contentUrl":"https:\/\/dev.centtreize.com\/rsr\/wp-content\/uploads\/2024\/10\/logo_rsr.png","width":300,"height":225,"caption":"Recherches de Science Religieuse"},"image":{"@id":"https:\/\/dev.centtreize.com\/rsr\/#\/schema\/logo\/image\/"}},{"@type":"Person","@id":"https:\/\/dev.centtreize.com\/rsr\/#\/schema\/person\/eb039ce63dcbc3fec0a6b81e43e29ad3","name":"H\u00e9l\u00e8ne","url":"https:\/\/dev.centtreize.com\/rsr\/author\/rsr\/"}]}},"_links":{"self":[{"href":"https:\/\/dev.centtreize.com\/rsr\/wp-json\/wp\/v2\/posts\/10855","targetHints":{"allow":["GET"]}}],"collection":[{"href":"https:\/\/dev.centtreize.com\/rsr\/wp-json\/wp\/v2\/posts"}],"about":[{"href":"https:\/\/dev.centtreize.com\/rsr\/wp-json\/wp\/v2\/types\/post"}],"author":[{"embeddable":true,"href":"https:\/\/dev.centtreize.com\/rsr\/wp-json\/wp\/v2\/users\/2"}],"replies":[{"embeddable":true,"href":"https:\/\/dev.centtreize.com\/rsr\/wp-json\/wp\/v2\/comments?post=10855"}],"version-history":[{"count":7,"href":"https:\/\/dev.centtreize.com\/rsr\/wp-json\/wp\/v2\/posts\/10855\/revisions"}],"predecessor-version":[{"id":17553,"href":"https:\/\/dev.centtreize.com\/rsr\/wp-json\/wp\/v2\/posts\/10855\/revisions\/17553"}],"wp:attachment":[{"href":"https:\/\/dev.centtreize.com\/rsr\/wp-json\/wp\/v2\/media?parent=10855"}],"wp:term":[{"taxonomy":"category","embeddable":true,"href":"https:\/\/dev.centtreize.com\/rsr\/wp-json\/wp\/v2\/categories?post=10855"},{"taxonomy":"post_tag","embeddable":true,"href":"https:\/\/dev.centtreize.com\/rsr\/wp-json\/wp\/v2\/tags?post=10855"},{"taxonomy":"keywords","embeddable":true,"href":"https:\/\/dev.centtreize.com\/rsr\/wp-json\/wp\/v2\/keywords?post=10855"}],"curies":[{"name":"wp","href":"https:\/\/api.w.org\/{rel}","templated":true}]}}