{"id":10761,"date":"2016-03-10T15:12:21","date_gmt":"2016-03-10T14:12:21","guid":{"rendered":"http:\/\/www.revue-rsr.com\/?p=10761"},"modified":"2026-02-02T10:07:28","modified_gmt":"2026-02-02T09:07:28","slug":"michel-de-certeau-et-la-question-du-langage","status":"publish","type":"post","link":"https:\/\/dev.centtreize.com\/rsr\/article\/michel-de-certeau-et-la-question-du-langage\/","title":{"rendered":"Michel de Certeau et la question du langage"},"content":{"rendered":"<p>La question du langage permet de traverser l\u2019ensemble de l\u2019\u0153uvre. Tr\u00e8s t\u00f4t, la tradition mystique est apparue \u00e0 Certeau comme une \u00e9criture particuli\u00e8re, un langage dont il importait de pr\u00e9ciser les caract\u00e9ristiques. Ce faisant, il arrachait la spiritualit\u00e9 aux d\u00e9bats th\u00e9ologiques insolubles o\u00f9 elle s\u2019\u00e9tait laiss\u00e9 enfermer. Il rencontrait en m\u00eame temps les questions radicales que pose \u00e0 la philosophie et \u00e0 la th\u00e9ologie la prise au s\u00e9rieux du fonctionnement du langage, depuis la crise nominaliste jusqu\u2019\u00e0 Wittgenstein et Derrida. Ainsi se sont forg\u00e9es peu \u00e0 peu, \u00e0 distance de tout esprit de syst\u00e8me, linguistique ou philosophique, sa pens\u00e9e de l\u2019Alt\u00e9rit\u00e9 et sa mani\u00e8re singuli\u00e8re d\u2019investir et d\u2019interroger les sciences sociales et les pratiques culturelles. Ainsi peut aussi se comprendre son&nbsp;\u00ab&nbsp;style&nbsp;\u00bb&nbsp;: art d\u2019\u00e9crire (tout en litote et suggestion), art de penser (hors syst\u00e8me, au risque d\u2019exasp\u00e9rer les docteurs), art d\u2019exister (tout en r\u00e9serve et en pudeur). Comme la sentinelle au seuil de la Loi dans Le Proc\u00e8s de Kafka, Certeau indique le Myst\u00e8re et le d\u00e9fend.<\/p>\n","protected":false},"excerpt":{"rendered":"<p>La question du langage permet de traverser l\u2019ensemble de l\u2019\u0153uvre. Tr\u00e8s t\u00f4t, la tradition mystique est apparue \u00e0 Certeau comme une \u00e9criture particuli\u00e8re, un langage dont il importait de pr\u00e9ciser les caract\u00e9ristiques. Ce faisant, il arrachait la spiritualit\u00e9 aux d\u00e9bats th\u00e9ologiques insolubles o\u00f9 elle s\u2019\u00e9tait laiss\u00e9 enfermer. Il rencontrait en m\u00eame temps les questions radicales que pose \u00e0 la philosophie et \u00e0 la th\u00e9ologie la prise au s\u00e9rieux du fonctionnement du langage, depuis la crise nominaliste jusqu\u2019\u00e0 Wittgenstein et Derrida. Ainsi se sont forg\u00e9es peu \u00e0 peu, \u00e0 distance de tout esprit de syst\u00e8me, linguistique ou philosophique, sa pens\u00e9e de l\u2019Alt\u00e9rit\u00e9 et sa mani\u00e8re singuli\u00e8re d\u2019investir et d\u2019interroger les sciences sociales et les pratiques culturelles. Ainsi peut aussi se comprendre son&nbsp;\u00ab&nbsp;style&nbsp;\u00bb&nbsp;: art d\u2019\u00e9crire (tout en litote et suggestion), art de penser (hors syst\u00e8me, au risque d\u2019exasp\u00e9rer les docteurs), art d\u2019exister (tout en r\u00e9serve et en pudeur). Comme la sentinelle au seuil de la Loi dans Le Proc\u00e8s de Kafka, Certeau<a class=\"read-more\" href=\"https:\/\/dev.centtreize.com\/rsr\/article\/michel-de-certeau-et-la-question-du-langage\/\"><\/a><\/p>\n","protected":false},"author":2,"featured_media":0,"comment_status":"closed","ping_status":"closed","sticky":false,"template":"","format":"standard","meta":{"_acf_changed":false,"footnotes":""},"categories":[6],"tags":[],"keywords":[1231,1179,1167],"class_list":["post-10761","post","type-post","status-publish","format-standard","hentry","category-article","keywords-certeau-michel-de","keywords-langage","keywords-mystique"],"acf":[],"yoast_head":"<!-- This site is optimized with the Yoast SEO plugin v27.2 - https:\/\/yoast.com\/product\/yoast-seo-wordpress\/ -->\n<title>Michel de Certeau et la question du langage - Recherches de Science Religieuse<\/title>\n<meta name=\"robots\" content=\"index, follow, max-snippet:-1, max-image-preview:large, max-video-preview:-1\" \/>\n<link rel=\"canonical\" href=\"https:\/\/dev.centtreize.com\/rsr\/article\/michel-de-certeau-et-la-question-du-langage\/\" \/>\n<meta property=\"og:locale\" content=\"fr_FR\" \/>\n<meta property=\"og:type\" content=\"article\" \/>\n<meta property=\"og:title\" content=\"Michel de Certeau et la question du langage - Recherches de Science Religieuse\" \/>\n<meta property=\"og:description\" content=\"La question du langage permet de traverser l\u2019ensemble de l\u2019\u0153uvre. Tr\u00e8s t\u00f4t, la tradition mystique est apparue \u00e0 Certeau comme une \u00e9criture particuli\u00e8re, un langage dont il importait de pr\u00e9ciser les caract\u00e9ristiques. Ce faisant, il arrachait la spiritualit\u00e9 aux d\u00e9bats th\u00e9ologiques insolubles o\u00f9 elle s\u2019\u00e9tait laiss\u00e9 enfermer. Il rencontrait en m\u00eame temps les questions radicales que pose \u00e0 la philosophie et \u00e0 la th\u00e9ologie la prise au s\u00e9rieux du fonctionnement du langage, depuis la crise nominaliste jusqu\u2019\u00e0 Wittgenstein et Derrida. Ainsi se sont forg\u00e9es peu \u00e0 peu, \u00e0 distance de tout esprit de syst\u00e8me, linguistique ou philosophique, sa pens\u00e9e de l\u2019Alt\u00e9rit\u00e9 et sa mani\u00e8re singuli\u00e8re d\u2019investir et d\u2019interroger les sciences sociales et les pratiques culturelles. Ainsi peut aussi se comprendre son&nbsp;\u00ab&nbsp;style&nbsp;\u00bb&nbsp;: art d\u2019\u00e9crire (tout en litote et suggestion), art de penser (hors syst\u00e8me, au risque d\u2019exasp\u00e9rer les docteurs), art d\u2019exister (tout en r\u00e9serve et en pudeur). Comme la sentinelle au seuil de la Loi dans Le Proc\u00e8s de Kafka, Certeau\" \/>\n<meta property=\"og:url\" content=\"https:\/\/dev.centtreize.com\/rsr\/article\/michel-de-certeau-et-la-question-du-langage\/\" \/>\n<meta property=\"og:site_name\" content=\"Recherches de Science Religieuse\" \/>\n<meta property=\"article:published_time\" content=\"2016-03-10T14:12:21+00:00\" \/>\n<meta property=\"article:modified_time\" content=\"2026-02-02T09:07:28+00:00\" \/>\n<meta name=\"author\" content=\"H\u00e9l\u00e8ne\" \/>\n<meta name=\"twitter:card\" content=\"summary_large_image\" \/>\n<meta name=\"twitter:label1\" content=\"\u00c9crit par\" \/>\n\t<meta name=\"twitter:data1\" content=\"H\u00e9l\u00e8ne\" \/>\n\t<meta name=\"twitter:label2\" content=\"Dur\u00e9e de lecture estim\u00e9e\" \/>\n\t<meta name=\"twitter:data2\" content=\"1 minute\" \/>\n<script type=\"application\/ld+json\" class=\"yoast-schema-graph\">{\"@context\":\"https:\/\/schema.org\",\"@graph\":[{\"@type\":\"Article\",\"@id\":\"https:\/\/dev.centtreize.com\/rsr\/article\/michel-de-certeau-et-la-question-du-langage\/#article\",\"isPartOf\":{\"@id\":\"https:\/\/dev.centtreize.com\/rsr\/article\/michel-de-certeau-et-la-question-du-langage\/\"},\"author\":{\"name\":\"H\u00e9l\u00e8ne\",\"@id\":\"https:\/\/dev.centtreize.com\/rsr\/#\/schema\/person\/eb039ce63dcbc3fec0a6b81e43e29ad3\"},\"headline\":\"Michel de Certeau et la question du langage\",\"datePublished\":\"2016-03-10T14:12:21+00:00\",\"dateModified\":\"2026-02-02T09:07:28+00:00\",\"mainEntityOfPage\":{\"@id\":\"https:\/\/dev.centtreize.com\/rsr\/article\/michel-de-certeau-et-la-question-du-langage\/\"},\"wordCount\":201,\"publisher\":{\"@id\":\"https:\/\/dev.centtreize.com\/rsr\/#organization\"},\"articleSection\":[\"article\"],\"inLanguage\":\"fr-FR\"},{\"@type\":\"WebPage\",\"@id\":\"https:\/\/dev.centtreize.com\/rsr\/article\/michel-de-certeau-et-la-question-du-langage\/\",\"url\":\"https:\/\/dev.centtreize.com\/rsr\/article\/michel-de-certeau-et-la-question-du-langage\/\",\"name\":\"Michel de Certeau et la question du langage - Recherches de Science Religieuse\",\"isPartOf\":{\"@id\":\"https:\/\/dev.centtreize.com\/rsr\/#website\"},\"datePublished\":\"2016-03-10T14:12:21+00:00\",\"dateModified\":\"2026-02-02T09:07:28+00:00\",\"breadcrumb\":{\"@id\":\"https:\/\/dev.centtreize.com\/rsr\/article\/michel-de-certeau-et-la-question-du-langage\/#breadcrumb\"},\"inLanguage\":\"fr-FR\",\"potentialAction\":[{\"@type\":\"ReadAction\",\"target\":[\"https:\/\/dev.centtreize.com\/rsr\/article\/michel-de-certeau-et-la-question-du-langage\/\"]}]},{\"@type\":\"BreadcrumbList\",\"@id\":\"https:\/\/dev.centtreize.com\/rsr\/article\/michel-de-certeau-et-la-question-du-langage\/#breadcrumb\",\"itemListElement\":[{\"@type\":\"ListItem\",\"position\":1,\"name\":\"Accueil\",\"item\":\"https:\/\/dev.centtreize.com\/rsr\/\"},{\"@type\":\"ListItem\",\"position\":2,\"name\":\"Michel de Certeau et la question du langage\"}]},{\"@type\":\"WebSite\",\"@id\":\"https:\/\/dev.centtreize.com\/rsr\/#website\",\"url\":\"https:\/\/dev.centtreize.com\/rsr\/\",\"name\":\"Recherches de Science Religieuse\",\"description\":\"Recherches de Science Religieuse\",\"publisher\":{\"@id\":\"https:\/\/dev.centtreize.com\/rsr\/#organization\"},\"potentialAction\":[{\"@type\":\"SearchAction\",\"target\":{\"@type\":\"EntryPoint\",\"urlTemplate\":\"https:\/\/dev.centtreize.com\/rsr\/?s={search_term_string}\"},\"query-input\":{\"@type\":\"PropertyValueSpecification\",\"valueRequired\":true,\"valueName\":\"search_term_string\"}}],\"inLanguage\":\"fr-FR\"},{\"@type\":\"Organization\",\"@id\":\"https:\/\/dev.centtreize.com\/rsr\/#organization\",\"name\":\"Recherches de Science Religieuse\",\"url\":\"https:\/\/dev.centtreize.com\/rsr\/\",\"logo\":{\"@type\":\"ImageObject\",\"inLanguage\":\"fr-FR\",\"@id\":\"https:\/\/dev.centtreize.com\/rsr\/#\/schema\/logo\/image\/\",\"url\":\"https:\/\/dev.centtreize.com\/rsr\/wp-content\/uploads\/2024\/10\/logo_rsr.png\",\"contentUrl\":\"https:\/\/dev.centtreize.com\/rsr\/wp-content\/uploads\/2024\/10\/logo_rsr.png\",\"width\":300,\"height\":225,\"caption\":\"Recherches de Science Religieuse\"},\"image\":{\"@id\":\"https:\/\/dev.centtreize.com\/rsr\/#\/schema\/logo\/image\/\"}},{\"@type\":\"Person\",\"@id\":\"https:\/\/dev.centtreize.com\/rsr\/#\/schema\/person\/eb039ce63dcbc3fec0a6b81e43e29ad3\",\"name\":\"H\u00e9l\u00e8ne\",\"url\":\"https:\/\/dev.centtreize.com\/rsr\/author\/rsr\/\"}]}<\/script>\n<!-- \/ Yoast SEO plugin. -->","yoast_head_json":{"title":"Michel de Certeau et la question du langage - Recherches de Science Religieuse","robots":{"index":"index","follow":"follow","max-snippet":"max-snippet:-1","max-image-preview":"max-image-preview:large","max-video-preview":"max-video-preview:-1"},"canonical":"https:\/\/dev.centtreize.com\/rsr\/article\/michel-de-certeau-et-la-question-du-langage\/","og_locale":"fr_FR","og_type":"article","og_title":"Michel de Certeau et la question du langage - Recherches de Science Religieuse","og_description":"La question du langage permet de traverser l\u2019ensemble de l\u2019\u0153uvre. Tr\u00e8s t\u00f4t, la tradition mystique est apparue \u00e0 Certeau comme une \u00e9criture particuli\u00e8re, un langage dont il importait de pr\u00e9ciser les caract\u00e9ristiques. Ce faisant, il arrachait la spiritualit\u00e9 aux d\u00e9bats th\u00e9ologiques insolubles o\u00f9 elle s\u2019\u00e9tait laiss\u00e9 enfermer. Il rencontrait en m\u00eame temps les questions radicales que pose \u00e0 la philosophie et \u00e0 la th\u00e9ologie la prise au s\u00e9rieux du fonctionnement du langage, depuis la crise nominaliste jusqu\u2019\u00e0 Wittgenstein et Derrida. Ainsi se sont forg\u00e9es peu \u00e0 peu, \u00e0 distance de tout esprit de syst\u00e8me, linguistique ou philosophique, sa pens\u00e9e de l\u2019Alt\u00e9rit\u00e9 et sa mani\u00e8re singuli\u00e8re d\u2019investir et d\u2019interroger les sciences sociales et les pratiques culturelles. Ainsi peut aussi se comprendre son&nbsp;\u00ab&nbsp;style&nbsp;\u00bb&nbsp;: art d\u2019\u00e9crire (tout en litote et suggestion), art de penser (hors syst\u00e8me, au risque d\u2019exasp\u00e9rer les docteurs), art d\u2019exister (tout en r\u00e9serve et en pudeur). Comme la sentinelle au seuil de la Loi dans Le Proc\u00e8s de Kafka, Certeau","og_url":"https:\/\/dev.centtreize.com\/rsr\/article\/michel-de-certeau-et-la-question-du-langage\/","og_site_name":"Recherches de Science Religieuse","article_published_time":"2016-03-10T14:12:21+00:00","article_modified_time":"2026-02-02T09:07:28+00:00","author":"H\u00e9l\u00e8ne","twitter_card":"summary_large_image","twitter_misc":{"\u00c9crit par":"H\u00e9l\u00e8ne","Dur\u00e9e de lecture estim\u00e9e":"1 minute"},"schema":{"@context":"https:\/\/schema.org","@graph":[{"@type":"Article","@id":"https:\/\/dev.centtreize.com\/rsr\/article\/michel-de-certeau-et-la-question-du-langage\/#article","isPartOf":{"@id":"https:\/\/dev.centtreize.com\/rsr\/article\/michel-de-certeau-et-la-question-du-langage\/"},"author":{"name":"H\u00e9l\u00e8ne","@id":"https:\/\/dev.centtreize.com\/rsr\/#\/schema\/person\/eb039ce63dcbc3fec0a6b81e43e29ad3"},"headline":"Michel de Certeau et la question du langage","datePublished":"2016-03-10T14:12:21+00:00","dateModified":"2026-02-02T09:07:28+00:00","mainEntityOfPage":{"@id":"https:\/\/dev.centtreize.com\/rsr\/article\/michel-de-certeau-et-la-question-du-langage\/"},"wordCount":201,"publisher":{"@id":"https:\/\/dev.centtreize.com\/rsr\/#organization"},"articleSection":["article"],"inLanguage":"fr-FR"},{"@type":"WebPage","@id":"https:\/\/dev.centtreize.com\/rsr\/article\/michel-de-certeau-et-la-question-du-langage\/","url":"https:\/\/dev.centtreize.com\/rsr\/article\/michel-de-certeau-et-la-question-du-langage\/","name":"Michel de Certeau et la question du langage - Recherches de Science Religieuse","isPartOf":{"@id":"https:\/\/dev.centtreize.com\/rsr\/#website"},"datePublished":"2016-03-10T14:12:21+00:00","dateModified":"2026-02-02T09:07:28+00:00","breadcrumb":{"@id":"https:\/\/dev.centtreize.com\/rsr\/article\/michel-de-certeau-et-la-question-du-langage\/#breadcrumb"},"inLanguage":"fr-FR","potentialAction":[{"@type":"ReadAction","target":["https:\/\/dev.centtreize.com\/rsr\/article\/michel-de-certeau-et-la-question-du-langage\/"]}]},{"@type":"BreadcrumbList","@id":"https:\/\/dev.centtreize.com\/rsr\/article\/michel-de-certeau-et-la-question-du-langage\/#breadcrumb","itemListElement":[{"@type":"ListItem","position":1,"name":"Accueil","item":"https:\/\/dev.centtreize.com\/rsr\/"},{"@type":"ListItem","position":2,"name":"Michel de Certeau et la question du langage"}]},{"@type":"WebSite","@id":"https:\/\/dev.centtreize.com\/rsr\/#website","url":"https:\/\/dev.centtreize.com\/rsr\/","name":"Recherches de Science Religieuse","description":"Recherches de Science Religieuse","publisher":{"@id":"https:\/\/dev.centtreize.com\/rsr\/#organization"},"potentialAction":[{"@type":"SearchAction","target":{"@type":"EntryPoint","urlTemplate":"https:\/\/dev.centtreize.com\/rsr\/?s={search_term_string}"},"query-input":{"@type":"PropertyValueSpecification","valueRequired":true,"valueName":"search_term_string"}}],"inLanguage":"fr-FR"},{"@type":"Organization","@id":"https:\/\/dev.centtreize.com\/rsr\/#organization","name":"Recherches de Science Religieuse","url":"https:\/\/dev.centtreize.com\/rsr\/","logo":{"@type":"ImageObject","inLanguage":"fr-FR","@id":"https:\/\/dev.centtreize.com\/rsr\/#\/schema\/logo\/image\/","url":"https:\/\/dev.centtreize.com\/rsr\/wp-content\/uploads\/2024\/10\/logo_rsr.png","contentUrl":"https:\/\/dev.centtreize.com\/rsr\/wp-content\/uploads\/2024\/10\/logo_rsr.png","width":300,"height":225,"caption":"Recherches de Science Religieuse"},"image":{"@id":"https:\/\/dev.centtreize.com\/rsr\/#\/schema\/logo\/image\/"}},{"@type":"Person","@id":"https:\/\/dev.centtreize.com\/rsr\/#\/schema\/person\/eb039ce63dcbc3fec0a6b81e43e29ad3","name":"H\u00e9l\u00e8ne","url":"https:\/\/dev.centtreize.com\/rsr\/author\/rsr\/"}]}},"_links":{"self":[{"href":"https:\/\/dev.centtreize.com\/rsr\/wp-json\/wp\/v2\/posts\/10761","targetHints":{"allow":["GET"]}}],"collection":[{"href":"https:\/\/dev.centtreize.com\/rsr\/wp-json\/wp\/v2\/posts"}],"about":[{"href":"https:\/\/dev.centtreize.com\/rsr\/wp-json\/wp\/v2\/types\/post"}],"author":[{"embeddable":true,"href":"https:\/\/dev.centtreize.com\/rsr\/wp-json\/wp\/v2\/users\/2"}],"replies":[{"embeddable":true,"href":"https:\/\/dev.centtreize.com\/rsr\/wp-json\/wp\/v2\/comments?post=10761"}],"version-history":[{"count":8,"href":"https:\/\/dev.centtreize.com\/rsr\/wp-json\/wp\/v2\/posts\/10761\/revisions"}],"predecessor-version":[{"id":17544,"href":"https:\/\/dev.centtreize.com\/rsr\/wp-json\/wp\/v2\/posts\/10761\/revisions\/17544"}],"wp:attachment":[{"href":"https:\/\/dev.centtreize.com\/rsr\/wp-json\/wp\/v2\/media?parent=10761"}],"wp:term":[{"taxonomy":"category","embeddable":true,"href":"https:\/\/dev.centtreize.com\/rsr\/wp-json\/wp\/v2\/categories?post=10761"},{"taxonomy":"post_tag","embeddable":true,"href":"https:\/\/dev.centtreize.com\/rsr\/wp-json\/wp\/v2\/tags?post=10761"},{"taxonomy":"keywords","embeddable":true,"href":"https:\/\/dev.centtreize.com\/rsr\/wp-json\/wp\/v2\/keywords?post=10761"}],"curies":[{"name":"wp","href":"https:\/\/api.w.org\/{rel}","templated":true}]}}