{"id":10749,"date":"2016-03-10T14:25:51","date_gmt":"2016-03-10T13:25:51","guid":{"rendered":"http:\/\/www.revue-rsr.com\/?p=10749"},"modified":"2025-01-29T18:57:24","modified_gmt":"2025-01-29T17:57:24","slug":"editorial-1041","status":"publish","type":"post","link":"https:\/\/dev.centtreize.com\/rsr\/edito\/editorial-1041\/","title":{"rendered":"\u00c9ditorial (104\/2)"},"content":{"rendered":"<h3>Sens de la foi, sens des fid\u00e8les<\/h3>\n<p>D\u00e9licat sujet que ce th\u00e8me du&nbsp;\u00ab&nbsp;sens de la foi&nbsp;\u00bb des fid\u00e8les (<em>sensus fidei fidelium<\/em>), aussi traditionnel soit-il dans l\u2019\u00c9glise&nbsp;! \u00c9voqu\u00e9 \u00e0 Vatican II (cf. notamment <em>Lumen gentium<\/em>, 12), il a fait en 2014 l\u2019objet d\u2019un document de la Commission th\u00e9ologique internationale (CTI). Plus r\u00e9cemment, dans le contexte des deux synodes sur la famille (en 2014 et 2015), l\u2019exhortation apostolique <em>Evangelii gaudium<\/em> (<em>EG<\/em>) du pape Fran\u00e7ois, invitait \u00e0 reprendre \u00e0 frais nouveaux un tel sujet. Pareille invitation soul\u00e8ve un certain nombre de questions th\u00e9ologiques de fond, qui ne sont pas sans incidences sur la fa\u00e7on dont se con\u00e7oit la vie en \u00c9glise. Il y a tout d\u2019abord le recours souvent fait \u00e0 ce&nbsp;\u00ab&nbsp;sens de la foi&nbsp;\u00bb des fid\u00e8les dans un contexte apolog\u00e9tique&nbsp;: soit pour justifier une position th\u00e9ologique d\u00e9j\u00e0 fix\u00e9e dans l\u2019\u00c9glise, soit, au contraire, pour soutenir une \u00e9volution sinon doctrinale ou tout au moins pastorale, notamment dans le champ \u00e9thique. Dans les deux cas, on fait valoir le&nbsp;\u00ab&nbsp;sens de la foi&nbsp;\u00bb des fid\u00e8les en oubliant que le discernement de ce&nbsp;\u00ab&nbsp;sens&nbsp;\u00bb ne va pas de soi&nbsp;: doit-on le prendre en compte au nom d\u2019une&nbsp;\u00ab&nbsp;majorit\u00e9&nbsp;\u00bb (<em>maior pars<\/em>), ou le r\u00e9cuser au nom de l\u2019\u00e9lite des fid\u00e8les catholiques (<em>sanior pars<\/em>)&nbsp;? On s\u2019accordera sur le rejet d\u2019une conception purement sociologique, le magist\u00e8re ne pouvant qu\u2019insister sur la n\u00e9cessit\u00e9 de ne pas confondre <em>sensus fidelium<\/em> et opinion publique, aussi catholique soit-elle (cf. <em>Familiaris consortio<\/em> [1981], 5&nbsp;; <em>L\u2019instruction sur la vocation eccl\u00e9siale du th\u00e9ologien<\/em> [1990], 35). Il n\u2019en est pas moins difficile de d\u00e9finir th\u00e9ologiquement un tel concept ni surtout de s\u2019y r\u00e9f\u00e9rer de fa\u00e7on op\u00e9ratoire.<\/p>\n<p>Aussi, un certain nombre de questions th\u00e9ologiques de fond demandent-elles ici \u00e0 \u00eatre prises en compte.<\/p>\n<p>1. Selon une th\u00e9ologie de la r\u00e9v\u00e9lation, c\u2019est d\u2019abord toute l\u2019\u00c9glise qui re\u00e7oit, qui adh\u00e8re, qui transmet, qui annonce\u2026 Et c\u2019est toute l\u2019\u00c9glise qui, dans son adh\u00e9sion \u00e0 la r\u00e9v\u00e9lation, est infaillible&nbsp;; d\u2019o\u00f9 la n\u00e9cessit\u00e9 de pr\u00e9ciser le r\u00f4le de l\u2019Esprit Saint. On devra donc reconna\u00eetre l\u00e0 que l\u2019ensemble des fid\u00e8les est&nbsp;\u00ab&nbsp;sujet&nbsp;\u00bb de la foi de l\u2019\u00c9glise, et non r\u00e9cepteur passif de l\u2019enseignement du magist\u00e8re. Ainsi se trouve pos\u00e9e la question du r\u00f4le propre de ce magist\u00e8re dans l\u2019\u00c9glise. Le document de la CTI \u00e9nonce que&nbsp;\u00ab&nbsp;le magist\u00e8re nourrit, discerne et juge le <em>sensus fidelium<\/em>&nbsp;\u00bb (Le <em>sensus fidei<\/em> dans la vie de l\u2019\u00c9glise, nos 76 et 77).<br \/>\nMais ce sont d\u2019abord l\u2019\u00c9criture, la tradition eccl\u00e9siale, la vie sacramentelle qui&nbsp;\u00ab&nbsp;nourrissent&nbsp;\u00bb les fid\u00e8les&nbsp;! Et comment, par ailleurs, le magist\u00e8re&nbsp;\u00ab&nbsp;discerne&nbsp;\u00bb -t-il le <em>sensus fidei<\/em> des fid\u00e8les catholiques, et en&nbsp;\u00ab&nbsp;juge&nbsp;\u00bb -t-il&nbsp;?<\/p>\n<p>2. Surgit alors la question de la r\u00e9ception, du fait m\u00eame d\u2019une non r\u00e9ception. Ce&nbsp;\u00ab&nbsp;manque de r\u00e9ception&nbsp;\u00bb de documents du magist\u00e8re&nbsp;\u00ab&nbsp;peut \u00eatre le signe d\u2019une faiblesse dans la foi&nbsp;\u00bb, voire d\u2019un manque de foi de la part du peuple de Dieu, f\u00fbt-ce&nbsp;\u00ab&nbsp;en raison d\u2019un manque de critique de la culture contemporaine&nbsp;\u00bb. Mais, ce peut \u00eatre aussi le signe d\u2019une faute des autorit\u00e9s manquant de prendre en compte, comme elles le doivent, l\u2019exp\u00e9rience et le <em>sensus fidei<\/em> des fid\u00e8les,&nbsp;\u00ab&nbsp;ou sans que le magist\u00e8re ait suffisamment consult\u00e9&nbsp;\u00bb ces derniers (document de la CTI, 123). Ainsi, la CTI sugg\u00e8re-t-elle qu\u2019il peut y avoir quelque chose de l\u00e9gitime dans la non-r\u00e9ception d\u2019un document magist\u00e9riel. Mais comment \u00e9valuer concr\u00e8tement cette non-r\u00e9ception&nbsp;? Se trouve ainsi pos\u00e9e la question de la conscience, de ses droits et de ses devoirs, et plus largement celle du statut eccl\u00e9sial des fid\u00e8les la\u00efcs (cf. <em>LG<\/em>, 35)&nbsp;: \u00e0 quoi ceux-ci sont-ils habilit\u00e9s par leur bapt\u00eame&nbsp;? Quelle comp\u00e9tence sp\u00e9cifique peut leur \u00eatre reconnue au titre de leur insertion dans le monde et de leurs responsabilit\u00e9s familiales en correspondance de charismes particuliers&nbsp;? \u00c0 quel titre la&nbsp;\u00ab&nbsp;pi\u00e9t\u00e9 populaire&nbsp;\u00bb peut-elle \u00eatre qualifi\u00e9e de&nbsp;\u00ab&nbsp;lieu th\u00e9ologique&nbsp;\u00bb (<em>EG<\/em>, 126)&nbsp;? <em>Evangelii gaudium<\/em> fait valoir que celle-ci loin d\u2019\u00eatre&nbsp;\u00ab&nbsp;vide de contenus&nbsp;\u00bb, en&nbsp;\u00ab&nbsp;r\u00e9v\u00e8le et [en] exprime plus par voie symbolique que par l\u2019usage de la raison instrumentale, et, dans l\u2019acte de foi, elle accentue davantage le <em>credere in Deum<\/em> que le <em>credere Deum<\/em>&nbsp;\u00bb (124). Ce point de vue a-t-il des implications concr\u00e8tes&nbsp;? Le statut de la th\u00e9ologie semble \u00e9galement en cause&nbsp;: est-elle une expression l\u00e9gitime, et autoris\u00e9e \u00e0 un titre particulier, du <em>sensus fidelium<\/em> (Cf. document de la CTI, nos 81-84)&nbsp;?<\/p>\n<p>3. Ces questions ont par ailleurs d\u2019importantes cons\u00e9quences institutionnelles. Le magist\u00e8re romain semble avoir marqu\u00e9 des r\u00e9ticences par rapport \u00e0 des proc\u00e9dures donnant sans discrimination la parole au peuple de Dieu. Les \u00e9v\u00eaques des USA, en ayant r\u00e9dig\u00e9 deux lettres pastorales importantes sur la paix et sur l\u2019\u00e9conomie (1983 et 1986), avaient d\u2019abord proc\u00e9d\u00e9 \u00e0 de nombreuses consultations. Une telle proc\u00e9dure fut consid\u00e9r\u00e9e comme une des causes du document romain <em>Apostolos suos<\/em> (1998), interpr\u00e9tant de fa\u00e7on restrictive l\u2019autorit\u00e9 magist\u00e9rielle des conf\u00e9rences \u00e9piscopales. Rappelons aussi l\u2019instruction de 1997 sur les synodes dioc\u00e9sains interdisant de mettre \u00e0 l\u2019ordre du jour des questions ne concordant pas avec la doctrine catholique, ou relevant de la discipline, c\u2019est-\u00e0-dire de la seule autorit\u00e9 eccl\u00e9siale. Par contre, il semble que l\u2019encyclique <em>Laudato si\u2019<\/em> ait \u00e9t\u00e9 pr\u00e9c\u00e9d\u00e9e d\u2019une consultation. De m\u00eame, les consultations de l\u2019ensemble du peuple de Dieu avant les synodes sur la famille de 2014 et 2015, d\u00e9notent une volont\u00e9 de prendre en compte non seulement l\u2019opinion, mais les convictions fond\u00e9es des catholiques sur ce qui rel\u00e8ve de leurs responsabilit\u00e9s. De son c\u00f4t\u00e9, le pape Fran\u00e7ois \u00e9voque&nbsp;\u00ab&nbsp;le dialogue entre les personnes, les \u00e9v\u00eaques et le pape&nbsp;\u00bb qui seul peut permettre l\u2019action n\u00e9cessaire de l\u2019Esprit Saint. Le jeu de la parole en \u00c9glise&nbsp;\u2013 quoi qu\u2019il en soit du&nbsp;\u00ab&nbsp;dernier mot&nbsp;\u00bb&nbsp;\u2013 s\u2019av\u00e8re essentiel (Cf. document de la CTI, nos124-126)&nbsp;: est-il favoris\u00e9&nbsp;?<\/p>\n<hr>\n<p>Pour aider le lecteur \u00e0 se retrouver dans ce vaste chantier, le pr\u00e9sent num\u00e9ro offre trois \u00e9tudes. La premi\u00e8re, due \u00e0 Joseph Famer\u00e9e de l\u2019Universit\u00e9 catholique de Louvain, porte sur l\u2019\u00e9mergence et l\u2019histoire de la notion (et de ses d\u00e9clinaisons&nbsp;: <em>sensus fidei<\/em>, <em>sensus fidelium<\/em>, etc.), sur son traitement \u00e0 Vatican II. Elle est prolong\u00e9e par la prise en compte de la r\u00e9ception du Concile, jusqu\u2019au document de la Commission th\u00e9ologique internationale de 2014, mentionn\u00e9 plus haut. L\u2019article aborde en particulier la distinction (souvent pol\u00e9mique) entre <em>sensus fidelium<\/em> et opinion publique, ainsi que les relations entre <em>sensus fidelium<\/em> et magist\u00e8re et la fonction propre des th\u00e9ologiens. Sur la base de cette magistrale synth\u00e8se documentaire et historique, un deuxi\u00e8me article, compos\u00e9 par Jean-Fran\u00e7ois Chiron de l\u2019Universit\u00e9 catholique de Lyon&nbsp;\u2013 que je remercie d\u2019avoir collabor\u00e9 \u00e0 l\u2019\u00e9laboration de ce num\u00e9ro&nbsp;\u2013, envisage l\u2019actualit\u00e9 de la question&nbsp;: des textes du pape Fran\u00e7ois, de son discours eccl\u00e9siologique et de ses gestes et d\u00e9marches, se d\u00e9gage-t-il une prise en compte et une th\u00e9ologie sp\u00e9cifique du <em>sensus fidei fidelium<\/em>&nbsp;? Quelles sont les proc\u00e9dures institutionnelles qui (\u00e0 t\u00e2tons&nbsp;!) se mettent en place pour honorer davantage ce&nbsp;\u00ab&nbsp;sens qui est celui du peuple tout entier&nbsp;\u00bb (<em>LG<\/em>, 12) afin de le rendre op\u00e9ratoire&nbsp;? Quelles r\u00e9sistances s\u2019y opposent-elles&nbsp;? Quelle diversit\u00e9 dans les fa\u00e7ons de vivre le catholicisme se manifeste-t-elle dans une \u00c9glise d\u00e9sormais per\u00e7ue comme&nbsp;\u00ab&nbsp;poly\u00e8dre&nbsp;\u00bb&nbsp;?<\/p>\n<p>Selon cette deuxi\u00e8me \u00e9tude comme la pr\u00e9c\u00e9dente, le <em>sensus fidei fidelium <\/em>semble bien se situer dans l\u2019\u00ab&nbsp;architecture&nbsp;\u00bb relationnelle, toute en tensions, de la tradition chr\u00e9tienne. D\u00fb au signataire de cet \u00e9ditorial, un dernier article de ce num\u00e9ro tente donc d\u2019identifier la fonction pr\u00e9cise de ce&nbsp;\u00ab&nbsp;sens&nbsp;\u00bb au sein d\u2019un ensemble plus vaste&nbsp;: quelles sont les mutations historiques qu\u2019il y a subies, et quelles sont les potentialit\u00e9s d\u2019avenir qu\u2019il contient en ce moment historique qui est le n\u00f4tre&nbsp;? Dans une telle situation, voire de non \u00e9vidence de la proposition chr\u00e9tienne, il semble d\u00e9cisif que la tradition chr\u00e9tienne puisse compter sur cette&nbsp;\u00ab&nbsp;boussole&nbsp;\u00bb interne qui lui permet de se maintenir vivante. Souhaitons en conclusion qu\u2019une intelligence approfondie de la fiabilit\u00e9 du <em>sensus fidei fidelium<\/em> aide nos \u00c9glises dans le nouveau processus de r\u00e9ception, engag\u00e9 par l\u2019Exhortation <em>Amoris laetitia<\/em> qui, cinquante ans apr\u00e8s Vatican II, cl\u00f4ture le processus synodal de 2014 et de 2015.<\/p>\n","protected":false},"excerpt":{"rendered":"<p>Sens de la foi, sens des fid\u00e8les D\u00e9licat sujet que ce th\u00e8me du&nbsp;\u00ab&nbsp;sens de la foi&nbsp;\u00bb des fid\u00e8les (sensus fidei fidelium), aussi traditionnel soit-il dans l\u2019\u00c9glise&nbsp;! \u00c9voqu\u00e9 \u00e0 Vatican II (cf. notamment Lumen gentium, 12), il a fait en 2014 l\u2019objet d\u2019un document de la Commission th\u00e9ologique internationale (CTI). Plus r\u00e9cemment, dans le contexte des deux synodes sur la famille (en 2014 et 2015), l\u2019exhortation apostolique Evangelii gaudium (EG) du pape Fran\u00e7ois, invitait \u00e0 reprendre \u00e0 frais nouveaux un tel sujet. Pareille invitation soul\u00e8ve un certain nombre de questions th\u00e9ologiques de fond, qui ne sont pas sans incidences sur la fa\u00e7on dont se con\u00e7oit la vie en \u00c9glise. Il y a tout d\u2019abord le recours souvent fait \u00e0 ce&nbsp;\u00ab&nbsp;sens de la foi&nbsp;\u00bb des fid\u00e8les dans un contexte apolog\u00e9tique&nbsp;: soit pour justifier une position th\u00e9ologique d\u00e9j\u00e0 fix\u00e9e dans l\u2019\u00c9glise, soit, au contraire, pour soutenir une \u00e9volution sinon doctrinale ou tout au moins pastorale, notamment dans le champ \u00e9thique. Dans les deux<a class=\"read-more\" href=\"https:\/\/dev.centtreize.com\/rsr\/edito\/editorial-1041\/\"><\/a><\/p>\n","protected":false},"author":2,"featured_media":2616,"comment_status":"closed","ping_status":"closed","sticky":false,"template":"","format":"standard","meta":{"_acf_changed":false,"footnotes":""},"categories":[8],"tags":[270],"keywords":[],"class_list":["post-10749","post","type-post","status-publish","format-standard","has-post-thumbnail","hentry","category-edito","tag-certeau"],"acf":[],"yoast_head":"<!-- This site is optimized with the Yoast SEO plugin v27.2 - https:\/\/yoast.com\/product\/yoast-seo-wordpress\/ -->\n<title>\u00c9ditorial (104\/2) - Recherches de Science Religieuse<\/title>\n<meta name=\"robots\" content=\"index, follow, max-snippet:-1, max-image-preview:large, max-video-preview:-1\" \/>\n<link rel=\"canonical\" href=\"https:\/\/dev.centtreize.com\/rsr\/edito\/editorial-1041\/\" \/>\n<meta property=\"og:locale\" content=\"fr_FR\" \/>\n<meta property=\"og:type\" content=\"article\" \/>\n<meta property=\"og:title\" content=\"\u00c9ditorial (104\/2) - Recherches de Science Religieuse\" \/>\n<meta property=\"og:description\" content=\"Sens de la foi, sens des fid\u00e8les D\u00e9licat sujet que ce th\u00e8me du&nbsp;\u00ab&nbsp;sens de la foi&nbsp;\u00bb des fid\u00e8les (sensus fidei fidelium), aussi traditionnel soit-il dans l\u2019\u00c9glise&nbsp;! \u00c9voqu\u00e9 \u00e0 Vatican II (cf. notamment Lumen gentium, 12), il a fait en 2014 l\u2019objet d\u2019un document de la Commission th\u00e9ologique internationale (CTI). Plus r\u00e9cemment, dans le contexte des deux synodes sur la famille (en 2014 et 2015), l\u2019exhortation apostolique Evangelii gaudium (EG) du pape Fran\u00e7ois, invitait \u00e0 reprendre \u00e0 frais nouveaux un tel sujet. Pareille invitation soul\u00e8ve un certain nombre de questions th\u00e9ologiques de fond, qui ne sont pas sans incidences sur la fa\u00e7on dont se con\u00e7oit la vie en \u00c9glise. Il y a tout d\u2019abord le recours souvent fait \u00e0 ce&nbsp;\u00ab&nbsp;sens de la foi&nbsp;\u00bb des fid\u00e8les dans un contexte apolog\u00e9tique&nbsp;: soit pour justifier une position th\u00e9ologique d\u00e9j\u00e0 fix\u00e9e dans l\u2019\u00c9glise, soit, au contraire, pour soutenir une \u00e9volution sinon doctrinale ou tout au moins pastorale, notamment dans le champ \u00e9thique. Dans les deux\" \/>\n<meta property=\"og:url\" content=\"https:\/\/dev.centtreize.com\/rsr\/edito\/editorial-1041\/\" \/>\n<meta property=\"og:site_name\" content=\"Recherches de Science Religieuse\" \/>\n<meta property=\"article:published_time\" content=\"2016-03-10T13:25:51+00:00\" \/>\n<meta property=\"article:modified_time\" content=\"2025-01-29T17:57:24+00:00\" \/>\n<meta property=\"og:image\" content=\"https:\/\/dev.centtreize.com\/rsr\/wp-content\/uploads\/2014\/03\/Chr.Theobald-e1578919578481.jpg\" \/>\n\t<meta property=\"og:image:width\" content=\"1022\" \/>\n\t<meta property=\"og:image:height\" content=\"1250\" \/>\n\t<meta property=\"og:image:type\" content=\"image\/jpeg\" \/>\n<meta name=\"author\" content=\"H\u00e9l\u00e8ne\" \/>\n<meta name=\"twitter:card\" content=\"summary_large_image\" \/>\n<meta name=\"twitter:label1\" content=\"\u00c9crit par\" \/>\n\t<meta name=\"twitter:data1\" content=\"H\u00e9l\u00e8ne\" \/>\n\t<meta name=\"twitter:label2\" content=\"Dur\u00e9e de lecture estim\u00e9e\" \/>\n\t<meta name=\"twitter:data2\" content=\"7 minutes\" \/>\n<script type=\"application\/ld+json\" class=\"yoast-schema-graph\">{\"@context\":\"https:\/\/schema.org\",\"@graph\":[{\"@type\":\"Article\",\"@id\":\"https:\/\/dev.centtreize.com\/rsr\/edito\/editorial-1041\/#article\",\"isPartOf\":{\"@id\":\"https:\/\/dev.centtreize.com\/rsr\/edito\/editorial-1041\/\"},\"author\":{\"name\":\"H\u00e9l\u00e8ne\",\"@id\":\"https:\/\/dev.centtreize.com\/rsr\/#\/schema\/person\/eb039ce63dcbc3fec0a6b81e43e29ad3\"},\"headline\":\"\u00c9ditorial (104\/2)\",\"datePublished\":\"2016-03-10T13:25:51+00:00\",\"dateModified\":\"2025-01-29T17:57:24+00:00\",\"mainEntityOfPage\":{\"@id\":\"https:\/\/dev.centtreize.com\/rsr\/edito\/editorial-1041\/\"},\"wordCount\":1495,\"publisher\":{\"@id\":\"https:\/\/dev.centtreize.com\/rsr\/#organization\"},\"image\":{\"@id\":\"https:\/\/dev.centtreize.com\/rsr\/edito\/editorial-1041\/#primaryimage\"},\"thumbnailUrl\":\"https:\/\/dev.centtreize.com\/rsr\/wp-content\/uploads\/2014\/03\/Chr.Theobald-e1578919578481.jpg\",\"keywords\":[\"Certeau\"],\"articleSection\":[\"edito\"],\"inLanguage\":\"fr-FR\"},{\"@type\":\"WebPage\",\"@id\":\"https:\/\/dev.centtreize.com\/rsr\/edito\/editorial-1041\/\",\"url\":\"https:\/\/dev.centtreize.com\/rsr\/edito\/editorial-1041\/\",\"name\":\"\u00c9ditorial (104\/2) - Recherches de Science Religieuse\",\"isPartOf\":{\"@id\":\"https:\/\/dev.centtreize.com\/rsr\/#website\"},\"primaryImageOfPage\":{\"@id\":\"https:\/\/dev.centtreize.com\/rsr\/edito\/editorial-1041\/#primaryimage\"},\"image\":{\"@id\":\"https:\/\/dev.centtreize.com\/rsr\/edito\/editorial-1041\/#primaryimage\"},\"thumbnailUrl\":\"https:\/\/dev.centtreize.com\/rsr\/wp-content\/uploads\/2014\/03\/Chr.Theobald-e1578919578481.jpg\",\"datePublished\":\"2016-03-10T13:25:51+00:00\",\"dateModified\":\"2025-01-29T17:57:24+00:00\",\"breadcrumb\":{\"@id\":\"https:\/\/dev.centtreize.com\/rsr\/edito\/editorial-1041\/#breadcrumb\"},\"inLanguage\":\"fr-FR\",\"potentialAction\":[{\"@type\":\"ReadAction\",\"target\":[\"https:\/\/dev.centtreize.com\/rsr\/edito\/editorial-1041\/\"]}]},{\"@type\":\"ImageObject\",\"inLanguage\":\"fr-FR\",\"@id\":\"https:\/\/dev.centtreize.com\/rsr\/edito\/editorial-1041\/#primaryimage\",\"url\":\"https:\/\/dev.centtreize.com\/rsr\/wp-content\/uploads\/2014\/03\/Chr.Theobald-e1578919578481.jpg\",\"contentUrl\":\"https:\/\/dev.centtreize.com\/rsr\/wp-content\/uploads\/2014\/03\/Chr.Theobald-e1578919578481.jpg\",\"width\":1022,\"height\":1250},{\"@type\":\"BreadcrumbList\",\"@id\":\"https:\/\/dev.centtreize.com\/rsr\/edito\/editorial-1041\/#breadcrumb\",\"itemListElement\":[{\"@type\":\"ListItem\",\"position\":1,\"name\":\"Accueil\",\"item\":\"https:\/\/dev.centtreize.com\/rsr\/\"},{\"@type\":\"ListItem\",\"position\":2,\"name\":\"\u00c9ditorial (104\/2)\"}]},{\"@type\":\"WebSite\",\"@id\":\"https:\/\/dev.centtreize.com\/rsr\/#website\",\"url\":\"https:\/\/dev.centtreize.com\/rsr\/\",\"name\":\"Recherches de Science Religieuse\",\"description\":\"Recherches de Science Religieuse\",\"publisher\":{\"@id\":\"https:\/\/dev.centtreize.com\/rsr\/#organization\"},\"potentialAction\":[{\"@type\":\"SearchAction\",\"target\":{\"@type\":\"EntryPoint\",\"urlTemplate\":\"https:\/\/dev.centtreize.com\/rsr\/?s={search_term_string}\"},\"query-input\":{\"@type\":\"PropertyValueSpecification\",\"valueRequired\":true,\"valueName\":\"search_term_string\"}}],\"inLanguage\":\"fr-FR\"},{\"@type\":\"Organization\",\"@id\":\"https:\/\/dev.centtreize.com\/rsr\/#organization\",\"name\":\"Recherches de Science Religieuse\",\"url\":\"https:\/\/dev.centtreize.com\/rsr\/\",\"logo\":{\"@type\":\"ImageObject\",\"inLanguage\":\"fr-FR\",\"@id\":\"https:\/\/dev.centtreize.com\/rsr\/#\/schema\/logo\/image\/\",\"url\":\"https:\/\/dev.centtreize.com\/rsr\/wp-content\/uploads\/2024\/10\/logo_rsr.png\",\"contentUrl\":\"https:\/\/dev.centtreize.com\/rsr\/wp-content\/uploads\/2024\/10\/logo_rsr.png\",\"width\":300,\"height\":225,\"caption\":\"Recherches de Science Religieuse\"},\"image\":{\"@id\":\"https:\/\/dev.centtreize.com\/rsr\/#\/schema\/logo\/image\/\"}},{\"@type\":\"Person\",\"@id\":\"https:\/\/dev.centtreize.com\/rsr\/#\/schema\/person\/eb039ce63dcbc3fec0a6b81e43e29ad3\",\"name\":\"H\u00e9l\u00e8ne\",\"url\":\"https:\/\/dev.centtreize.com\/rsr\/author\/rsr\/\"}]}<\/script>\n<!-- \/ Yoast SEO plugin. -->","yoast_head_json":{"title":"\u00c9ditorial (104\/2) - Recherches de Science Religieuse","robots":{"index":"index","follow":"follow","max-snippet":"max-snippet:-1","max-image-preview":"max-image-preview:large","max-video-preview":"max-video-preview:-1"},"canonical":"https:\/\/dev.centtreize.com\/rsr\/edito\/editorial-1041\/","og_locale":"fr_FR","og_type":"article","og_title":"\u00c9ditorial (104\/2) - Recherches de Science Religieuse","og_description":"Sens de la foi, sens des fid\u00e8les D\u00e9licat sujet que ce th\u00e8me du&nbsp;\u00ab&nbsp;sens de la foi&nbsp;\u00bb des fid\u00e8les (sensus fidei fidelium), aussi traditionnel soit-il dans l\u2019\u00c9glise&nbsp;! \u00c9voqu\u00e9 \u00e0 Vatican II (cf. notamment Lumen gentium, 12), il a fait en 2014 l\u2019objet d\u2019un document de la Commission th\u00e9ologique internationale (CTI). Plus r\u00e9cemment, dans le contexte des deux synodes sur la famille (en 2014 et 2015), l\u2019exhortation apostolique Evangelii gaudium (EG) du pape Fran\u00e7ois, invitait \u00e0 reprendre \u00e0 frais nouveaux un tel sujet. Pareille invitation soul\u00e8ve un certain nombre de questions th\u00e9ologiques de fond, qui ne sont pas sans incidences sur la fa\u00e7on dont se con\u00e7oit la vie en \u00c9glise. Il y a tout d\u2019abord le recours souvent fait \u00e0 ce&nbsp;\u00ab&nbsp;sens de la foi&nbsp;\u00bb des fid\u00e8les dans un contexte apolog\u00e9tique&nbsp;: soit pour justifier une position th\u00e9ologique d\u00e9j\u00e0 fix\u00e9e dans l\u2019\u00c9glise, soit, au contraire, pour soutenir une \u00e9volution sinon doctrinale ou tout au moins pastorale, notamment dans le champ \u00e9thique. Dans les deux","og_url":"https:\/\/dev.centtreize.com\/rsr\/edito\/editorial-1041\/","og_site_name":"Recherches de Science Religieuse","article_published_time":"2016-03-10T13:25:51+00:00","article_modified_time":"2025-01-29T17:57:24+00:00","og_image":[{"width":1022,"height":1250,"url":"https:\/\/dev.centtreize.com\/rsr\/wp-content\/uploads\/2014\/03\/Chr.Theobald-e1578919578481.jpg","type":"image\/jpeg"}],"author":"H\u00e9l\u00e8ne","twitter_card":"summary_large_image","twitter_misc":{"\u00c9crit par":"H\u00e9l\u00e8ne","Dur\u00e9e de lecture estim\u00e9e":"7 minutes"},"schema":{"@context":"https:\/\/schema.org","@graph":[{"@type":"Article","@id":"https:\/\/dev.centtreize.com\/rsr\/edito\/editorial-1041\/#article","isPartOf":{"@id":"https:\/\/dev.centtreize.com\/rsr\/edito\/editorial-1041\/"},"author":{"name":"H\u00e9l\u00e8ne","@id":"https:\/\/dev.centtreize.com\/rsr\/#\/schema\/person\/eb039ce63dcbc3fec0a6b81e43e29ad3"},"headline":"\u00c9ditorial (104\/2)","datePublished":"2016-03-10T13:25:51+00:00","dateModified":"2025-01-29T17:57:24+00:00","mainEntityOfPage":{"@id":"https:\/\/dev.centtreize.com\/rsr\/edito\/editorial-1041\/"},"wordCount":1495,"publisher":{"@id":"https:\/\/dev.centtreize.com\/rsr\/#organization"},"image":{"@id":"https:\/\/dev.centtreize.com\/rsr\/edito\/editorial-1041\/#primaryimage"},"thumbnailUrl":"https:\/\/dev.centtreize.com\/rsr\/wp-content\/uploads\/2014\/03\/Chr.Theobald-e1578919578481.jpg","keywords":["Certeau"],"articleSection":["edito"],"inLanguage":"fr-FR"},{"@type":"WebPage","@id":"https:\/\/dev.centtreize.com\/rsr\/edito\/editorial-1041\/","url":"https:\/\/dev.centtreize.com\/rsr\/edito\/editorial-1041\/","name":"\u00c9ditorial (104\/2) - Recherches de Science Religieuse","isPartOf":{"@id":"https:\/\/dev.centtreize.com\/rsr\/#website"},"primaryImageOfPage":{"@id":"https:\/\/dev.centtreize.com\/rsr\/edito\/editorial-1041\/#primaryimage"},"image":{"@id":"https:\/\/dev.centtreize.com\/rsr\/edito\/editorial-1041\/#primaryimage"},"thumbnailUrl":"https:\/\/dev.centtreize.com\/rsr\/wp-content\/uploads\/2014\/03\/Chr.Theobald-e1578919578481.jpg","datePublished":"2016-03-10T13:25:51+00:00","dateModified":"2025-01-29T17:57:24+00:00","breadcrumb":{"@id":"https:\/\/dev.centtreize.com\/rsr\/edito\/editorial-1041\/#breadcrumb"},"inLanguage":"fr-FR","potentialAction":[{"@type":"ReadAction","target":["https:\/\/dev.centtreize.com\/rsr\/edito\/editorial-1041\/"]}]},{"@type":"ImageObject","inLanguage":"fr-FR","@id":"https:\/\/dev.centtreize.com\/rsr\/edito\/editorial-1041\/#primaryimage","url":"https:\/\/dev.centtreize.com\/rsr\/wp-content\/uploads\/2014\/03\/Chr.Theobald-e1578919578481.jpg","contentUrl":"https:\/\/dev.centtreize.com\/rsr\/wp-content\/uploads\/2014\/03\/Chr.Theobald-e1578919578481.jpg","width":1022,"height":1250},{"@type":"BreadcrumbList","@id":"https:\/\/dev.centtreize.com\/rsr\/edito\/editorial-1041\/#breadcrumb","itemListElement":[{"@type":"ListItem","position":1,"name":"Accueil","item":"https:\/\/dev.centtreize.com\/rsr\/"},{"@type":"ListItem","position":2,"name":"\u00c9ditorial (104\/2)"}]},{"@type":"WebSite","@id":"https:\/\/dev.centtreize.com\/rsr\/#website","url":"https:\/\/dev.centtreize.com\/rsr\/","name":"Recherches de Science Religieuse","description":"Recherches de Science Religieuse","publisher":{"@id":"https:\/\/dev.centtreize.com\/rsr\/#organization"},"potentialAction":[{"@type":"SearchAction","target":{"@type":"EntryPoint","urlTemplate":"https:\/\/dev.centtreize.com\/rsr\/?s={search_term_string}"},"query-input":{"@type":"PropertyValueSpecification","valueRequired":true,"valueName":"search_term_string"}}],"inLanguage":"fr-FR"},{"@type":"Organization","@id":"https:\/\/dev.centtreize.com\/rsr\/#organization","name":"Recherches de Science Religieuse","url":"https:\/\/dev.centtreize.com\/rsr\/","logo":{"@type":"ImageObject","inLanguage":"fr-FR","@id":"https:\/\/dev.centtreize.com\/rsr\/#\/schema\/logo\/image\/","url":"https:\/\/dev.centtreize.com\/rsr\/wp-content\/uploads\/2024\/10\/logo_rsr.png","contentUrl":"https:\/\/dev.centtreize.com\/rsr\/wp-content\/uploads\/2024\/10\/logo_rsr.png","width":300,"height":225,"caption":"Recherches de Science Religieuse"},"image":{"@id":"https:\/\/dev.centtreize.com\/rsr\/#\/schema\/logo\/image\/"}},{"@type":"Person","@id":"https:\/\/dev.centtreize.com\/rsr\/#\/schema\/person\/eb039ce63dcbc3fec0a6b81e43e29ad3","name":"H\u00e9l\u00e8ne","url":"https:\/\/dev.centtreize.com\/rsr\/author\/rsr\/"}]}},"_links":{"self":[{"href":"https:\/\/dev.centtreize.com\/rsr\/wp-json\/wp\/v2\/posts\/10749","targetHints":{"allow":["GET"]}}],"collection":[{"href":"https:\/\/dev.centtreize.com\/rsr\/wp-json\/wp\/v2\/posts"}],"about":[{"href":"https:\/\/dev.centtreize.com\/rsr\/wp-json\/wp\/v2\/types\/post"}],"author":[{"embeddable":true,"href":"https:\/\/dev.centtreize.com\/rsr\/wp-json\/wp\/v2\/users\/2"}],"replies":[{"embeddable":true,"href":"https:\/\/dev.centtreize.com\/rsr\/wp-json\/wp\/v2\/comments?post=10749"}],"version-history":[{"count":13,"href":"https:\/\/dev.centtreize.com\/rsr\/wp-json\/wp\/v2\/posts\/10749\/revisions"}],"predecessor-version":[{"id":17040,"href":"https:\/\/dev.centtreize.com\/rsr\/wp-json\/wp\/v2\/posts\/10749\/revisions\/17040"}],"wp:featuredmedia":[{"embeddable":true,"href":"https:\/\/dev.centtreize.com\/rsr\/wp-json\/wp\/v2\/media\/2616"}],"wp:attachment":[{"href":"https:\/\/dev.centtreize.com\/rsr\/wp-json\/wp\/v2\/media?parent=10749"}],"wp:term":[{"taxonomy":"category","embeddable":true,"href":"https:\/\/dev.centtreize.com\/rsr\/wp-json\/wp\/v2\/categories?post=10749"},{"taxonomy":"post_tag","embeddable":true,"href":"https:\/\/dev.centtreize.com\/rsr\/wp-json\/wp\/v2\/tags?post=10749"},{"taxonomy":"keywords","embeddable":true,"href":"https:\/\/dev.centtreize.com\/rsr\/wp-json\/wp\/v2\/keywords?post=10749"}],"curies":[{"name":"wp","href":"https:\/\/api.w.org\/{rel}","templated":true}]}}