{"id":10689,"date":"2015-12-15T14:05:08","date_gmt":"2015-12-15T13:05:08","guid":{"rendered":"http:\/\/www.revue-rsr.com\/?p=10689"},"modified":"2025-06-13T07:56:06","modified_gmt":"2025-06-13T06:56:06","slug":"these-doctrinale-et-hypothese-pastorale-essai-sur-la-dialectique-historique-du-catholicisme-a-lepoque-contemporaine","status":"publish","type":"post","link":"https:\/\/dev.centtreize.com\/rsr\/article\/these-doctrinale-et-hypothese-pastorale-essai-sur-la-dialectique-historique-du-catholicisme-a-lepoque-contemporaine\/","title":{"rendered":"\u00ab\u00a0Th\u00e8se\u00a0\u00bb doctrinale et \u00ab\u00a0hypoth\u00e8se\u00a0\u00bb pastorale. Essai sur la dialectique historique du catholicisme \u00e0 l&rsquo;\u00e9poque contemporaine"},"content":{"rendered":"<p>\u00c0 l\u2019occasion de la tenue \u00e0 Rome du synode sur la famille, la question du changement doctrinal et pastoral dans l\u2019\u00c9glise est ramen\u00e9e sur le devant de la sc\u00e8ne religieuse et politique. L\u2019historien du catholicisme peut relever par exemple, la quasi disparition de certains probl\u00e8mes, la norme demeurant intacte en th\u00e9orie. \u00c0 travers cet article, on voit ainsi s\u2019esquisser les grandes lignes d\u2019une sorte de sch\u00e9ma global d\u2019adaptation catholique \u00e0 la modernit\u00e9 fond\u00e9 sur l\u2019observation compar\u00e9e d\u2019un certain nombre de dossiers. Entre&nbsp;\u00ab&nbsp;th\u00e8se&nbsp;\u00bb et&nbsp;\u00ab&nbsp;hypoth\u00e8se&nbsp;\u00bb , la dialectique historique du catholicisme a tendance, depuis la fin du XVIIIe si\u00e8cle, a \u00e9voluer entre&nbsp;\u00ab&nbsp;acclimatation forc\u00e9e&nbsp;\u00bb et&nbsp;\u00ab&nbsp;adaptation d\u00e9lib\u00e9r\u00e9e&nbsp;\u00bb.<\/p>\n","protected":false},"excerpt":{"rendered":"<p>\u00c0 l\u2019occasion de la tenue \u00e0 Rome du synode sur la famille, la question du changement doctrinal et pastoral dans l\u2019\u00c9glise est ramen\u00e9e sur le devant de la sc\u00e8ne religieuse et politique. L\u2019historien du catholicisme peut relever par exemple, la quasi disparition de certains probl\u00e8mes, la norme demeurant intacte en th\u00e9orie. \u00c0 travers cet article, on voit ainsi s\u2019esquisser les grandes lignes d\u2019une sorte de sch\u00e9ma global d\u2019adaptation catholique \u00e0 la modernit\u00e9 fond\u00e9 sur l\u2019observation compar\u00e9e d\u2019un certain nombre de dossiers. Entre&nbsp;\u00ab&nbsp;th\u00e8se&nbsp;\u00bb et&nbsp;\u00ab&nbsp;hypoth\u00e8se&nbsp;\u00bb , la dialectique historique du catholicisme a tendance, depuis la fin du XVIIIe si\u00e8cle, a \u00e9voluer entre&nbsp;\u00ab&nbsp;acclimatation forc\u00e9e&nbsp;\u00bb et&nbsp;\u00ab&nbsp;adaptation d\u00e9lib\u00e9r\u00e9e&nbsp;\u00bb.<\/p>\n","protected":false},"author":2,"featured_media":0,"comment_status":"closed","ping_status":"closed","sticky":false,"template":"","format":"standard","meta":{"_acf_changed":false,"footnotes":""},"categories":[6],"tags":[263,264,260,258,262,261,257,259],"keywords":[1232,1137],"class_list":["post-10689","post","type-post","status-publish","format-standard","hentry","category-article","tag-acclimatation-forcee","tag-adaptation-deliberee","tag-dialectique-historique","tag-hypothese-pastorale","tag-norme","tag-synode-sur-la-famille","tag-these","tag-these-doctrinale","keywords-dogme-developpement-histoire","keywords-eglise"],"acf":[],"yoast_head":"<!-- This site is optimized with the Yoast SEO plugin v27.2 - https:\/\/yoast.com\/product\/yoast-seo-wordpress\/ -->\n<title>&quot;Th\u00e8se&quot; doctrinale et &quot;hypoth\u00e8se&quot; pastorale. Essai sur la dialectique historique du catholicisme \u00e0 l&#039;\u00e9poque contemporaine - Recherches de Science Religieuse<\/title>\n<meta name=\"robots\" content=\"index, follow, max-snippet:-1, max-image-preview:large, max-video-preview:-1\" \/>\n<link rel=\"canonical\" href=\"https:\/\/dev.centtreize.com\/rsr\/article\/these-doctrinale-et-hypothese-pastorale-essai-sur-la-dialectique-historique-du-catholicisme-a-lepoque-contemporaine\/\" \/>\n<meta property=\"og:locale\" content=\"fr_FR\" \/>\n<meta property=\"og:type\" content=\"article\" \/>\n<meta property=\"og:title\" content=\"&quot;Th\u00e8se&quot; doctrinale et &quot;hypoth\u00e8se&quot; pastorale. Essai sur la dialectique historique du catholicisme \u00e0 l&#039;\u00e9poque contemporaine - Recherches de Science Religieuse\" \/>\n<meta property=\"og:description\" content=\"\u00c0 l\u2019occasion de la tenue \u00e0 Rome du synode sur la famille, la question du changement doctrinal et pastoral dans l\u2019\u00c9glise est ramen\u00e9e sur le devant de la sc\u00e8ne religieuse et politique. L\u2019historien du catholicisme peut relever par exemple, la quasi disparition de certains probl\u00e8mes, la norme demeurant intacte en th\u00e9orie. \u00c0 travers cet article, on voit ainsi s\u2019esquisser les grandes lignes d\u2019une sorte de sch\u00e9ma global d\u2019adaptation catholique \u00e0 la modernit\u00e9 fond\u00e9 sur l\u2019observation compar\u00e9e d\u2019un certain nombre de dossiers. Entre&nbsp;\u00ab&nbsp;th\u00e8se&nbsp;\u00bb et&nbsp;\u00ab&nbsp;hypoth\u00e8se&nbsp;\u00bb , la dialectique historique du catholicisme a tendance, depuis la fin du XVIIIe si\u00e8cle, a \u00e9voluer entre&nbsp;\u00ab&nbsp;acclimatation forc\u00e9e&nbsp;\u00bb et&nbsp;\u00ab&nbsp;adaptation d\u00e9lib\u00e9r\u00e9e&nbsp;\u00bb.\" \/>\n<meta property=\"og:url\" content=\"https:\/\/dev.centtreize.com\/rsr\/article\/these-doctrinale-et-hypothese-pastorale-essai-sur-la-dialectique-historique-du-catholicisme-a-lepoque-contemporaine\/\" \/>\n<meta property=\"og:site_name\" content=\"Recherches de Science Religieuse\" \/>\n<meta property=\"article:published_time\" content=\"2015-12-15T13:05:08+00:00\" \/>\n<meta property=\"article:modified_time\" content=\"2025-06-13T06:56:06+00:00\" \/>\n<meta name=\"author\" content=\"H\u00e9l\u00e8ne\" \/>\n<meta name=\"twitter:card\" content=\"summary_large_image\" \/>\n<meta name=\"twitter:label1\" content=\"\u00c9crit par\" \/>\n\t<meta name=\"twitter:data1\" content=\"H\u00e9l\u00e8ne\" \/>\n\t<meta name=\"twitter:label2\" content=\"Dur\u00e9e de lecture estim\u00e9e\" \/>\n\t<meta name=\"twitter:data2\" content=\"1 minute\" \/>\n<script type=\"application\/ld+json\" class=\"yoast-schema-graph\">{\"@context\":\"https:\/\/schema.org\",\"@graph\":[{\"@type\":\"Article\",\"@id\":\"https:\/\/dev.centtreize.com\/rsr\/article\/these-doctrinale-et-hypothese-pastorale-essai-sur-la-dialectique-historique-du-catholicisme-a-lepoque-contemporaine\/#article\",\"isPartOf\":{\"@id\":\"https:\/\/dev.centtreize.com\/rsr\/article\/these-doctrinale-et-hypothese-pastorale-essai-sur-la-dialectique-historique-du-catholicisme-a-lepoque-contemporaine\/\"},\"author\":{\"name\":\"H\u00e9l\u00e8ne\",\"@id\":\"https:\/\/dev.centtreize.com\/rsr\/#\/schema\/person\/eb039ce63dcbc3fec0a6b81e43e29ad3\"},\"headline\":\"\u00ab\u00a0Th\u00e8se\u00a0\u00bb doctrinale et \u00ab\u00a0hypoth\u00e8se\u00a0\u00bb pastorale. Essai sur la dialectique historique du catholicisme \u00e0 l&rsquo;\u00e9poque contemporaine\",\"datePublished\":\"2015-12-15T13:05:08+00:00\",\"dateModified\":\"2025-06-13T06:56:06+00:00\",\"mainEntityOfPage\":{\"@id\":\"https:\/\/dev.centtreize.com\/rsr\/article\/these-doctrinale-et-hypothese-pastorale-essai-sur-la-dialectique-historique-du-catholicisme-a-lepoque-contemporaine\/\"},\"wordCount\":140,\"publisher\":{\"@id\":\"https:\/\/dev.centtreize.com\/rsr\/#organization\"},\"keywords\":[\"acclimatation forc\u00e9e\",\"adaptation d\u00e9lib\u00e9r\u00e9e\",\"dialectique historique\",\"hypoth\u00e8se pastorale\",\"norme\",\"synode sur la famille\",\"th\u00e8se\",\"th\u00e8se doctrinale\"],\"articleSection\":[\"article\"],\"inLanguage\":\"fr-FR\"},{\"@type\":\"WebPage\",\"@id\":\"https:\/\/dev.centtreize.com\/rsr\/article\/these-doctrinale-et-hypothese-pastorale-essai-sur-la-dialectique-historique-du-catholicisme-a-lepoque-contemporaine\/\",\"url\":\"https:\/\/dev.centtreize.com\/rsr\/article\/these-doctrinale-et-hypothese-pastorale-essai-sur-la-dialectique-historique-du-catholicisme-a-lepoque-contemporaine\/\",\"name\":\"\\\"Th\u00e8se\\\" doctrinale et \\\"hypoth\u00e8se\\\" pastorale. Essai sur la dialectique historique du catholicisme \u00e0 l'\u00e9poque contemporaine - Recherches de Science Religieuse\",\"isPartOf\":{\"@id\":\"https:\/\/dev.centtreize.com\/rsr\/#website\"},\"datePublished\":\"2015-12-15T13:05:08+00:00\",\"dateModified\":\"2025-06-13T06:56:06+00:00\",\"breadcrumb\":{\"@id\":\"https:\/\/dev.centtreize.com\/rsr\/article\/these-doctrinale-et-hypothese-pastorale-essai-sur-la-dialectique-historique-du-catholicisme-a-lepoque-contemporaine\/#breadcrumb\"},\"inLanguage\":\"fr-FR\",\"potentialAction\":[{\"@type\":\"ReadAction\",\"target\":[\"https:\/\/dev.centtreize.com\/rsr\/article\/these-doctrinale-et-hypothese-pastorale-essai-sur-la-dialectique-historique-du-catholicisme-a-lepoque-contemporaine\/\"]}]},{\"@type\":\"BreadcrumbList\",\"@id\":\"https:\/\/dev.centtreize.com\/rsr\/article\/these-doctrinale-et-hypothese-pastorale-essai-sur-la-dialectique-historique-du-catholicisme-a-lepoque-contemporaine\/#breadcrumb\",\"itemListElement\":[{\"@type\":\"ListItem\",\"position\":1,\"name\":\"Accueil\",\"item\":\"https:\/\/dev.centtreize.com\/rsr\/\"},{\"@type\":\"ListItem\",\"position\":2,\"name\":\"\u00ab\u00a0Th\u00e8se\u00a0\u00bb doctrinale et \u00ab\u00a0hypoth\u00e8se\u00a0\u00bb pastorale. Essai sur la dialectique historique du catholicisme \u00e0 l&rsquo;\u00e9poque contemporaine\"}]},{\"@type\":\"WebSite\",\"@id\":\"https:\/\/dev.centtreize.com\/rsr\/#website\",\"url\":\"https:\/\/dev.centtreize.com\/rsr\/\",\"name\":\"Recherches de Science Religieuse\",\"description\":\"Recherches de Science Religieuse\",\"publisher\":{\"@id\":\"https:\/\/dev.centtreize.com\/rsr\/#organization\"},\"potentialAction\":[{\"@type\":\"SearchAction\",\"target\":{\"@type\":\"EntryPoint\",\"urlTemplate\":\"https:\/\/dev.centtreize.com\/rsr\/?s={search_term_string}\"},\"query-input\":{\"@type\":\"PropertyValueSpecification\",\"valueRequired\":true,\"valueName\":\"search_term_string\"}}],\"inLanguage\":\"fr-FR\"},{\"@type\":\"Organization\",\"@id\":\"https:\/\/dev.centtreize.com\/rsr\/#organization\",\"name\":\"Recherches de Science Religieuse\",\"url\":\"https:\/\/dev.centtreize.com\/rsr\/\",\"logo\":{\"@type\":\"ImageObject\",\"inLanguage\":\"fr-FR\",\"@id\":\"https:\/\/dev.centtreize.com\/rsr\/#\/schema\/logo\/image\/\",\"url\":\"https:\/\/dev.centtreize.com\/rsr\/wp-content\/uploads\/2024\/10\/logo_rsr.png\",\"contentUrl\":\"https:\/\/dev.centtreize.com\/rsr\/wp-content\/uploads\/2024\/10\/logo_rsr.png\",\"width\":300,\"height\":225,\"caption\":\"Recherches de Science Religieuse\"},\"image\":{\"@id\":\"https:\/\/dev.centtreize.com\/rsr\/#\/schema\/logo\/image\/\"}},{\"@type\":\"Person\",\"@id\":\"https:\/\/dev.centtreize.com\/rsr\/#\/schema\/person\/eb039ce63dcbc3fec0a6b81e43e29ad3\",\"name\":\"H\u00e9l\u00e8ne\",\"url\":\"https:\/\/dev.centtreize.com\/rsr\/author\/rsr\/\"}]}<\/script>\n<!-- \/ Yoast SEO plugin. -->","yoast_head_json":{"title":"\"Th\u00e8se\" doctrinale et \"hypoth\u00e8se\" pastorale. Essai sur la dialectique historique du catholicisme \u00e0 l'\u00e9poque contemporaine - Recherches de Science Religieuse","robots":{"index":"index","follow":"follow","max-snippet":"max-snippet:-1","max-image-preview":"max-image-preview:large","max-video-preview":"max-video-preview:-1"},"canonical":"https:\/\/dev.centtreize.com\/rsr\/article\/these-doctrinale-et-hypothese-pastorale-essai-sur-la-dialectique-historique-du-catholicisme-a-lepoque-contemporaine\/","og_locale":"fr_FR","og_type":"article","og_title":"\"Th\u00e8se\" doctrinale et \"hypoth\u00e8se\" pastorale. Essai sur la dialectique historique du catholicisme \u00e0 l'\u00e9poque contemporaine - Recherches de Science Religieuse","og_description":"\u00c0 l\u2019occasion de la tenue \u00e0 Rome du synode sur la famille, la question du changement doctrinal et pastoral dans l\u2019\u00c9glise est ramen\u00e9e sur le devant de la sc\u00e8ne religieuse et politique. L\u2019historien du catholicisme peut relever par exemple, la quasi disparition de certains probl\u00e8mes, la norme demeurant intacte en th\u00e9orie. \u00c0 travers cet article, on voit ainsi s\u2019esquisser les grandes lignes d\u2019une sorte de sch\u00e9ma global d\u2019adaptation catholique \u00e0 la modernit\u00e9 fond\u00e9 sur l\u2019observation compar\u00e9e d\u2019un certain nombre de dossiers. Entre&nbsp;\u00ab&nbsp;th\u00e8se&nbsp;\u00bb et&nbsp;\u00ab&nbsp;hypoth\u00e8se&nbsp;\u00bb , la dialectique historique du catholicisme a tendance, depuis la fin du XVIIIe si\u00e8cle, a \u00e9voluer entre&nbsp;\u00ab&nbsp;acclimatation forc\u00e9e&nbsp;\u00bb et&nbsp;\u00ab&nbsp;adaptation d\u00e9lib\u00e9r\u00e9e&nbsp;\u00bb.","og_url":"https:\/\/dev.centtreize.com\/rsr\/article\/these-doctrinale-et-hypothese-pastorale-essai-sur-la-dialectique-historique-du-catholicisme-a-lepoque-contemporaine\/","og_site_name":"Recherches de Science Religieuse","article_published_time":"2015-12-15T13:05:08+00:00","article_modified_time":"2025-06-13T06:56:06+00:00","author":"H\u00e9l\u00e8ne","twitter_card":"summary_large_image","twitter_misc":{"\u00c9crit par":"H\u00e9l\u00e8ne","Dur\u00e9e de lecture estim\u00e9e":"1 minute"},"schema":{"@context":"https:\/\/schema.org","@graph":[{"@type":"Article","@id":"https:\/\/dev.centtreize.com\/rsr\/article\/these-doctrinale-et-hypothese-pastorale-essai-sur-la-dialectique-historique-du-catholicisme-a-lepoque-contemporaine\/#article","isPartOf":{"@id":"https:\/\/dev.centtreize.com\/rsr\/article\/these-doctrinale-et-hypothese-pastorale-essai-sur-la-dialectique-historique-du-catholicisme-a-lepoque-contemporaine\/"},"author":{"name":"H\u00e9l\u00e8ne","@id":"https:\/\/dev.centtreize.com\/rsr\/#\/schema\/person\/eb039ce63dcbc3fec0a6b81e43e29ad3"},"headline":"\u00ab\u00a0Th\u00e8se\u00a0\u00bb doctrinale et \u00ab\u00a0hypoth\u00e8se\u00a0\u00bb pastorale. Essai sur la dialectique historique du catholicisme \u00e0 l&rsquo;\u00e9poque contemporaine","datePublished":"2015-12-15T13:05:08+00:00","dateModified":"2025-06-13T06:56:06+00:00","mainEntityOfPage":{"@id":"https:\/\/dev.centtreize.com\/rsr\/article\/these-doctrinale-et-hypothese-pastorale-essai-sur-la-dialectique-historique-du-catholicisme-a-lepoque-contemporaine\/"},"wordCount":140,"publisher":{"@id":"https:\/\/dev.centtreize.com\/rsr\/#organization"},"keywords":["acclimatation forc\u00e9e","adaptation d\u00e9lib\u00e9r\u00e9e","dialectique historique","hypoth\u00e8se pastorale","norme","synode sur la famille","th\u00e8se","th\u00e8se doctrinale"],"articleSection":["article"],"inLanguage":"fr-FR"},{"@type":"WebPage","@id":"https:\/\/dev.centtreize.com\/rsr\/article\/these-doctrinale-et-hypothese-pastorale-essai-sur-la-dialectique-historique-du-catholicisme-a-lepoque-contemporaine\/","url":"https:\/\/dev.centtreize.com\/rsr\/article\/these-doctrinale-et-hypothese-pastorale-essai-sur-la-dialectique-historique-du-catholicisme-a-lepoque-contemporaine\/","name":"\"Th\u00e8se\" doctrinale et \"hypoth\u00e8se\" pastorale. Essai sur la dialectique historique du catholicisme \u00e0 l'\u00e9poque contemporaine - Recherches de Science Religieuse","isPartOf":{"@id":"https:\/\/dev.centtreize.com\/rsr\/#website"},"datePublished":"2015-12-15T13:05:08+00:00","dateModified":"2025-06-13T06:56:06+00:00","breadcrumb":{"@id":"https:\/\/dev.centtreize.com\/rsr\/article\/these-doctrinale-et-hypothese-pastorale-essai-sur-la-dialectique-historique-du-catholicisme-a-lepoque-contemporaine\/#breadcrumb"},"inLanguage":"fr-FR","potentialAction":[{"@type":"ReadAction","target":["https:\/\/dev.centtreize.com\/rsr\/article\/these-doctrinale-et-hypothese-pastorale-essai-sur-la-dialectique-historique-du-catholicisme-a-lepoque-contemporaine\/"]}]},{"@type":"BreadcrumbList","@id":"https:\/\/dev.centtreize.com\/rsr\/article\/these-doctrinale-et-hypothese-pastorale-essai-sur-la-dialectique-historique-du-catholicisme-a-lepoque-contemporaine\/#breadcrumb","itemListElement":[{"@type":"ListItem","position":1,"name":"Accueil","item":"https:\/\/dev.centtreize.com\/rsr\/"},{"@type":"ListItem","position":2,"name":"\u00ab\u00a0Th\u00e8se\u00a0\u00bb doctrinale et \u00ab\u00a0hypoth\u00e8se\u00a0\u00bb pastorale. Essai sur la dialectique historique du catholicisme \u00e0 l&rsquo;\u00e9poque contemporaine"}]},{"@type":"WebSite","@id":"https:\/\/dev.centtreize.com\/rsr\/#website","url":"https:\/\/dev.centtreize.com\/rsr\/","name":"Recherches de Science Religieuse","description":"Recherches de Science Religieuse","publisher":{"@id":"https:\/\/dev.centtreize.com\/rsr\/#organization"},"potentialAction":[{"@type":"SearchAction","target":{"@type":"EntryPoint","urlTemplate":"https:\/\/dev.centtreize.com\/rsr\/?s={search_term_string}"},"query-input":{"@type":"PropertyValueSpecification","valueRequired":true,"valueName":"search_term_string"}}],"inLanguage":"fr-FR"},{"@type":"Organization","@id":"https:\/\/dev.centtreize.com\/rsr\/#organization","name":"Recherches de Science Religieuse","url":"https:\/\/dev.centtreize.com\/rsr\/","logo":{"@type":"ImageObject","inLanguage":"fr-FR","@id":"https:\/\/dev.centtreize.com\/rsr\/#\/schema\/logo\/image\/","url":"https:\/\/dev.centtreize.com\/rsr\/wp-content\/uploads\/2024\/10\/logo_rsr.png","contentUrl":"https:\/\/dev.centtreize.com\/rsr\/wp-content\/uploads\/2024\/10\/logo_rsr.png","width":300,"height":225,"caption":"Recherches de Science Religieuse"},"image":{"@id":"https:\/\/dev.centtreize.com\/rsr\/#\/schema\/logo\/image\/"}},{"@type":"Person","@id":"https:\/\/dev.centtreize.com\/rsr\/#\/schema\/person\/eb039ce63dcbc3fec0a6b81e43e29ad3","name":"H\u00e9l\u00e8ne","url":"https:\/\/dev.centtreize.com\/rsr\/author\/rsr\/"}]}},"_links":{"self":[{"href":"https:\/\/dev.centtreize.com\/rsr\/wp-json\/wp\/v2\/posts\/10689","targetHints":{"allow":["GET"]}}],"collection":[{"href":"https:\/\/dev.centtreize.com\/rsr\/wp-json\/wp\/v2\/posts"}],"about":[{"href":"https:\/\/dev.centtreize.com\/rsr\/wp-json\/wp\/v2\/types\/post"}],"author":[{"embeddable":true,"href":"https:\/\/dev.centtreize.com\/rsr\/wp-json\/wp\/v2\/users\/2"}],"replies":[{"embeddable":true,"href":"https:\/\/dev.centtreize.com\/rsr\/wp-json\/wp\/v2\/comments?post=10689"}],"version-history":[{"count":10,"href":"https:\/\/dev.centtreize.com\/rsr\/wp-json\/wp\/v2\/posts\/10689\/revisions"}],"predecessor-version":[{"id":17538,"href":"https:\/\/dev.centtreize.com\/rsr\/wp-json\/wp\/v2\/posts\/10689\/revisions\/17538"}],"wp:attachment":[{"href":"https:\/\/dev.centtreize.com\/rsr\/wp-json\/wp\/v2\/media?parent=10689"}],"wp:term":[{"taxonomy":"category","embeddable":true,"href":"https:\/\/dev.centtreize.com\/rsr\/wp-json\/wp\/v2\/categories?post=10689"},{"taxonomy":"post_tag","embeddable":true,"href":"https:\/\/dev.centtreize.com\/rsr\/wp-json\/wp\/v2\/tags?post=10689"},{"taxonomy":"keywords","embeddable":true,"href":"https:\/\/dev.centtreize.com\/rsr\/wp-json\/wp\/v2\/keywords?post=10689"}],"curies":[{"name":"wp","href":"https:\/\/api.w.org\/{rel}","templated":true}]}}