{"id":10687,"date":"2015-12-15T13:57:46","date_gmt":"2015-12-15T12:57:46","guid":{"rendered":"http:\/\/www.revue-rsr.com\/?p=10687"},"modified":"2025-06-13T07:35:53","modified_gmt":"2025-06-13T06:35:53","slug":"lajournement-de-la-fin-la-temporalite-de-la-verite-dans-lapologiticus-et-le-de-prescriptione-haeriticorum-de-tertullien","status":"publish","type":"post","link":"https:\/\/dev.centtreize.com\/rsr\/article\/lajournement-de-la-fin-la-temporalite-de-la-verite-dans-lapologiticus-et-le-de-prescriptione-haeriticorum-de-tertullien\/","title":{"rendered":"L&rsquo;ajournement de la fin. La temporalit\u00e9 de la v\u00e9rit\u00e9 dans l&rsquo;Apologiticus et le De prescriptione haeriticorum de Tertullien"},"content":{"rendered":"<p>\u00c0 quelle r\u00e9alit\u00e9 saint Paul fait-il r\u00e9f\u00e9rence dans le passage de la seconde \u00e9p\u00eetre aux Thessaloniciens (2 Th 3, 6-7) lorsqu\u2019il parle d\u2019un pouvoir r\u00e9tentif (to kathekon)&nbsp;? L\u2019article vise, non pas la dimension politique de ce pouvoir, mais les deux aspects impliqu\u00e9s par le passage de la seconde lettre aux Thessaloniciens&nbsp;: celui de l\u2019apostasie et celui du r\u00f4le du temps. En op\u00e9rant un rapprochement entre l\u2019Apologeticus et le De prescriptione haereticorum de Tertullien, ainsi que l\u2019interpr\u00e9tation newmanienne du d\u00e9veloppement, l\u2019auteur montre comment le concept de kathekon commande directement la question de la temporalit\u00e9 de la v\u00e9rit\u00e9 dans la facticit\u00e9 de la vie et du savoir dans le christianisme.<\/p>\n","protected":false},"excerpt":{"rendered":"<p>\u00c0 quelle r\u00e9alit\u00e9 saint Paul fait-il r\u00e9f\u00e9rence dans le passage de la seconde \u00e9p\u00eetre aux Thessaloniciens (2 Th 3, 6-7) lorsqu\u2019il parle d\u2019un pouvoir r\u00e9tentif (to kathekon)&nbsp;? L\u2019article vise, non pas la dimension politique de ce pouvoir, mais les deux aspects impliqu\u00e9s par le passage de la seconde lettre aux Thessaloniciens&nbsp;: celui de l\u2019apostasie et celui du r\u00f4le du temps. En op\u00e9rant un rapprochement entre l\u2019Apologeticus et le De prescriptione haereticorum de Tertullien, ainsi que l\u2019interpr\u00e9tation newmanienne du d\u00e9veloppement, l\u2019auteur montre comment le concept de kathekon commande directement la question de la temporalit\u00e9 de la v\u00e9rit\u00e9 dans la facticit\u00e9 de la vie et du savoir dans le christianisme.<\/p>\n","protected":false},"author":2,"featured_media":0,"comment_status":"closed","ping_status":"closed","sticky":false,"template":"","format":"standard","meta":{"_acf_changed":false,"footnotes":""},"categories":[6],"tags":[250,253,252,254,251,256,21,110,255,249],"keywords":[1148,1208,1207],"class_list":["post-10687","post","type-post","status-publish","format-standard","hentry","category-article","tag-2de-epitre","tag-apologeticus","tag-apostasie","tag-de-prescriptione-haereticorum","tag-kathekon","tag-newman","tag-saint-paul","tag-temporalite","tag-tertullien","tag-thessaloniciens","keywords-temps-temporalite","keywords-tertullien","keywords-verite"],"acf":[],"yoast_head":"<!-- This site is optimized with the Yoast SEO plugin v27.2 - https:\/\/yoast.com\/product\/yoast-seo-wordpress\/ -->\n<title>L&#039;ajournement de la fin. La temporalit\u00e9 de la v\u00e9rit\u00e9 dans l&#039;Apologiticus et le De prescriptione haeriticorum de Tertullien - Recherches de Science Religieuse<\/title>\n<meta name=\"robots\" content=\"index, follow, max-snippet:-1, max-image-preview:large, max-video-preview:-1\" \/>\n<link rel=\"canonical\" href=\"https:\/\/dev.centtreize.com\/rsr\/article\/lajournement-de-la-fin-la-temporalite-de-la-verite-dans-lapologiticus-et-le-de-prescriptione-haeriticorum-de-tertullien\/\" \/>\n<meta property=\"og:locale\" content=\"fr_FR\" \/>\n<meta property=\"og:type\" content=\"article\" \/>\n<meta property=\"og:title\" content=\"L&#039;ajournement de la fin. La temporalit\u00e9 de la v\u00e9rit\u00e9 dans l&#039;Apologiticus et le De prescriptione haeriticorum de Tertullien - Recherches de Science Religieuse\" \/>\n<meta property=\"og:description\" content=\"\u00c0 quelle r\u00e9alit\u00e9 saint Paul fait-il r\u00e9f\u00e9rence dans le passage de la seconde \u00e9p\u00eetre aux Thessaloniciens (2 Th 3, 6-7) lorsqu\u2019il parle d\u2019un pouvoir r\u00e9tentif (to kathekon)&nbsp;? L\u2019article vise, non pas la dimension politique de ce pouvoir, mais les deux aspects impliqu\u00e9s par le passage de la seconde lettre aux Thessaloniciens&nbsp;: celui de l\u2019apostasie et celui du r\u00f4le du temps. En op\u00e9rant un rapprochement entre l\u2019Apologeticus et le De prescriptione haereticorum de Tertullien, ainsi que l\u2019interpr\u00e9tation newmanienne du d\u00e9veloppement, l\u2019auteur montre comment le concept de kathekon commande directement la question de la temporalit\u00e9 de la v\u00e9rit\u00e9 dans la facticit\u00e9 de la vie et du savoir dans le christianisme.\" \/>\n<meta property=\"og:url\" content=\"https:\/\/dev.centtreize.com\/rsr\/article\/lajournement-de-la-fin-la-temporalite-de-la-verite-dans-lapologiticus-et-le-de-prescriptione-haeriticorum-de-tertullien\/\" \/>\n<meta property=\"og:site_name\" content=\"Recherches de Science Religieuse\" \/>\n<meta property=\"article:published_time\" content=\"2015-12-15T12:57:46+00:00\" \/>\n<meta property=\"article:modified_time\" content=\"2025-06-13T06:35:53+00:00\" \/>\n<meta name=\"author\" content=\"H\u00e9l\u00e8ne\" \/>\n<meta name=\"twitter:card\" content=\"summary_large_image\" \/>\n<meta name=\"twitter:label1\" content=\"\u00c9crit par\" \/>\n\t<meta name=\"twitter:data1\" content=\"H\u00e9l\u00e8ne\" \/>\n\t<meta name=\"twitter:label2\" content=\"Dur\u00e9e de lecture estim\u00e9e\" \/>\n\t<meta name=\"twitter:data2\" content=\"1 minute\" \/>\n<script type=\"application\/ld+json\" class=\"yoast-schema-graph\">{\"@context\":\"https:\/\/schema.org\",\"@graph\":[{\"@type\":\"Article\",\"@id\":\"https:\/\/dev.centtreize.com\/rsr\/article\/lajournement-de-la-fin-la-temporalite-de-la-verite-dans-lapologiticus-et-le-de-prescriptione-haeriticorum-de-tertullien\/#article\",\"isPartOf\":{\"@id\":\"https:\/\/dev.centtreize.com\/rsr\/article\/lajournement-de-la-fin-la-temporalite-de-la-verite-dans-lapologiticus-et-le-de-prescriptione-haeriticorum-de-tertullien\/\"},\"author\":{\"name\":\"H\u00e9l\u00e8ne\",\"@id\":\"https:\/\/dev.centtreize.com\/rsr\/#\/schema\/person\/eb039ce63dcbc3fec0a6b81e43e29ad3\"},\"headline\":\"L&rsquo;ajournement de la fin. La temporalit\u00e9 de la v\u00e9rit\u00e9 dans l&rsquo;Apologiticus et le De prescriptione haeriticorum de Tertullien\",\"datePublished\":\"2015-12-15T12:57:46+00:00\",\"dateModified\":\"2025-06-13T06:35:53+00:00\",\"mainEntityOfPage\":{\"@id\":\"https:\/\/dev.centtreize.com\/rsr\/article\/lajournement-de-la-fin-la-temporalite-de-la-verite-dans-lapologiticus-et-le-de-prescriptione-haeriticorum-de-tertullien\/\"},\"wordCount\":144,\"publisher\":{\"@id\":\"https:\/\/dev.centtreize.com\/rsr\/#organization\"},\"keywords\":[\"2de \u00e9pitre\",\"apologeticus\",\"apostasie\",\"de prescriptione haereticorum\",\"kathekon\",\"newman\",\"Saint-Paul\",\"temporalit\u00e9\",\"tertullien\",\"thessaloniciens\"],\"articleSection\":[\"article\"],\"inLanguage\":\"fr-FR\"},{\"@type\":\"WebPage\",\"@id\":\"https:\/\/dev.centtreize.com\/rsr\/article\/lajournement-de-la-fin-la-temporalite-de-la-verite-dans-lapologiticus-et-le-de-prescriptione-haeriticorum-de-tertullien\/\",\"url\":\"https:\/\/dev.centtreize.com\/rsr\/article\/lajournement-de-la-fin-la-temporalite-de-la-verite-dans-lapologiticus-et-le-de-prescriptione-haeriticorum-de-tertullien\/\",\"name\":\"L'ajournement de la fin. La temporalit\u00e9 de la v\u00e9rit\u00e9 dans l'Apologiticus et le De prescriptione haeriticorum de Tertullien - Recherches de Science Religieuse\",\"isPartOf\":{\"@id\":\"https:\/\/dev.centtreize.com\/rsr\/#website\"},\"datePublished\":\"2015-12-15T12:57:46+00:00\",\"dateModified\":\"2025-06-13T06:35:53+00:00\",\"breadcrumb\":{\"@id\":\"https:\/\/dev.centtreize.com\/rsr\/article\/lajournement-de-la-fin-la-temporalite-de-la-verite-dans-lapologiticus-et-le-de-prescriptione-haeriticorum-de-tertullien\/#breadcrumb\"},\"inLanguage\":\"fr-FR\",\"potentialAction\":[{\"@type\":\"ReadAction\",\"target\":[\"https:\/\/dev.centtreize.com\/rsr\/article\/lajournement-de-la-fin-la-temporalite-de-la-verite-dans-lapologiticus-et-le-de-prescriptione-haeriticorum-de-tertullien\/\"]}]},{\"@type\":\"BreadcrumbList\",\"@id\":\"https:\/\/dev.centtreize.com\/rsr\/article\/lajournement-de-la-fin-la-temporalite-de-la-verite-dans-lapologiticus-et-le-de-prescriptione-haeriticorum-de-tertullien\/#breadcrumb\",\"itemListElement\":[{\"@type\":\"ListItem\",\"position\":1,\"name\":\"Accueil\",\"item\":\"https:\/\/dev.centtreize.com\/rsr\/\"},{\"@type\":\"ListItem\",\"position\":2,\"name\":\"L&rsquo;ajournement de la fin. La temporalit\u00e9 de la v\u00e9rit\u00e9 dans l&rsquo;Apologiticus et le De prescriptione haeriticorum de Tertullien\"}]},{\"@type\":\"WebSite\",\"@id\":\"https:\/\/dev.centtreize.com\/rsr\/#website\",\"url\":\"https:\/\/dev.centtreize.com\/rsr\/\",\"name\":\"Recherches de Science Religieuse\",\"description\":\"Recherches de Science Religieuse\",\"publisher\":{\"@id\":\"https:\/\/dev.centtreize.com\/rsr\/#organization\"},\"potentialAction\":[{\"@type\":\"SearchAction\",\"target\":{\"@type\":\"EntryPoint\",\"urlTemplate\":\"https:\/\/dev.centtreize.com\/rsr\/?s={search_term_string}\"},\"query-input\":{\"@type\":\"PropertyValueSpecification\",\"valueRequired\":true,\"valueName\":\"search_term_string\"}}],\"inLanguage\":\"fr-FR\"},{\"@type\":\"Organization\",\"@id\":\"https:\/\/dev.centtreize.com\/rsr\/#organization\",\"name\":\"Recherches de Science Religieuse\",\"url\":\"https:\/\/dev.centtreize.com\/rsr\/\",\"logo\":{\"@type\":\"ImageObject\",\"inLanguage\":\"fr-FR\",\"@id\":\"https:\/\/dev.centtreize.com\/rsr\/#\/schema\/logo\/image\/\",\"url\":\"https:\/\/dev.centtreize.com\/rsr\/wp-content\/uploads\/2024\/10\/logo_rsr.png\",\"contentUrl\":\"https:\/\/dev.centtreize.com\/rsr\/wp-content\/uploads\/2024\/10\/logo_rsr.png\",\"width\":300,\"height\":225,\"caption\":\"Recherches de Science Religieuse\"},\"image\":{\"@id\":\"https:\/\/dev.centtreize.com\/rsr\/#\/schema\/logo\/image\/\"}},{\"@type\":\"Person\",\"@id\":\"https:\/\/dev.centtreize.com\/rsr\/#\/schema\/person\/eb039ce63dcbc3fec0a6b81e43e29ad3\",\"name\":\"H\u00e9l\u00e8ne\",\"url\":\"https:\/\/dev.centtreize.com\/rsr\/author\/rsr\/\"}]}<\/script>\n<!-- \/ Yoast SEO plugin. -->","yoast_head_json":{"title":"L'ajournement de la fin. La temporalit\u00e9 de la v\u00e9rit\u00e9 dans l'Apologiticus et le De prescriptione haeriticorum de Tertullien - Recherches de Science Religieuse","robots":{"index":"index","follow":"follow","max-snippet":"max-snippet:-1","max-image-preview":"max-image-preview:large","max-video-preview":"max-video-preview:-1"},"canonical":"https:\/\/dev.centtreize.com\/rsr\/article\/lajournement-de-la-fin-la-temporalite-de-la-verite-dans-lapologiticus-et-le-de-prescriptione-haeriticorum-de-tertullien\/","og_locale":"fr_FR","og_type":"article","og_title":"L'ajournement de la fin. La temporalit\u00e9 de la v\u00e9rit\u00e9 dans l'Apologiticus et le De prescriptione haeriticorum de Tertullien - Recherches de Science Religieuse","og_description":"\u00c0 quelle r\u00e9alit\u00e9 saint Paul fait-il r\u00e9f\u00e9rence dans le passage de la seconde \u00e9p\u00eetre aux Thessaloniciens (2 Th 3, 6-7) lorsqu\u2019il parle d\u2019un pouvoir r\u00e9tentif (to kathekon)&nbsp;? L\u2019article vise, non pas la dimension politique de ce pouvoir, mais les deux aspects impliqu\u00e9s par le passage de la seconde lettre aux Thessaloniciens&nbsp;: celui de l\u2019apostasie et celui du r\u00f4le du temps. En op\u00e9rant un rapprochement entre l\u2019Apologeticus et le De prescriptione haereticorum de Tertullien, ainsi que l\u2019interpr\u00e9tation newmanienne du d\u00e9veloppement, l\u2019auteur montre comment le concept de kathekon commande directement la question de la temporalit\u00e9 de la v\u00e9rit\u00e9 dans la facticit\u00e9 de la vie et du savoir dans le christianisme.","og_url":"https:\/\/dev.centtreize.com\/rsr\/article\/lajournement-de-la-fin-la-temporalite-de-la-verite-dans-lapologiticus-et-le-de-prescriptione-haeriticorum-de-tertullien\/","og_site_name":"Recherches de Science Religieuse","article_published_time":"2015-12-15T12:57:46+00:00","article_modified_time":"2025-06-13T06:35:53+00:00","author":"H\u00e9l\u00e8ne","twitter_card":"summary_large_image","twitter_misc":{"\u00c9crit par":"H\u00e9l\u00e8ne","Dur\u00e9e de lecture estim\u00e9e":"1 minute"},"schema":{"@context":"https:\/\/schema.org","@graph":[{"@type":"Article","@id":"https:\/\/dev.centtreize.com\/rsr\/article\/lajournement-de-la-fin-la-temporalite-de-la-verite-dans-lapologiticus-et-le-de-prescriptione-haeriticorum-de-tertullien\/#article","isPartOf":{"@id":"https:\/\/dev.centtreize.com\/rsr\/article\/lajournement-de-la-fin-la-temporalite-de-la-verite-dans-lapologiticus-et-le-de-prescriptione-haeriticorum-de-tertullien\/"},"author":{"name":"H\u00e9l\u00e8ne","@id":"https:\/\/dev.centtreize.com\/rsr\/#\/schema\/person\/eb039ce63dcbc3fec0a6b81e43e29ad3"},"headline":"L&rsquo;ajournement de la fin. La temporalit\u00e9 de la v\u00e9rit\u00e9 dans l&rsquo;Apologiticus et le De prescriptione haeriticorum de Tertullien","datePublished":"2015-12-15T12:57:46+00:00","dateModified":"2025-06-13T06:35:53+00:00","mainEntityOfPage":{"@id":"https:\/\/dev.centtreize.com\/rsr\/article\/lajournement-de-la-fin-la-temporalite-de-la-verite-dans-lapologiticus-et-le-de-prescriptione-haeriticorum-de-tertullien\/"},"wordCount":144,"publisher":{"@id":"https:\/\/dev.centtreize.com\/rsr\/#organization"},"keywords":["2de \u00e9pitre","apologeticus","apostasie","de prescriptione haereticorum","kathekon","newman","Saint-Paul","temporalit\u00e9","tertullien","thessaloniciens"],"articleSection":["article"],"inLanguage":"fr-FR"},{"@type":"WebPage","@id":"https:\/\/dev.centtreize.com\/rsr\/article\/lajournement-de-la-fin-la-temporalite-de-la-verite-dans-lapologiticus-et-le-de-prescriptione-haeriticorum-de-tertullien\/","url":"https:\/\/dev.centtreize.com\/rsr\/article\/lajournement-de-la-fin-la-temporalite-de-la-verite-dans-lapologiticus-et-le-de-prescriptione-haeriticorum-de-tertullien\/","name":"L'ajournement de la fin. La temporalit\u00e9 de la v\u00e9rit\u00e9 dans l'Apologiticus et le De prescriptione haeriticorum de Tertullien - Recherches de Science Religieuse","isPartOf":{"@id":"https:\/\/dev.centtreize.com\/rsr\/#website"},"datePublished":"2015-12-15T12:57:46+00:00","dateModified":"2025-06-13T06:35:53+00:00","breadcrumb":{"@id":"https:\/\/dev.centtreize.com\/rsr\/article\/lajournement-de-la-fin-la-temporalite-de-la-verite-dans-lapologiticus-et-le-de-prescriptione-haeriticorum-de-tertullien\/#breadcrumb"},"inLanguage":"fr-FR","potentialAction":[{"@type":"ReadAction","target":["https:\/\/dev.centtreize.com\/rsr\/article\/lajournement-de-la-fin-la-temporalite-de-la-verite-dans-lapologiticus-et-le-de-prescriptione-haeriticorum-de-tertullien\/"]}]},{"@type":"BreadcrumbList","@id":"https:\/\/dev.centtreize.com\/rsr\/article\/lajournement-de-la-fin-la-temporalite-de-la-verite-dans-lapologiticus-et-le-de-prescriptione-haeriticorum-de-tertullien\/#breadcrumb","itemListElement":[{"@type":"ListItem","position":1,"name":"Accueil","item":"https:\/\/dev.centtreize.com\/rsr\/"},{"@type":"ListItem","position":2,"name":"L&rsquo;ajournement de la fin. La temporalit\u00e9 de la v\u00e9rit\u00e9 dans l&rsquo;Apologiticus et le De prescriptione haeriticorum de Tertullien"}]},{"@type":"WebSite","@id":"https:\/\/dev.centtreize.com\/rsr\/#website","url":"https:\/\/dev.centtreize.com\/rsr\/","name":"Recherches de Science Religieuse","description":"Recherches de Science Religieuse","publisher":{"@id":"https:\/\/dev.centtreize.com\/rsr\/#organization"},"potentialAction":[{"@type":"SearchAction","target":{"@type":"EntryPoint","urlTemplate":"https:\/\/dev.centtreize.com\/rsr\/?s={search_term_string}"},"query-input":{"@type":"PropertyValueSpecification","valueRequired":true,"valueName":"search_term_string"}}],"inLanguage":"fr-FR"},{"@type":"Organization","@id":"https:\/\/dev.centtreize.com\/rsr\/#organization","name":"Recherches de Science Religieuse","url":"https:\/\/dev.centtreize.com\/rsr\/","logo":{"@type":"ImageObject","inLanguage":"fr-FR","@id":"https:\/\/dev.centtreize.com\/rsr\/#\/schema\/logo\/image\/","url":"https:\/\/dev.centtreize.com\/rsr\/wp-content\/uploads\/2024\/10\/logo_rsr.png","contentUrl":"https:\/\/dev.centtreize.com\/rsr\/wp-content\/uploads\/2024\/10\/logo_rsr.png","width":300,"height":225,"caption":"Recherches de Science Religieuse"},"image":{"@id":"https:\/\/dev.centtreize.com\/rsr\/#\/schema\/logo\/image\/"}},{"@type":"Person","@id":"https:\/\/dev.centtreize.com\/rsr\/#\/schema\/person\/eb039ce63dcbc3fec0a6b81e43e29ad3","name":"H\u00e9l\u00e8ne","url":"https:\/\/dev.centtreize.com\/rsr\/author\/rsr\/"}]}},"_links":{"self":[{"href":"https:\/\/dev.centtreize.com\/rsr\/wp-json\/wp\/v2\/posts\/10687","targetHints":{"allow":["GET"]}}],"collection":[{"href":"https:\/\/dev.centtreize.com\/rsr\/wp-json\/wp\/v2\/posts"}],"about":[{"href":"https:\/\/dev.centtreize.com\/rsr\/wp-json\/wp\/v2\/types\/post"}],"author":[{"embeddable":true,"href":"https:\/\/dev.centtreize.com\/rsr\/wp-json\/wp\/v2\/users\/2"}],"replies":[{"embeddable":true,"href":"https:\/\/dev.centtreize.com\/rsr\/wp-json\/wp\/v2\/comments?post=10687"}],"version-history":[{"count":7,"href":"https:\/\/dev.centtreize.com\/rsr\/wp-json\/wp\/v2\/posts\/10687\/revisions"}],"predecessor-version":[{"id":17537,"href":"https:\/\/dev.centtreize.com\/rsr\/wp-json\/wp\/v2\/posts\/10687\/revisions\/17537"}],"wp:attachment":[{"href":"https:\/\/dev.centtreize.com\/rsr\/wp-json\/wp\/v2\/media?parent=10687"}],"wp:term":[{"taxonomy":"category","embeddable":true,"href":"https:\/\/dev.centtreize.com\/rsr\/wp-json\/wp\/v2\/categories?post=10687"},{"taxonomy":"post_tag","embeddable":true,"href":"https:\/\/dev.centtreize.com\/rsr\/wp-json\/wp\/v2\/tags?post=10687"},{"taxonomy":"keywords","embeddable":true,"href":"https:\/\/dev.centtreize.com\/rsr\/wp-json\/wp\/v2\/keywords?post=10687"}],"curies":[{"name":"wp","href":"https:\/\/api.w.org\/{rel}","templated":true}]}}