{"id":10595,"date":"2015-09-15T17:11:04","date_gmt":"2015-09-15T16:11:04","guid":{"rendered":"http:\/\/www.revue-rsr.com\/?p=10595"},"modified":"2025-06-13T07:35:27","modified_gmt":"2025-06-13T06:35:27","slug":"le-dialogue-juifs-chretiens-et-la-question-de-la-terre-disrael","status":"publish","type":"post","link":"https:\/\/dev.centtreize.com\/rsr\/article\/le-dialogue-juifs-chretiens-et-la-question-de-la-terre-disrael\/","title":{"rendered":"Le dialogue juifs-chr\u00e9tiens et la question de la terre d\u2019Isra\u00ebl"},"content":{"rendered":"<p>Au coeur du dialogue avec les juifs qui s\u2019est d\u00e9velopp\u00e9 dans les cinquante ann\u00e9es qui ont suivi la publication de Nostra Aetate, la question d\u2019une revendication juive de la Terre d\u2019Isra\u00ebl est sans cesse revenue. Quelle est la position de l\u2019\u00c9glise envers cette revendication juive de la Terre \u00e0 la lumi\u00e8re de son interpr\u00e9tation dans la Bible ainsi que le d\u00e9veloppement d\u2019une tradition chr\u00e9tienne et la recherche constante de la justice et de la paix dans un monde bris\u00e9&nbsp;? Comment le dialogue entre juifs et catholiques dans une nouvelle aire de respect et de coop\u00e9ration s\u2019apparente-il avec le cri de justice des Palestiniens&nbsp;? Cet article retrace le d\u00e9veloppement de la pens\u00e9e de l\u2019\u00c9glise durant ces cinquante derni\u00e8res ann\u00e9es.<\/p>\n","protected":false},"excerpt":{"rendered":"<p>Au coeur du dialogue avec les juifs qui s\u2019est d\u00e9velopp\u00e9 dans les cinquante ann\u00e9es qui ont suivi la publication de Nostra Aetate, la question d\u2019une revendication juive de la Terre d\u2019Isra\u00ebl est sans cesse revenue. Quelle est la position de l\u2019\u00c9glise envers cette revendication juive de la Terre \u00e0 la lumi\u00e8re de son interpr\u00e9tation dans la Bible ainsi que le d\u00e9veloppement d\u2019une tradition chr\u00e9tienne et la recherche constante de la justice et de la paix dans un monde bris\u00e9&nbsp;? Comment le dialogue entre juifs et catholiques dans une nouvelle aire de respect et de coop\u00e9ration s\u2019apparente-il avec le cri de justice des Palestiniens&nbsp;? Cet article retrace le d\u00e9veloppement de la pens\u00e9e de l\u2019\u00c9glise durant ces cinquante derni\u00e8res ann\u00e9es.<\/p>\n","protected":false},"author":2,"featured_media":0,"comment_status":"closed","ping_status":"closed","sticky":false,"template":"","format":"standard","meta":{"_acf_changed":false,"footnotes":""},"categories":[6],"tags":[59,218,56,74,58,219],"keywords":[1174,1118],"class_list":["post-10595","post","type-post","status-publish","format-standard","hentry","category-article","tag-dialogue","tag-election","tag-israel","tag-judaisme","tag-nostra-aetate","tag-terre","keywords-israel","keywords-judaisme"],"acf":[],"yoast_head":"<!-- This site is optimized with the Yoast SEO plugin v27.2 - https:\/\/yoast.com\/product\/yoast-seo-wordpress\/ -->\n<title>Le dialogue juifs-chr\u00e9tiens et la question de la terre d\u2019Isra\u00ebl - Recherches de Science Religieuse<\/title>\n<meta name=\"robots\" content=\"index, follow, max-snippet:-1, max-image-preview:large, max-video-preview:-1\" \/>\n<link rel=\"canonical\" href=\"https:\/\/dev.centtreize.com\/rsr\/article\/le-dialogue-juifs-chretiens-et-la-question-de-la-terre-disrael\/\" \/>\n<meta property=\"og:locale\" content=\"fr_FR\" \/>\n<meta property=\"og:type\" content=\"article\" \/>\n<meta property=\"og:title\" content=\"Le dialogue juifs-chr\u00e9tiens et la question de la terre d\u2019Isra\u00ebl - Recherches de Science Religieuse\" \/>\n<meta property=\"og:description\" content=\"Au coeur du dialogue avec les juifs qui s\u2019est d\u00e9velopp\u00e9 dans les cinquante ann\u00e9es qui ont suivi la publication de Nostra Aetate, la question d\u2019une revendication juive de la Terre d\u2019Isra\u00ebl est sans cesse revenue. Quelle est la position de l\u2019\u00c9glise envers cette revendication juive de la Terre \u00e0 la lumi\u00e8re de son interpr\u00e9tation dans la Bible ainsi que le d\u00e9veloppement d\u2019une tradition chr\u00e9tienne et la recherche constante de la justice et de la paix dans un monde bris\u00e9&nbsp;? Comment le dialogue entre juifs et catholiques dans une nouvelle aire de respect et de coop\u00e9ration s\u2019apparente-il avec le cri de justice des Palestiniens&nbsp;? Cet article retrace le d\u00e9veloppement de la pens\u00e9e de l\u2019\u00c9glise durant ces cinquante derni\u00e8res ann\u00e9es.\" \/>\n<meta property=\"og:url\" content=\"https:\/\/dev.centtreize.com\/rsr\/article\/le-dialogue-juifs-chretiens-et-la-question-de-la-terre-disrael\/\" \/>\n<meta property=\"og:site_name\" content=\"Recherches de Science Religieuse\" \/>\n<meta property=\"article:published_time\" content=\"2015-09-15T16:11:04+00:00\" \/>\n<meta property=\"article:modified_time\" content=\"2025-06-13T06:35:27+00:00\" \/>\n<meta name=\"author\" content=\"H\u00e9l\u00e8ne\" \/>\n<meta name=\"twitter:card\" content=\"summary_large_image\" \/>\n<meta name=\"twitter:label1\" content=\"\u00c9crit par\" \/>\n\t<meta name=\"twitter:data1\" content=\"H\u00e9l\u00e8ne\" \/>\n\t<meta name=\"twitter:label2\" content=\"Dur\u00e9e de lecture estim\u00e9e\" \/>\n\t<meta name=\"twitter:data2\" content=\"1 minute\" \/>\n<script type=\"application\/ld+json\" class=\"yoast-schema-graph\">{\"@context\":\"https:\/\/schema.org\",\"@graph\":[{\"@type\":\"Article\",\"@id\":\"https:\/\/dev.centtreize.com\/rsr\/article\/le-dialogue-juifs-chretiens-et-la-question-de-la-terre-disrael\/#article\",\"isPartOf\":{\"@id\":\"https:\/\/dev.centtreize.com\/rsr\/article\/le-dialogue-juifs-chretiens-et-la-question-de-la-terre-disrael\/\"},\"author\":{\"name\":\"H\u00e9l\u00e8ne\",\"@id\":\"https:\/\/dev.centtreize.com\/rsr\/#\/schema\/person\/eb039ce63dcbc3fec0a6b81e43e29ad3\"},\"headline\":\"Le dialogue juifs-chr\u00e9tiens et la question de la terre d\u2019Isra\u00ebl\",\"datePublished\":\"2015-09-15T16:11:04+00:00\",\"dateModified\":\"2025-06-13T06:35:27+00:00\",\"mainEntityOfPage\":{\"@id\":\"https:\/\/dev.centtreize.com\/rsr\/article\/le-dialogue-juifs-chretiens-et-la-question-de-la-terre-disrael\/\"},\"wordCount\":149,\"publisher\":{\"@id\":\"https:\/\/dev.centtreize.com\/rsr\/#organization\"},\"keywords\":[\"dialogue\",\"\u00e9lection\",\"isra\u00ebl\",\"juda\u00efsme\",\"nostra aetate\",\"terre\"],\"articleSection\":[\"article\"],\"inLanguage\":\"fr-FR\"},{\"@type\":\"WebPage\",\"@id\":\"https:\/\/dev.centtreize.com\/rsr\/article\/le-dialogue-juifs-chretiens-et-la-question-de-la-terre-disrael\/\",\"url\":\"https:\/\/dev.centtreize.com\/rsr\/article\/le-dialogue-juifs-chretiens-et-la-question-de-la-terre-disrael\/\",\"name\":\"Le dialogue juifs-chr\u00e9tiens et la question de la terre d\u2019Isra\u00ebl - Recherches de Science Religieuse\",\"isPartOf\":{\"@id\":\"https:\/\/dev.centtreize.com\/rsr\/#website\"},\"datePublished\":\"2015-09-15T16:11:04+00:00\",\"dateModified\":\"2025-06-13T06:35:27+00:00\",\"breadcrumb\":{\"@id\":\"https:\/\/dev.centtreize.com\/rsr\/article\/le-dialogue-juifs-chretiens-et-la-question-de-la-terre-disrael\/#breadcrumb\"},\"inLanguage\":\"fr-FR\",\"potentialAction\":[{\"@type\":\"ReadAction\",\"target\":[\"https:\/\/dev.centtreize.com\/rsr\/article\/le-dialogue-juifs-chretiens-et-la-question-de-la-terre-disrael\/\"]}]},{\"@type\":\"BreadcrumbList\",\"@id\":\"https:\/\/dev.centtreize.com\/rsr\/article\/le-dialogue-juifs-chretiens-et-la-question-de-la-terre-disrael\/#breadcrumb\",\"itemListElement\":[{\"@type\":\"ListItem\",\"position\":1,\"name\":\"Accueil\",\"item\":\"https:\/\/dev.centtreize.com\/rsr\/\"},{\"@type\":\"ListItem\",\"position\":2,\"name\":\"Le dialogue juifs-chr\u00e9tiens et la question de la terre d\u2019Isra\u00ebl\"}]},{\"@type\":\"WebSite\",\"@id\":\"https:\/\/dev.centtreize.com\/rsr\/#website\",\"url\":\"https:\/\/dev.centtreize.com\/rsr\/\",\"name\":\"Recherches de Science Religieuse\",\"description\":\"Recherches de Science Religieuse\",\"publisher\":{\"@id\":\"https:\/\/dev.centtreize.com\/rsr\/#organization\"},\"potentialAction\":[{\"@type\":\"SearchAction\",\"target\":{\"@type\":\"EntryPoint\",\"urlTemplate\":\"https:\/\/dev.centtreize.com\/rsr\/?s={search_term_string}\"},\"query-input\":{\"@type\":\"PropertyValueSpecification\",\"valueRequired\":true,\"valueName\":\"search_term_string\"}}],\"inLanguage\":\"fr-FR\"},{\"@type\":\"Organization\",\"@id\":\"https:\/\/dev.centtreize.com\/rsr\/#organization\",\"name\":\"Recherches de Science Religieuse\",\"url\":\"https:\/\/dev.centtreize.com\/rsr\/\",\"logo\":{\"@type\":\"ImageObject\",\"inLanguage\":\"fr-FR\",\"@id\":\"https:\/\/dev.centtreize.com\/rsr\/#\/schema\/logo\/image\/\",\"url\":\"https:\/\/dev.centtreize.com\/rsr\/wp-content\/uploads\/2024\/10\/logo_rsr.png\",\"contentUrl\":\"https:\/\/dev.centtreize.com\/rsr\/wp-content\/uploads\/2024\/10\/logo_rsr.png\",\"width\":300,\"height\":225,\"caption\":\"Recherches de Science Religieuse\"},\"image\":{\"@id\":\"https:\/\/dev.centtreize.com\/rsr\/#\/schema\/logo\/image\/\"}},{\"@type\":\"Person\",\"@id\":\"https:\/\/dev.centtreize.com\/rsr\/#\/schema\/person\/eb039ce63dcbc3fec0a6b81e43e29ad3\",\"name\":\"H\u00e9l\u00e8ne\",\"url\":\"https:\/\/dev.centtreize.com\/rsr\/author\/rsr\/\"}]}<\/script>\n<!-- \/ Yoast SEO plugin. -->","yoast_head_json":{"title":"Le dialogue juifs-chr\u00e9tiens et la question de la terre d\u2019Isra\u00ebl - Recherches de Science Religieuse","robots":{"index":"index","follow":"follow","max-snippet":"max-snippet:-1","max-image-preview":"max-image-preview:large","max-video-preview":"max-video-preview:-1"},"canonical":"https:\/\/dev.centtreize.com\/rsr\/article\/le-dialogue-juifs-chretiens-et-la-question-de-la-terre-disrael\/","og_locale":"fr_FR","og_type":"article","og_title":"Le dialogue juifs-chr\u00e9tiens et la question de la terre d\u2019Isra\u00ebl - Recherches de Science Religieuse","og_description":"Au coeur du dialogue avec les juifs qui s\u2019est d\u00e9velopp\u00e9 dans les cinquante ann\u00e9es qui ont suivi la publication de Nostra Aetate, la question d\u2019une revendication juive de la Terre d\u2019Isra\u00ebl est sans cesse revenue. Quelle est la position de l\u2019\u00c9glise envers cette revendication juive de la Terre \u00e0 la lumi\u00e8re de son interpr\u00e9tation dans la Bible ainsi que le d\u00e9veloppement d\u2019une tradition chr\u00e9tienne et la recherche constante de la justice et de la paix dans un monde bris\u00e9&nbsp;? Comment le dialogue entre juifs et catholiques dans une nouvelle aire de respect et de coop\u00e9ration s\u2019apparente-il avec le cri de justice des Palestiniens&nbsp;? Cet article retrace le d\u00e9veloppement de la pens\u00e9e de l\u2019\u00c9glise durant ces cinquante derni\u00e8res ann\u00e9es.","og_url":"https:\/\/dev.centtreize.com\/rsr\/article\/le-dialogue-juifs-chretiens-et-la-question-de-la-terre-disrael\/","og_site_name":"Recherches de Science Religieuse","article_published_time":"2015-09-15T16:11:04+00:00","article_modified_time":"2025-06-13T06:35:27+00:00","author":"H\u00e9l\u00e8ne","twitter_card":"summary_large_image","twitter_misc":{"\u00c9crit par":"H\u00e9l\u00e8ne","Dur\u00e9e de lecture estim\u00e9e":"1 minute"},"schema":{"@context":"https:\/\/schema.org","@graph":[{"@type":"Article","@id":"https:\/\/dev.centtreize.com\/rsr\/article\/le-dialogue-juifs-chretiens-et-la-question-de-la-terre-disrael\/#article","isPartOf":{"@id":"https:\/\/dev.centtreize.com\/rsr\/article\/le-dialogue-juifs-chretiens-et-la-question-de-la-terre-disrael\/"},"author":{"name":"H\u00e9l\u00e8ne","@id":"https:\/\/dev.centtreize.com\/rsr\/#\/schema\/person\/eb039ce63dcbc3fec0a6b81e43e29ad3"},"headline":"Le dialogue juifs-chr\u00e9tiens et la question de la terre d\u2019Isra\u00ebl","datePublished":"2015-09-15T16:11:04+00:00","dateModified":"2025-06-13T06:35:27+00:00","mainEntityOfPage":{"@id":"https:\/\/dev.centtreize.com\/rsr\/article\/le-dialogue-juifs-chretiens-et-la-question-de-la-terre-disrael\/"},"wordCount":149,"publisher":{"@id":"https:\/\/dev.centtreize.com\/rsr\/#organization"},"keywords":["dialogue","\u00e9lection","isra\u00ebl","juda\u00efsme","nostra aetate","terre"],"articleSection":["article"],"inLanguage":"fr-FR"},{"@type":"WebPage","@id":"https:\/\/dev.centtreize.com\/rsr\/article\/le-dialogue-juifs-chretiens-et-la-question-de-la-terre-disrael\/","url":"https:\/\/dev.centtreize.com\/rsr\/article\/le-dialogue-juifs-chretiens-et-la-question-de-la-terre-disrael\/","name":"Le dialogue juifs-chr\u00e9tiens et la question de la terre d\u2019Isra\u00ebl - Recherches de Science Religieuse","isPartOf":{"@id":"https:\/\/dev.centtreize.com\/rsr\/#website"},"datePublished":"2015-09-15T16:11:04+00:00","dateModified":"2025-06-13T06:35:27+00:00","breadcrumb":{"@id":"https:\/\/dev.centtreize.com\/rsr\/article\/le-dialogue-juifs-chretiens-et-la-question-de-la-terre-disrael\/#breadcrumb"},"inLanguage":"fr-FR","potentialAction":[{"@type":"ReadAction","target":["https:\/\/dev.centtreize.com\/rsr\/article\/le-dialogue-juifs-chretiens-et-la-question-de-la-terre-disrael\/"]}]},{"@type":"BreadcrumbList","@id":"https:\/\/dev.centtreize.com\/rsr\/article\/le-dialogue-juifs-chretiens-et-la-question-de-la-terre-disrael\/#breadcrumb","itemListElement":[{"@type":"ListItem","position":1,"name":"Accueil","item":"https:\/\/dev.centtreize.com\/rsr\/"},{"@type":"ListItem","position":2,"name":"Le dialogue juifs-chr\u00e9tiens et la question de la terre d\u2019Isra\u00ebl"}]},{"@type":"WebSite","@id":"https:\/\/dev.centtreize.com\/rsr\/#website","url":"https:\/\/dev.centtreize.com\/rsr\/","name":"Recherches de Science Religieuse","description":"Recherches de Science Religieuse","publisher":{"@id":"https:\/\/dev.centtreize.com\/rsr\/#organization"},"potentialAction":[{"@type":"SearchAction","target":{"@type":"EntryPoint","urlTemplate":"https:\/\/dev.centtreize.com\/rsr\/?s={search_term_string}"},"query-input":{"@type":"PropertyValueSpecification","valueRequired":true,"valueName":"search_term_string"}}],"inLanguage":"fr-FR"},{"@type":"Organization","@id":"https:\/\/dev.centtreize.com\/rsr\/#organization","name":"Recherches de Science Religieuse","url":"https:\/\/dev.centtreize.com\/rsr\/","logo":{"@type":"ImageObject","inLanguage":"fr-FR","@id":"https:\/\/dev.centtreize.com\/rsr\/#\/schema\/logo\/image\/","url":"https:\/\/dev.centtreize.com\/rsr\/wp-content\/uploads\/2024\/10\/logo_rsr.png","contentUrl":"https:\/\/dev.centtreize.com\/rsr\/wp-content\/uploads\/2024\/10\/logo_rsr.png","width":300,"height":225,"caption":"Recherches de Science Religieuse"},"image":{"@id":"https:\/\/dev.centtreize.com\/rsr\/#\/schema\/logo\/image\/"}},{"@type":"Person","@id":"https:\/\/dev.centtreize.com\/rsr\/#\/schema\/person\/eb039ce63dcbc3fec0a6b81e43e29ad3","name":"H\u00e9l\u00e8ne","url":"https:\/\/dev.centtreize.com\/rsr\/author\/rsr\/"}]}},"_links":{"self":[{"href":"https:\/\/dev.centtreize.com\/rsr\/wp-json\/wp\/v2\/posts\/10595","targetHints":{"allow":["GET"]}}],"collection":[{"href":"https:\/\/dev.centtreize.com\/rsr\/wp-json\/wp\/v2\/posts"}],"about":[{"href":"https:\/\/dev.centtreize.com\/rsr\/wp-json\/wp\/v2\/types\/post"}],"author":[{"embeddable":true,"href":"https:\/\/dev.centtreize.com\/rsr\/wp-json\/wp\/v2\/users\/2"}],"replies":[{"embeddable":true,"href":"https:\/\/dev.centtreize.com\/rsr\/wp-json\/wp\/v2\/comments?post=10595"}],"version-history":[{"count":9,"href":"https:\/\/dev.centtreize.com\/rsr\/wp-json\/wp\/v2\/posts\/10595\/revisions"}],"predecessor-version":[{"id":17533,"href":"https:\/\/dev.centtreize.com\/rsr\/wp-json\/wp\/v2\/posts\/10595\/revisions\/17533"}],"wp:attachment":[{"href":"https:\/\/dev.centtreize.com\/rsr\/wp-json\/wp\/v2\/media?parent=10595"}],"wp:term":[{"taxonomy":"category","embeddable":true,"href":"https:\/\/dev.centtreize.com\/rsr\/wp-json\/wp\/v2\/categories?post=10595"},{"taxonomy":"post_tag","embeddable":true,"href":"https:\/\/dev.centtreize.com\/rsr\/wp-json\/wp\/v2\/tags?post=10595"},{"taxonomy":"keywords","embeddable":true,"href":"https:\/\/dev.centtreize.com\/rsr\/wp-json\/wp\/v2\/keywords?post=10595"}],"curies":[{"name":"wp","href":"https:\/\/api.w.org\/{rel}","templated":true}]}}