{"id":10589,"date":"2015-09-15T16:57:37","date_gmt":"2015-09-15T15:57:37","guid":{"rendered":"http:\/\/www.revue-rsr.com\/?p=10589"},"modified":"2025-06-13T07:35:07","modified_gmt":"2025-06-13T06:35:07","slug":"le-modele-et-les-faits-daniel-boyarin-theoricien-de-la-partition-entre-christianisme-et-judaisme","status":"publish","type":"post","link":"https:\/\/dev.centtreize.com\/rsr\/article\/le-modele-et-les-faits-daniel-boyarin-theoricien-de-la-partition-entre-christianisme-et-judaisme\/","title":{"rendered":"Le \u00ab mod\u00e8le \u00bb et les \u00ab faits \u00bb : Daniel Boyarin th\u00e9oricien de la partition entre christianisme et juda\u00efsme"},"content":{"rendered":"<p>Cet article se propose d\u2019analyser les travaux que le savant am\u00e9ricain Daniel Boyarin a consacr\u00e9s aux relations entre Juifs et chr\u00e9tiens pendant l\u2019Antiquit\u00e9 tardive. Selon l\u2019hypoth\u00e8se de Boyarin avant la christianisation de l\u2019empire romain \u00e0 la fin du IVe si\u00e8cle, juda\u00efsme et christianisme n\u2019auraient pas form\u00e9 des entit\u00e9s autonomes, avec des caract\u00e8res distincts et une identit\u00e9 d\u00e9finie, mais ils auraient fait partie d\u2019un syst\u00e8me unique de circulation \u00e0 l\u2019int\u00e9rieur duquel des \u00e9l\u00e9ments discursifs pouvaient se d\u00e9placer d\u2019un groupe \u00e0 l\u2019autre et traverser les fronti\u00e8res. Dans cet article, l\u2019auteur cherche non seulement \u00e0 pr\u00e9senter la pens\u00e9e de Boyarin et ses d\u00e9veloppements, mais aussi \u00e0 les situer dans leur contexte historique, culturel et acad\u00e9mique.<\/p>\n","protected":false},"excerpt":{"rendered":"<p>Cet article se propose d\u2019analyser les travaux que le savant am\u00e9ricain Daniel Boyarin a consacr\u00e9s aux relations entre Juifs et chr\u00e9tiens pendant l\u2019Antiquit\u00e9 tardive. Selon l\u2019hypoth\u00e8se de Boyarin avant la christianisation de l\u2019empire romain \u00e0 la fin du IVe si\u00e8cle, juda\u00efsme et christianisme n\u2019auraient pas form\u00e9 des entit\u00e9s autonomes, avec des caract\u00e8res distincts et une identit\u00e9 d\u00e9finie, mais ils auraient fait partie d\u2019un syst\u00e8me unique de circulation \u00e0 l\u2019int\u00e9rieur duquel des \u00e9l\u00e9ments discursifs pouvaient se d\u00e9placer d\u2019un groupe \u00e0 l\u2019autre et traverser les fronti\u00e8res. Dans cet article, l\u2019auteur cherche non seulement \u00e0 pr\u00e9senter la pens\u00e9e de Boyarin et ses d\u00e9veloppements, mais aussi \u00e0 les situer dans leur contexte historique, culturel et acad\u00e9mique.<\/p>\n","protected":false},"author":2,"featured_media":0,"comment_status":"closed","ping_status":"closed","sticky":false,"template":"","format":"standard","meta":{"_acf_changed":false,"footnotes":""},"categories":[6],"tags":[233,31,225,231,232,227,74,226,229,217,228,230],"keywords":[1118],"class_list":["post-10589","post","type-post","status-publish","format-standard","hentry","category-article","tag-antiquite-tardive","tag-christianisme","tag-daniel-boyarin","tag-etudes-culturelles","tag-etudes-post-coloniales","tag-heresiologie","tag-judaisme","tag-judeo-christianisme","tag-parting-of-the-ways","tag-relations","tag-separation","tag-the-ways-that-never-parted","keywords-judaisme"],"acf":[],"yoast_head":"<!-- This site is optimized with the Yoast SEO plugin v27.2 - https:\/\/yoast.com\/product\/yoast-seo-wordpress\/ -->\n<title>Le \u00ab mod\u00e8le \u00bb et les \u00ab faits \u00bb : Daniel Boyarin th\u00e9oricien de la partition entre christianisme et juda\u00efsme - Recherches de Science Religieuse<\/title>\n<meta name=\"robots\" content=\"index, follow, max-snippet:-1, max-image-preview:large, max-video-preview:-1\" \/>\n<link rel=\"canonical\" href=\"https:\/\/dev.centtreize.com\/rsr\/article\/le-modele-et-les-faits-daniel-boyarin-theoricien-de-la-partition-entre-christianisme-et-judaisme\/\" \/>\n<meta property=\"og:locale\" content=\"fr_FR\" \/>\n<meta property=\"og:type\" content=\"article\" \/>\n<meta property=\"og:title\" content=\"Le \u00ab mod\u00e8le \u00bb et les \u00ab faits \u00bb : Daniel Boyarin th\u00e9oricien de la partition entre christianisme et juda\u00efsme - Recherches de Science Religieuse\" \/>\n<meta property=\"og:description\" content=\"Cet article se propose d\u2019analyser les travaux que le savant am\u00e9ricain Daniel Boyarin a consacr\u00e9s aux relations entre Juifs et chr\u00e9tiens pendant l\u2019Antiquit\u00e9 tardive. Selon l\u2019hypoth\u00e8se de Boyarin avant la christianisation de l\u2019empire romain \u00e0 la fin du IVe si\u00e8cle, juda\u00efsme et christianisme n\u2019auraient pas form\u00e9 des entit\u00e9s autonomes, avec des caract\u00e8res distincts et une identit\u00e9 d\u00e9finie, mais ils auraient fait partie d\u2019un syst\u00e8me unique de circulation \u00e0 l\u2019int\u00e9rieur duquel des \u00e9l\u00e9ments discursifs pouvaient se d\u00e9placer d\u2019un groupe \u00e0 l\u2019autre et traverser les fronti\u00e8res. Dans cet article, l\u2019auteur cherche non seulement \u00e0 pr\u00e9senter la pens\u00e9e de Boyarin et ses d\u00e9veloppements, mais aussi \u00e0 les situer dans leur contexte historique, culturel et acad\u00e9mique.\" \/>\n<meta property=\"og:url\" content=\"https:\/\/dev.centtreize.com\/rsr\/article\/le-modele-et-les-faits-daniel-boyarin-theoricien-de-la-partition-entre-christianisme-et-judaisme\/\" \/>\n<meta property=\"og:site_name\" content=\"Recherches de Science Religieuse\" \/>\n<meta property=\"article:published_time\" content=\"2015-09-15T15:57:37+00:00\" \/>\n<meta property=\"article:modified_time\" content=\"2025-06-13T06:35:07+00:00\" \/>\n<meta name=\"author\" content=\"H\u00e9l\u00e8ne\" \/>\n<meta name=\"twitter:card\" content=\"summary_large_image\" \/>\n<meta name=\"twitter:label1\" content=\"\u00c9crit par\" \/>\n\t<meta name=\"twitter:data1\" content=\"H\u00e9l\u00e8ne\" \/>\n\t<meta name=\"twitter:label2\" content=\"Dur\u00e9e de lecture estim\u00e9e\" \/>\n\t<meta name=\"twitter:data2\" content=\"1 minute\" \/>\n<script type=\"application\/ld+json\" class=\"yoast-schema-graph\">{\"@context\":\"https:\/\/schema.org\",\"@graph\":[{\"@type\":\"Article\",\"@id\":\"https:\/\/dev.centtreize.com\/rsr\/article\/le-modele-et-les-faits-daniel-boyarin-theoricien-de-la-partition-entre-christianisme-et-judaisme\/#article\",\"isPartOf\":{\"@id\":\"https:\/\/dev.centtreize.com\/rsr\/article\/le-modele-et-les-faits-daniel-boyarin-theoricien-de-la-partition-entre-christianisme-et-judaisme\/\"},\"author\":{\"name\":\"H\u00e9l\u00e8ne\",\"@id\":\"https:\/\/dev.centtreize.com\/rsr\/#\/schema\/person\/eb039ce63dcbc3fec0a6b81e43e29ad3\"},\"headline\":\"Le \u00ab mod\u00e8le \u00bb et les \u00ab faits \u00bb : Daniel Boyarin th\u00e9oricien de la partition entre christianisme et juda\u00efsme\",\"datePublished\":\"2015-09-15T15:57:37+00:00\",\"dateModified\":\"2025-06-13T06:35:07+00:00\",\"mainEntityOfPage\":{\"@id\":\"https:\/\/dev.centtreize.com\/rsr\/article\/le-modele-et-les-faits-daniel-boyarin-theoricien-de-la-partition-entre-christianisme-et-judaisme\/\"},\"wordCount\":153,\"publisher\":{\"@id\":\"https:\/\/dev.centtreize.com\/rsr\/#organization\"},\"keywords\":[\"antiquit\u00e9 tardive\",\"christianisme\",\"Daniel Boyarin\",\"\u00e9tudes culturelles\",\"\u00e9tudes post-coloniales\",\"h\u00e9r\u00e9siologie\",\"juda\u00efsme\",\"jud\u00e9o-christianisme\",\"parting of the ways\",\"relations\",\"s\u00e9paration\",\"the ways that never parted\"],\"articleSection\":[\"article\"],\"inLanguage\":\"fr-FR\"},{\"@type\":\"WebPage\",\"@id\":\"https:\/\/dev.centtreize.com\/rsr\/article\/le-modele-et-les-faits-daniel-boyarin-theoricien-de-la-partition-entre-christianisme-et-judaisme\/\",\"url\":\"https:\/\/dev.centtreize.com\/rsr\/article\/le-modele-et-les-faits-daniel-boyarin-theoricien-de-la-partition-entre-christianisme-et-judaisme\/\",\"name\":\"Le \u00ab mod\u00e8le \u00bb et les \u00ab faits \u00bb : Daniel Boyarin th\u00e9oricien de la partition entre christianisme et juda\u00efsme - Recherches de Science Religieuse\",\"isPartOf\":{\"@id\":\"https:\/\/dev.centtreize.com\/rsr\/#website\"},\"datePublished\":\"2015-09-15T15:57:37+00:00\",\"dateModified\":\"2025-06-13T06:35:07+00:00\",\"breadcrumb\":{\"@id\":\"https:\/\/dev.centtreize.com\/rsr\/article\/le-modele-et-les-faits-daniel-boyarin-theoricien-de-la-partition-entre-christianisme-et-judaisme\/#breadcrumb\"},\"inLanguage\":\"fr-FR\",\"potentialAction\":[{\"@type\":\"ReadAction\",\"target\":[\"https:\/\/dev.centtreize.com\/rsr\/article\/le-modele-et-les-faits-daniel-boyarin-theoricien-de-la-partition-entre-christianisme-et-judaisme\/\"]}]},{\"@type\":\"BreadcrumbList\",\"@id\":\"https:\/\/dev.centtreize.com\/rsr\/article\/le-modele-et-les-faits-daniel-boyarin-theoricien-de-la-partition-entre-christianisme-et-judaisme\/#breadcrumb\",\"itemListElement\":[{\"@type\":\"ListItem\",\"position\":1,\"name\":\"Accueil\",\"item\":\"https:\/\/dev.centtreize.com\/rsr\/\"},{\"@type\":\"ListItem\",\"position\":2,\"name\":\"Le \u00ab mod\u00e8le \u00bb et les \u00ab faits \u00bb : Daniel Boyarin th\u00e9oricien de la partition entre christianisme et juda\u00efsme\"}]},{\"@type\":\"WebSite\",\"@id\":\"https:\/\/dev.centtreize.com\/rsr\/#website\",\"url\":\"https:\/\/dev.centtreize.com\/rsr\/\",\"name\":\"Recherches de Science Religieuse\",\"description\":\"Recherches de Science Religieuse\",\"publisher\":{\"@id\":\"https:\/\/dev.centtreize.com\/rsr\/#organization\"},\"potentialAction\":[{\"@type\":\"SearchAction\",\"target\":{\"@type\":\"EntryPoint\",\"urlTemplate\":\"https:\/\/dev.centtreize.com\/rsr\/?s={search_term_string}\"},\"query-input\":{\"@type\":\"PropertyValueSpecification\",\"valueRequired\":true,\"valueName\":\"search_term_string\"}}],\"inLanguage\":\"fr-FR\"},{\"@type\":\"Organization\",\"@id\":\"https:\/\/dev.centtreize.com\/rsr\/#organization\",\"name\":\"Recherches de Science Religieuse\",\"url\":\"https:\/\/dev.centtreize.com\/rsr\/\",\"logo\":{\"@type\":\"ImageObject\",\"inLanguage\":\"fr-FR\",\"@id\":\"https:\/\/dev.centtreize.com\/rsr\/#\/schema\/logo\/image\/\",\"url\":\"https:\/\/dev.centtreize.com\/rsr\/wp-content\/uploads\/2024\/10\/logo_rsr.png\",\"contentUrl\":\"https:\/\/dev.centtreize.com\/rsr\/wp-content\/uploads\/2024\/10\/logo_rsr.png\",\"width\":300,\"height\":225,\"caption\":\"Recherches de Science Religieuse\"},\"image\":{\"@id\":\"https:\/\/dev.centtreize.com\/rsr\/#\/schema\/logo\/image\/\"}},{\"@type\":\"Person\",\"@id\":\"https:\/\/dev.centtreize.com\/rsr\/#\/schema\/person\/eb039ce63dcbc3fec0a6b81e43e29ad3\",\"name\":\"H\u00e9l\u00e8ne\",\"url\":\"https:\/\/dev.centtreize.com\/rsr\/author\/rsr\/\"}]}<\/script>\n<!-- \/ Yoast SEO plugin. -->","yoast_head_json":{"title":"Le \u00ab mod\u00e8le \u00bb et les \u00ab faits \u00bb : Daniel Boyarin th\u00e9oricien de la partition entre christianisme et juda\u00efsme - Recherches de Science Religieuse","robots":{"index":"index","follow":"follow","max-snippet":"max-snippet:-1","max-image-preview":"max-image-preview:large","max-video-preview":"max-video-preview:-1"},"canonical":"https:\/\/dev.centtreize.com\/rsr\/article\/le-modele-et-les-faits-daniel-boyarin-theoricien-de-la-partition-entre-christianisme-et-judaisme\/","og_locale":"fr_FR","og_type":"article","og_title":"Le \u00ab mod\u00e8le \u00bb et les \u00ab faits \u00bb : Daniel Boyarin th\u00e9oricien de la partition entre christianisme et juda\u00efsme - Recherches de Science Religieuse","og_description":"Cet article se propose d\u2019analyser les travaux que le savant am\u00e9ricain Daniel Boyarin a consacr\u00e9s aux relations entre Juifs et chr\u00e9tiens pendant l\u2019Antiquit\u00e9 tardive. Selon l\u2019hypoth\u00e8se de Boyarin avant la christianisation de l\u2019empire romain \u00e0 la fin du IVe si\u00e8cle, juda\u00efsme et christianisme n\u2019auraient pas form\u00e9 des entit\u00e9s autonomes, avec des caract\u00e8res distincts et une identit\u00e9 d\u00e9finie, mais ils auraient fait partie d\u2019un syst\u00e8me unique de circulation \u00e0 l\u2019int\u00e9rieur duquel des \u00e9l\u00e9ments discursifs pouvaient se d\u00e9placer d\u2019un groupe \u00e0 l\u2019autre et traverser les fronti\u00e8res. Dans cet article, l\u2019auteur cherche non seulement \u00e0 pr\u00e9senter la pens\u00e9e de Boyarin et ses d\u00e9veloppements, mais aussi \u00e0 les situer dans leur contexte historique, culturel et acad\u00e9mique.","og_url":"https:\/\/dev.centtreize.com\/rsr\/article\/le-modele-et-les-faits-daniel-boyarin-theoricien-de-la-partition-entre-christianisme-et-judaisme\/","og_site_name":"Recherches de Science Religieuse","article_published_time":"2015-09-15T15:57:37+00:00","article_modified_time":"2025-06-13T06:35:07+00:00","author":"H\u00e9l\u00e8ne","twitter_card":"summary_large_image","twitter_misc":{"\u00c9crit par":"H\u00e9l\u00e8ne","Dur\u00e9e de lecture estim\u00e9e":"1 minute"},"schema":{"@context":"https:\/\/schema.org","@graph":[{"@type":"Article","@id":"https:\/\/dev.centtreize.com\/rsr\/article\/le-modele-et-les-faits-daniel-boyarin-theoricien-de-la-partition-entre-christianisme-et-judaisme\/#article","isPartOf":{"@id":"https:\/\/dev.centtreize.com\/rsr\/article\/le-modele-et-les-faits-daniel-boyarin-theoricien-de-la-partition-entre-christianisme-et-judaisme\/"},"author":{"name":"H\u00e9l\u00e8ne","@id":"https:\/\/dev.centtreize.com\/rsr\/#\/schema\/person\/eb039ce63dcbc3fec0a6b81e43e29ad3"},"headline":"Le \u00ab mod\u00e8le \u00bb et les \u00ab faits \u00bb : Daniel Boyarin th\u00e9oricien de la partition entre christianisme et juda\u00efsme","datePublished":"2015-09-15T15:57:37+00:00","dateModified":"2025-06-13T06:35:07+00:00","mainEntityOfPage":{"@id":"https:\/\/dev.centtreize.com\/rsr\/article\/le-modele-et-les-faits-daniel-boyarin-theoricien-de-la-partition-entre-christianisme-et-judaisme\/"},"wordCount":153,"publisher":{"@id":"https:\/\/dev.centtreize.com\/rsr\/#organization"},"keywords":["antiquit\u00e9 tardive","christianisme","Daniel Boyarin","\u00e9tudes culturelles","\u00e9tudes post-coloniales","h\u00e9r\u00e9siologie","juda\u00efsme","jud\u00e9o-christianisme","parting of the ways","relations","s\u00e9paration","the ways that never parted"],"articleSection":["article"],"inLanguage":"fr-FR"},{"@type":"WebPage","@id":"https:\/\/dev.centtreize.com\/rsr\/article\/le-modele-et-les-faits-daniel-boyarin-theoricien-de-la-partition-entre-christianisme-et-judaisme\/","url":"https:\/\/dev.centtreize.com\/rsr\/article\/le-modele-et-les-faits-daniel-boyarin-theoricien-de-la-partition-entre-christianisme-et-judaisme\/","name":"Le \u00ab mod\u00e8le \u00bb et les \u00ab faits \u00bb : Daniel Boyarin th\u00e9oricien de la partition entre christianisme et juda\u00efsme - Recherches de Science Religieuse","isPartOf":{"@id":"https:\/\/dev.centtreize.com\/rsr\/#website"},"datePublished":"2015-09-15T15:57:37+00:00","dateModified":"2025-06-13T06:35:07+00:00","breadcrumb":{"@id":"https:\/\/dev.centtreize.com\/rsr\/article\/le-modele-et-les-faits-daniel-boyarin-theoricien-de-la-partition-entre-christianisme-et-judaisme\/#breadcrumb"},"inLanguage":"fr-FR","potentialAction":[{"@type":"ReadAction","target":["https:\/\/dev.centtreize.com\/rsr\/article\/le-modele-et-les-faits-daniel-boyarin-theoricien-de-la-partition-entre-christianisme-et-judaisme\/"]}]},{"@type":"BreadcrumbList","@id":"https:\/\/dev.centtreize.com\/rsr\/article\/le-modele-et-les-faits-daniel-boyarin-theoricien-de-la-partition-entre-christianisme-et-judaisme\/#breadcrumb","itemListElement":[{"@type":"ListItem","position":1,"name":"Accueil","item":"https:\/\/dev.centtreize.com\/rsr\/"},{"@type":"ListItem","position":2,"name":"Le \u00ab mod\u00e8le \u00bb et les \u00ab faits \u00bb : Daniel Boyarin th\u00e9oricien de la partition entre christianisme et juda\u00efsme"}]},{"@type":"WebSite","@id":"https:\/\/dev.centtreize.com\/rsr\/#website","url":"https:\/\/dev.centtreize.com\/rsr\/","name":"Recherches de Science Religieuse","description":"Recherches de Science Religieuse","publisher":{"@id":"https:\/\/dev.centtreize.com\/rsr\/#organization"},"potentialAction":[{"@type":"SearchAction","target":{"@type":"EntryPoint","urlTemplate":"https:\/\/dev.centtreize.com\/rsr\/?s={search_term_string}"},"query-input":{"@type":"PropertyValueSpecification","valueRequired":true,"valueName":"search_term_string"}}],"inLanguage":"fr-FR"},{"@type":"Organization","@id":"https:\/\/dev.centtreize.com\/rsr\/#organization","name":"Recherches de Science Religieuse","url":"https:\/\/dev.centtreize.com\/rsr\/","logo":{"@type":"ImageObject","inLanguage":"fr-FR","@id":"https:\/\/dev.centtreize.com\/rsr\/#\/schema\/logo\/image\/","url":"https:\/\/dev.centtreize.com\/rsr\/wp-content\/uploads\/2024\/10\/logo_rsr.png","contentUrl":"https:\/\/dev.centtreize.com\/rsr\/wp-content\/uploads\/2024\/10\/logo_rsr.png","width":300,"height":225,"caption":"Recherches de Science Religieuse"},"image":{"@id":"https:\/\/dev.centtreize.com\/rsr\/#\/schema\/logo\/image\/"}},{"@type":"Person","@id":"https:\/\/dev.centtreize.com\/rsr\/#\/schema\/person\/eb039ce63dcbc3fec0a6b81e43e29ad3","name":"H\u00e9l\u00e8ne","url":"https:\/\/dev.centtreize.com\/rsr\/author\/rsr\/"}]}},"_links":{"self":[{"href":"https:\/\/dev.centtreize.com\/rsr\/wp-json\/wp\/v2\/posts\/10589","targetHints":{"allow":["GET"]}}],"collection":[{"href":"https:\/\/dev.centtreize.com\/rsr\/wp-json\/wp\/v2\/posts"}],"about":[{"href":"https:\/\/dev.centtreize.com\/rsr\/wp-json\/wp\/v2\/types\/post"}],"author":[{"embeddable":true,"href":"https:\/\/dev.centtreize.com\/rsr\/wp-json\/wp\/v2\/users\/2"}],"replies":[{"embeddable":true,"href":"https:\/\/dev.centtreize.com\/rsr\/wp-json\/wp\/v2\/comments?post=10589"}],"version-history":[{"count":9,"href":"https:\/\/dev.centtreize.com\/rsr\/wp-json\/wp\/v2\/posts\/10589\/revisions"}],"predecessor-version":[{"id":17530,"href":"https:\/\/dev.centtreize.com\/rsr\/wp-json\/wp\/v2\/posts\/10589\/revisions\/17530"}],"wp:attachment":[{"href":"https:\/\/dev.centtreize.com\/rsr\/wp-json\/wp\/v2\/media?parent=10589"}],"wp:term":[{"taxonomy":"category","embeddable":true,"href":"https:\/\/dev.centtreize.com\/rsr\/wp-json\/wp\/v2\/categories?post=10589"},{"taxonomy":"post_tag","embeddable":true,"href":"https:\/\/dev.centtreize.com\/rsr\/wp-json\/wp\/v2\/tags?post=10589"},{"taxonomy":"keywords","embeddable":true,"href":"https:\/\/dev.centtreize.com\/rsr\/wp-json\/wp\/v2\/keywords?post=10589"}],"curies":[{"name":"wp","href":"https:\/\/api.w.org\/{rel}","templated":true}]}}