{"id":10476,"date":"2015-06-08T12:02:48","date_gmt":"2015-06-08T11:02:48","guid":{"rendered":"http:\/\/www.revue-rsr.com\/?p=10476"},"modified":"2025-06-19T19:47:29","modified_gmt":"2025-06-19T18:47:29","slug":"l-apostolicite-de-l-eglise-pour-une-theologie-oecumenique-des-origines-chretiennes","status":"publish","type":"post","link":"https:\/\/dev.centtreize.com\/rsr\/article\/l-apostolicite-de-l-eglise-pour-une-theologie-oecumenique-des-origines-chretiennes\/","title":{"rendered":"L&rsquo;apostolicit\u00e9 de l&rsquo;\u00c9glise. Pour une th\u00e9ologie \u0153cum\u00e9nique des origines chr\u00e9tiennes"},"content":{"rendered":"<p>Tirant profit des recherches historiques rassembl\u00e9es dans ce num\u00e9ro et dans celui qui l\u2019a pr\u00e9c\u00e9d\u00e9 en 2013 (101\/4), le dernier article de ce dossier tente d\u2019esquisser une th\u00e9ologie des origines chr\u00e9tiennes. Cette esquisse suppose que le concept d\u2019apostolicit\u00e9, relevant traditionnellement du&nbsp;\u00ab&nbsp;ius divinum&nbsp;\u00bb positif, soit lib\u00e9r\u00e9 de son carcan n\u00e9oscolastique et repens\u00e9 dans une perspective oecum\u00e9nique&nbsp;; ce qui pourra se faire par une nouvelle confrontation entre, d\u2019un c\u00f4t\u00e9, ce que l\u2019histoire et l\u2019ex\u00e9g\u00e8se critique nous apprennent de la normativit\u00e9 interne \u00e0 l\u2019\u00c9glise naissante et, de l\u2019autre, ce que les diff\u00e9rentes \u00c9glises chr\u00e9tiennes et l\u2019\u00c9glise catholique attendent de leur rapport aux origines. L\u2019hypoth\u00e8se consiste \u00e0 interpr\u00e9ter les marqueurs essentiels de l\u2019apostolicit\u00e9, pouvant entrer dans un&nbsp;\u00ab&nbsp;consensus diff\u00e9renci\u00e9&nbsp;\u00bb, non pas comme \u00e9tant&nbsp;\u00ab&nbsp;de droit divin&nbsp;\u00bb mais, \u00e0 l\u2019aide du paradigme grammatical, en termes de&nbsp;\u00ab&nbsp;grammaire g\u00e9n\u00e9rative&nbsp;\u00bb. Il faut alors montrer que&nbsp;\u00ab&nbsp;l\u2019irr\u00e9versibilit\u00e9&nbsp;\u00bb, caract\u00e9ristique d\u00e9cisive de la R\u00e9v\u00e9lation chr\u00e9tienne, peut \u00eatre honor\u00e9e dans une telle interpr\u00e9tation grammaticale de l\u2019apostolicit\u00e9, mieux ajust\u00e9e aux d\u00e9veloppements multiples du christianisme post-apostolique que sa fixation imm\u00e9diatement juridique.<\/p>\n<div id=\"ConnectiveDocSignExtentionInstalled\" data-extension-version=\"1.0.4\"><\/div>\n","protected":false},"excerpt":{"rendered":"<p>Tirant profit des recherches historiques rassembl\u00e9es dans ce num\u00e9ro et dans celui qui l\u2019a pr\u00e9c\u00e9d\u00e9 en 2013 (101\/4), le dernier article de ce dossier tente d\u2019esquisser une th\u00e9ologie des origines chr\u00e9tiennes. Cette esquisse suppose que le concept d\u2019apostolicit\u00e9, relevant traditionnellement du&nbsp;\u00ab&nbsp;ius divinum&nbsp;\u00bb positif, soit lib\u00e9r\u00e9 de son carcan n\u00e9oscolastique et repens\u00e9 dans une perspective oecum\u00e9nique&nbsp;; ce qui pourra se faire par une nouvelle confrontation entre, d\u2019un c\u00f4t\u00e9, ce que l\u2019histoire et l\u2019ex\u00e9g\u00e8se critique nous apprennent de la normativit\u00e9 interne \u00e0 l\u2019\u00c9glise naissante et, de l\u2019autre, ce que les diff\u00e9rentes \u00c9glises chr\u00e9tiennes et l\u2019\u00c9glise catholique attendent de leur rapport aux origines. L\u2019hypoth\u00e8se consiste \u00e0 interpr\u00e9ter les marqueurs essentiels de l\u2019apostolicit\u00e9, pouvant entrer dans un&nbsp;\u00ab&nbsp;consensus diff\u00e9renci\u00e9&nbsp;\u00bb, non pas comme \u00e9tant&nbsp;\u00ab&nbsp;de droit divin&nbsp;\u00bb mais, \u00e0 l\u2019aide du paradigme grammatical, en termes de&nbsp;\u00ab&nbsp;grammaire g\u00e9n\u00e9rative&nbsp;\u00bb. Il faut alors montrer que&nbsp;\u00ab&nbsp;l\u2019irr\u00e9versibilit\u00e9&nbsp;\u00bb, caract\u00e9ristique d\u00e9cisive de la R\u00e9v\u00e9lation chr\u00e9tienne, peut \u00eatre honor\u00e9e dans une telle interpr\u00e9tation grammaticale de l\u2019apostolicit\u00e9, mieux ajust\u00e9e aux d\u00e9veloppements multiples du christianisme post-apostolique que<a class=\"read-more\" href=\"https:\/\/dev.centtreize.com\/rsr\/article\/l-apostolicite-de-l-eglise-pour-une-theologie-oecumenique-des-origines-chretiennes\/\"><\/a><\/p>\n","protected":false},"author":2,"featured_media":0,"comment_status":"closed","ping_status":"closed","sticky":false,"template":"","format":"standard","meta":{"_acf_changed":false,"footnotes":""},"categories":[6],"tags":[],"keywords":[1204,1137,1159],"class_list":["post-10476","post","type-post","status-publish","format-standard","hentry","category-article","keywords-apotres-apostolicite","keywords-eglise","keywords-oecumenisme"],"acf":[],"yoast_head":"<!-- This site is optimized with the Yoast SEO plugin v27.2 - https:\/\/yoast.com\/product\/yoast-seo-wordpress\/ -->\n<title>L&#039;apostolicit\u00e9 de l&#039;\u00c9glise. Pour une th\u00e9ologie \u0153cum\u00e9nique des origines chr\u00e9tiennes - Recherches de Science Religieuse<\/title>\n<meta name=\"robots\" content=\"index, follow, max-snippet:-1, max-image-preview:large, max-video-preview:-1\" \/>\n<link rel=\"canonical\" href=\"https:\/\/dev.centtreize.com\/rsr\/article\/l-apostolicite-de-l-eglise-pour-une-theologie-oecumenique-des-origines-chretiennes\/\" \/>\n<meta property=\"og:locale\" content=\"fr_FR\" \/>\n<meta property=\"og:type\" content=\"article\" \/>\n<meta property=\"og:title\" content=\"L&#039;apostolicit\u00e9 de l&#039;\u00c9glise. Pour une th\u00e9ologie \u0153cum\u00e9nique des origines chr\u00e9tiennes - Recherches de Science Religieuse\" \/>\n<meta property=\"og:description\" content=\"Tirant profit des recherches historiques rassembl\u00e9es dans ce num\u00e9ro et dans celui qui l\u2019a pr\u00e9c\u00e9d\u00e9 en 2013 (101\/4), le dernier article de ce dossier tente d\u2019esquisser une th\u00e9ologie des origines chr\u00e9tiennes. Cette esquisse suppose que le concept d\u2019apostolicit\u00e9, relevant traditionnellement du&nbsp;\u00ab&nbsp;ius divinum&nbsp;\u00bb positif, soit lib\u00e9r\u00e9 de son carcan n\u00e9oscolastique et repens\u00e9 dans une perspective oecum\u00e9nique&nbsp;; ce qui pourra se faire par une nouvelle confrontation entre, d\u2019un c\u00f4t\u00e9, ce que l\u2019histoire et l\u2019ex\u00e9g\u00e8se critique nous apprennent de la normativit\u00e9 interne \u00e0 l\u2019\u00c9glise naissante et, de l\u2019autre, ce que les diff\u00e9rentes \u00c9glises chr\u00e9tiennes et l\u2019\u00c9glise catholique attendent de leur rapport aux origines. L\u2019hypoth\u00e8se consiste \u00e0 interpr\u00e9ter les marqueurs essentiels de l\u2019apostolicit\u00e9, pouvant entrer dans un&nbsp;\u00ab&nbsp;consensus diff\u00e9renci\u00e9&nbsp;\u00bb, non pas comme \u00e9tant&nbsp;\u00ab&nbsp;de droit divin&nbsp;\u00bb mais, \u00e0 l\u2019aide du paradigme grammatical, en termes de&nbsp;\u00ab&nbsp;grammaire g\u00e9n\u00e9rative&nbsp;\u00bb. Il faut alors montrer que&nbsp;\u00ab&nbsp;l\u2019irr\u00e9versibilit\u00e9&nbsp;\u00bb, caract\u00e9ristique d\u00e9cisive de la R\u00e9v\u00e9lation chr\u00e9tienne, peut \u00eatre honor\u00e9e dans une telle interpr\u00e9tation grammaticale de l\u2019apostolicit\u00e9, mieux ajust\u00e9e aux d\u00e9veloppements multiples du christianisme post-apostolique que\" \/>\n<meta property=\"og:url\" content=\"https:\/\/dev.centtreize.com\/rsr\/article\/l-apostolicite-de-l-eglise-pour-une-theologie-oecumenique-des-origines-chretiennes\/\" \/>\n<meta property=\"og:site_name\" content=\"Recherches de Science Religieuse\" \/>\n<meta property=\"article:published_time\" content=\"2015-06-08T11:02:48+00:00\" \/>\n<meta property=\"article:modified_time\" content=\"2025-06-19T18:47:29+00:00\" \/>\n<meta name=\"author\" content=\"H\u00e9l\u00e8ne\" \/>\n<meta name=\"twitter:card\" content=\"summary_large_image\" \/>\n<meta name=\"twitter:label1\" content=\"\u00c9crit par\" \/>\n\t<meta name=\"twitter:data1\" content=\"H\u00e9l\u00e8ne\" \/>\n\t<meta name=\"twitter:label2\" content=\"Dur\u00e9e de lecture estim\u00e9e\" \/>\n\t<meta name=\"twitter:data2\" content=\"1 minute\" \/>\n<script type=\"application\/ld+json\" class=\"yoast-schema-graph\">{\"@context\":\"https:\/\/schema.org\",\"@graph\":[{\"@type\":\"Article\",\"@id\":\"https:\/\/dev.centtreize.com\/rsr\/article\/l-apostolicite-de-l-eglise-pour-une-theologie-oecumenique-des-origines-chretiennes\/#article\",\"isPartOf\":{\"@id\":\"https:\/\/dev.centtreize.com\/rsr\/article\/l-apostolicite-de-l-eglise-pour-une-theologie-oecumenique-des-origines-chretiennes\/\"},\"author\":{\"name\":\"H\u00e9l\u00e8ne\",\"@id\":\"https:\/\/dev.centtreize.com\/rsr\/#\/schema\/person\/eb039ce63dcbc3fec0a6b81e43e29ad3\"},\"headline\":\"L&rsquo;apostolicit\u00e9 de l&rsquo;\u00c9glise. Pour une th\u00e9ologie \u0153cum\u00e9nique des origines chr\u00e9tiennes\",\"datePublished\":\"2015-06-08T11:02:48+00:00\",\"dateModified\":\"2025-06-19T18:47:29+00:00\",\"mainEntityOfPage\":{\"@id\":\"https:\/\/dev.centtreize.com\/rsr\/article\/l-apostolicite-de-l-eglise-pour-une-theologie-oecumenique-des-origines-chretiennes\/\"},\"wordCount\":223,\"publisher\":{\"@id\":\"https:\/\/dev.centtreize.com\/rsr\/#organization\"},\"articleSection\":[\"article\"],\"inLanguage\":\"fr-FR\"},{\"@type\":\"WebPage\",\"@id\":\"https:\/\/dev.centtreize.com\/rsr\/article\/l-apostolicite-de-l-eglise-pour-une-theologie-oecumenique-des-origines-chretiennes\/\",\"url\":\"https:\/\/dev.centtreize.com\/rsr\/article\/l-apostolicite-de-l-eglise-pour-une-theologie-oecumenique-des-origines-chretiennes\/\",\"name\":\"L'apostolicit\u00e9 de l'\u00c9glise. Pour une th\u00e9ologie \u0153cum\u00e9nique des origines chr\u00e9tiennes - Recherches de Science Religieuse\",\"isPartOf\":{\"@id\":\"https:\/\/dev.centtreize.com\/rsr\/#website\"},\"datePublished\":\"2015-06-08T11:02:48+00:00\",\"dateModified\":\"2025-06-19T18:47:29+00:00\",\"breadcrumb\":{\"@id\":\"https:\/\/dev.centtreize.com\/rsr\/article\/l-apostolicite-de-l-eglise-pour-une-theologie-oecumenique-des-origines-chretiennes\/#breadcrumb\"},\"inLanguage\":\"fr-FR\",\"potentialAction\":[{\"@type\":\"ReadAction\",\"target\":[\"https:\/\/dev.centtreize.com\/rsr\/article\/l-apostolicite-de-l-eglise-pour-une-theologie-oecumenique-des-origines-chretiennes\/\"]}]},{\"@type\":\"BreadcrumbList\",\"@id\":\"https:\/\/dev.centtreize.com\/rsr\/article\/l-apostolicite-de-l-eglise-pour-une-theologie-oecumenique-des-origines-chretiennes\/#breadcrumb\",\"itemListElement\":[{\"@type\":\"ListItem\",\"position\":1,\"name\":\"Accueil\",\"item\":\"https:\/\/dev.centtreize.com\/rsr\/\"},{\"@type\":\"ListItem\",\"position\":2,\"name\":\"L&rsquo;apostolicit\u00e9 de l&rsquo;\u00c9glise. Pour une th\u00e9ologie \u0153cum\u00e9nique des origines chr\u00e9tiennes\"}]},{\"@type\":\"WebSite\",\"@id\":\"https:\/\/dev.centtreize.com\/rsr\/#website\",\"url\":\"https:\/\/dev.centtreize.com\/rsr\/\",\"name\":\"Recherches de Science Religieuse\",\"description\":\"Recherches de Science Religieuse\",\"publisher\":{\"@id\":\"https:\/\/dev.centtreize.com\/rsr\/#organization\"},\"potentialAction\":[{\"@type\":\"SearchAction\",\"target\":{\"@type\":\"EntryPoint\",\"urlTemplate\":\"https:\/\/dev.centtreize.com\/rsr\/?s={search_term_string}\"},\"query-input\":{\"@type\":\"PropertyValueSpecification\",\"valueRequired\":true,\"valueName\":\"search_term_string\"}}],\"inLanguage\":\"fr-FR\"},{\"@type\":\"Organization\",\"@id\":\"https:\/\/dev.centtreize.com\/rsr\/#organization\",\"name\":\"Recherches de Science Religieuse\",\"url\":\"https:\/\/dev.centtreize.com\/rsr\/\",\"logo\":{\"@type\":\"ImageObject\",\"inLanguage\":\"fr-FR\",\"@id\":\"https:\/\/dev.centtreize.com\/rsr\/#\/schema\/logo\/image\/\",\"url\":\"https:\/\/dev.centtreize.com\/rsr\/wp-content\/uploads\/2024\/10\/logo_rsr.png\",\"contentUrl\":\"https:\/\/dev.centtreize.com\/rsr\/wp-content\/uploads\/2024\/10\/logo_rsr.png\",\"width\":300,\"height\":225,\"caption\":\"Recherches de Science Religieuse\"},\"image\":{\"@id\":\"https:\/\/dev.centtreize.com\/rsr\/#\/schema\/logo\/image\/\"}},{\"@type\":\"Person\",\"@id\":\"https:\/\/dev.centtreize.com\/rsr\/#\/schema\/person\/eb039ce63dcbc3fec0a6b81e43e29ad3\",\"name\":\"H\u00e9l\u00e8ne\",\"url\":\"https:\/\/dev.centtreize.com\/rsr\/author\/rsr\/\"}]}<\/script>\n<!-- \/ Yoast SEO plugin. -->","yoast_head_json":{"title":"L'apostolicit\u00e9 de l'\u00c9glise. Pour une th\u00e9ologie \u0153cum\u00e9nique des origines chr\u00e9tiennes - Recherches de Science Religieuse","robots":{"index":"index","follow":"follow","max-snippet":"max-snippet:-1","max-image-preview":"max-image-preview:large","max-video-preview":"max-video-preview:-1"},"canonical":"https:\/\/dev.centtreize.com\/rsr\/article\/l-apostolicite-de-l-eglise-pour-une-theologie-oecumenique-des-origines-chretiennes\/","og_locale":"fr_FR","og_type":"article","og_title":"L'apostolicit\u00e9 de l'\u00c9glise. Pour une th\u00e9ologie \u0153cum\u00e9nique des origines chr\u00e9tiennes - Recherches de Science Religieuse","og_description":"Tirant profit des recherches historiques rassembl\u00e9es dans ce num\u00e9ro et dans celui qui l\u2019a pr\u00e9c\u00e9d\u00e9 en 2013 (101\/4), le dernier article de ce dossier tente d\u2019esquisser une th\u00e9ologie des origines chr\u00e9tiennes. Cette esquisse suppose que le concept d\u2019apostolicit\u00e9, relevant traditionnellement du&nbsp;\u00ab&nbsp;ius divinum&nbsp;\u00bb positif, soit lib\u00e9r\u00e9 de son carcan n\u00e9oscolastique et repens\u00e9 dans une perspective oecum\u00e9nique&nbsp;; ce qui pourra se faire par une nouvelle confrontation entre, d\u2019un c\u00f4t\u00e9, ce que l\u2019histoire et l\u2019ex\u00e9g\u00e8se critique nous apprennent de la normativit\u00e9 interne \u00e0 l\u2019\u00c9glise naissante et, de l\u2019autre, ce que les diff\u00e9rentes \u00c9glises chr\u00e9tiennes et l\u2019\u00c9glise catholique attendent de leur rapport aux origines. L\u2019hypoth\u00e8se consiste \u00e0 interpr\u00e9ter les marqueurs essentiels de l\u2019apostolicit\u00e9, pouvant entrer dans un&nbsp;\u00ab&nbsp;consensus diff\u00e9renci\u00e9&nbsp;\u00bb, non pas comme \u00e9tant&nbsp;\u00ab&nbsp;de droit divin&nbsp;\u00bb mais, \u00e0 l\u2019aide du paradigme grammatical, en termes de&nbsp;\u00ab&nbsp;grammaire g\u00e9n\u00e9rative&nbsp;\u00bb. Il faut alors montrer que&nbsp;\u00ab&nbsp;l\u2019irr\u00e9versibilit\u00e9&nbsp;\u00bb, caract\u00e9ristique d\u00e9cisive de la R\u00e9v\u00e9lation chr\u00e9tienne, peut \u00eatre honor\u00e9e dans une telle interpr\u00e9tation grammaticale de l\u2019apostolicit\u00e9, mieux ajust\u00e9e aux d\u00e9veloppements multiples du christianisme post-apostolique que","og_url":"https:\/\/dev.centtreize.com\/rsr\/article\/l-apostolicite-de-l-eglise-pour-une-theologie-oecumenique-des-origines-chretiennes\/","og_site_name":"Recherches de Science Religieuse","article_published_time":"2015-06-08T11:02:48+00:00","article_modified_time":"2025-06-19T18:47:29+00:00","author":"H\u00e9l\u00e8ne","twitter_card":"summary_large_image","twitter_misc":{"\u00c9crit par":"H\u00e9l\u00e8ne","Dur\u00e9e de lecture estim\u00e9e":"1 minute"},"schema":{"@context":"https:\/\/schema.org","@graph":[{"@type":"Article","@id":"https:\/\/dev.centtreize.com\/rsr\/article\/l-apostolicite-de-l-eglise-pour-une-theologie-oecumenique-des-origines-chretiennes\/#article","isPartOf":{"@id":"https:\/\/dev.centtreize.com\/rsr\/article\/l-apostolicite-de-l-eglise-pour-une-theologie-oecumenique-des-origines-chretiennes\/"},"author":{"name":"H\u00e9l\u00e8ne","@id":"https:\/\/dev.centtreize.com\/rsr\/#\/schema\/person\/eb039ce63dcbc3fec0a6b81e43e29ad3"},"headline":"L&rsquo;apostolicit\u00e9 de l&rsquo;\u00c9glise. Pour une th\u00e9ologie \u0153cum\u00e9nique des origines chr\u00e9tiennes","datePublished":"2015-06-08T11:02:48+00:00","dateModified":"2025-06-19T18:47:29+00:00","mainEntityOfPage":{"@id":"https:\/\/dev.centtreize.com\/rsr\/article\/l-apostolicite-de-l-eglise-pour-une-theologie-oecumenique-des-origines-chretiennes\/"},"wordCount":223,"publisher":{"@id":"https:\/\/dev.centtreize.com\/rsr\/#organization"},"articleSection":["article"],"inLanguage":"fr-FR"},{"@type":"WebPage","@id":"https:\/\/dev.centtreize.com\/rsr\/article\/l-apostolicite-de-l-eglise-pour-une-theologie-oecumenique-des-origines-chretiennes\/","url":"https:\/\/dev.centtreize.com\/rsr\/article\/l-apostolicite-de-l-eglise-pour-une-theologie-oecumenique-des-origines-chretiennes\/","name":"L'apostolicit\u00e9 de l'\u00c9glise. Pour une th\u00e9ologie \u0153cum\u00e9nique des origines chr\u00e9tiennes - Recherches de Science Religieuse","isPartOf":{"@id":"https:\/\/dev.centtreize.com\/rsr\/#website"},"datePublished":"2015-06-08T11:02:48+00:00","dateModified":"2025-06-19T18:47:29+00:00","breadcrumb":{"@id":"https:\/\/dev.centtreize.com\/rsr\/article\/l-apostolicite-de-l-eglise-pour-une-theologie-oecumenique-des-origines-chretiennes\/#breadcrumb"},"inLanguage":"fr-FR","potentialAction":[{"@type":"ReadAction","target":["https:\/\/dev.centtreize.com\/rsr\/article\/l-apostolicite-de-l-eglise-pour-une-theologie-oecumenique-des-origines-chretiennes\/"]}]},{"@type":"BreadcrumbList","@id":"https:\/\/dev.centtreize.com\/rsr\/article\/l-apostolicite-de-l-eglise-pour-une-theologie-oecumenique-des-origines-chretiennes\/#breadcrumb","itemListElement":[{"@type":"ListItem","position":1,"name":"Accueil","item":"https:\/\/dev.centtreize.com\/rsr\/"},{"@type":"ListItem","position":2,"name":"L&rsquo;apostolicit\u00e9 de l&rsquo;\u00c9glise. Pour une th\u00e9ologie \u0153cum\u00e9nique des origines chr\u00e9tiennes"}]},{"@type":"WebSite","@id":"https:\/\/dev.centtreize.com\/rsr\/#website","url":"https:\/\/dev.centtreize.com\/rsr\/","name":"Recherches de Science Religieuse","description":"Recherches de Science Religieuse","publisher":{"@id":"https:\/\/dev.centtreize.com\/rsr\/#organization"},"potentialAction":[{"@type":"SearchAction","target":{"@type":"EntryPoint","urlTemplate":"https:\/\/dev.centtreize.com\/rsr\/?s={search_term_string}"},"query-input":{"@type":"PropertyValueSpecification","valueRequired":true,"valueName":"search_term_string"}}],"inLanguage":"fr-FR"},{"@type":"Organization","@id":"https:\/\/dev.centtreize.com\/rsr\/#organization","name":"Recherches de Science Religieuse","url":"https:\/\/dev.centtreize.com\/rsr\/","logo":{"@type":"ImageObject","inLanguage":"fr-FR","@id":"https:\/\/dev.centtreize.com\/rsr\/#\/schema\/logo\/image\/","url":"https:\/\/dev.centtreize.com\/rsr\/wp-content\/uploads\/2024\/10\/logo_rsr.png","contentUrl":"https:\/\/dev.centtreize.com\/rsr\/wp-content\/uploads\/2024\/10\/logo_rsr.png","width":300,"height":225,"caption":"Recherches de Science Religieuse"},"image":{"@id":"https:\/\/dev.centtreize.com\/rsr\/#\/schema\/logo\/image\/"}},{"@type":"Person","@id":"https:\/\/dev.centtreize.com\/rsr\/#\/schema\/person\/eb039ce63dcbc3fec0a6b81e43e29ad3","name":"H\u00e9l\u00e8ne","url":"https:\/\/dev.centtreize.com\/rsr\/author\/rsr\/"}]}},"_links":{"self":[{"href":"https:\/\/dev.centtreize.com\/rsr\/wp-json\/wp\/v2\/posts\/10476","targetHints":{"allow":["GET"]}}],"collection":[{"href":"https:\/\/dev.centtreize.com\/rsr\/wp-json\/wp\/v2\/posts"}],"about":[{"href":"https:\/\/dev.centtreize.com\/rsr\/wp-json\/wp\/v2\/types\/post"}],"author":[{"embeddable":true,"href":"https:\/\/dev.centtreize.com\/rsr\/wp-json\/wp\/v2\/users\/2"}],"replies":[{"embeddable":true,"href":"https:\/\/dev.centtreize.com\/rsr\/wp-json\/wp\/v2\/comments?post=10476"}],"version-history":[{"count":9,"href":"https:\/\/dev.centtreize.com\/rsr\/wp-json\/wp\/v2\/posts\/10476\/revisions"}],"predecessor-version":[{"id":19633,"href":"https:\/\/dev.centtreize.com\/rsr\/wp-json\/wp\/v2\/posts\/10476\/revisions\/19633"}],"wp:attachment":[{"href":"https:\/\/dev.centtreize.com\/rsr\/wp-json\/wp\/v2\/media?parent=10476"}],"wp:term":[{"taxonomy":"category","embeddable":true,"href":"https:\/\/dev.centtreize.com\/rsr\/wp-json\/wp\/v2\/categories?post=10476"},{"taxonomy":"post_tag","embeddable":true,"href":"https:\/\/dev.centtreize.com\/rsr\/wp-json\/wp\/v2\/tags?post=10476"},{"taxonomy":"keywords","embeddable":true,"href":"https:\/\/dev.centtreize.com\/rsr\/wp-json\/wp\/v2\/keywords?post=10476"}],"curies":[{"name":"wp","href":"https:\/\/api.w.org\/{rel}","templated":true}]}}