{"id":10474,"date":"2015-06-08T11:56:22","date_gmt":"2015-06-08T10:56:22","guid":{"rendered":"http:\/\/www.revue-rsr.com\/?p=10474"},"modified":"2025-06-13T07:32:54","modified_gmt":"2025-06-13T06:32:54","slug":"message-et-communaute-une-articulation-delicate","status":"publish","type":"post","link":"https:\/\/dev.centtreize.com\/rsr\/article\/message-et-communaute-une-articulation-delicate\/","title":{"rendered":"Message et communaut\u00e9 : une articulation d\u00e9licate"},"content":{"rendered":"<p>La communion eccl\u00e9siale est d\u2019abord partage des m\u00eames biens de salut. Deux dimensions se trouvent donc dessin\u00e9es, celle de la communaut\u00e9 et celle, premi\u00e8re, de l\u2019adh\u00e9sion de la communaut\u00e9 au message qui la constitue. La tradition catholique consid\u00e8re comme centrale l\u2019importance d\u2019un minist\u00e8re, au service de la communaut\u00e9, qui est aussi, et sans doute d\u2019abord, un magist\u00e8re, au service de l\u2019authenticit\u00e9 du message. La l\u00e9gitimit\u00e9 de ce minist\u00e8re\/magist\u00e8re est plac\u00e9e sous le signe de l\u2019apostolicit\u00e9. L\u2019article envisage un certain nombre de&nbsp;\u00ab&nbsp;blocages&nbsp;\u00bb qui, dans l\u2019histoire, ont pu affecter le jeu entre ces deux dimensions, dus notamment \u00e0 une personnalisation, \u00e0 tendances monopolistiques, du minist\u00e8re comme du magist\u00e8re. Il propose quelques perspectives de d\u00e9passements.<\/p>\n","protected":false},"excerpt":{"rendered":"<p>La communion eccl\u00e9siale est d\u2019abord partage des m\u00eames biens de salut. Deux dimensions se trouvent donc dessin\u00e9es, celle de la communaut\u00e9 et celle, premi\u00e8re, de l\u2019adh\u00e9sion de la communaut\u00e9 au message qui la constitue. La tradition catholique consid\u00e8re comme centrale l\u2019importance d\u2019un minist\u00e8re, au service de la communaut\u00e9, qui est aussi, et sans doute d\u2019abord, un magist\u00e8re, au service de l\u2019authenticit\u00e9 du message. La l\u00e9gitimit\u00e9 de ce minist\u00e8re\/magist\u00e8re est plac\u00e9e sous le signe de l\u2019apostolicit\u00e9. L\u2019article envisage un certain nombre de&nbsp;\u00ab&nbsp;blocages&nbsp;\u00bb qui, dans l\u2019histoire, ont pu affecter le jeu entre ces deux dimensions, dus notamment \u00e0 une personnalisation, \u00e0 tendances monopolistiques, du minist\u00e8re comme du magist\u00e8re. Il propose quelques perspectives de d\u00e9passements.<\/p>\n","protected":false},"author":2,"featured_media":0,"comment_status":"closed","ping_status":"closed","sticky":false,"template":"","format":"standard","meta":{"_acf_changed":false,"footnotes":""},"categories":[6],"tags":[197,104,22,211,212,213,214,215,216],"keywords":[1204,1206,1137,1205],"class_list":["post-10474","post","type-post","status-publish","format-standard","hentry","category-article","tag-apostolicite","tag-apotre","tag-eglise","tag-eglise-catholique","tag-heresie","tag-magistere","tag-ministere","tag-munus-docendi","tag-munus-regendi","keywords-apotres-apostolicite","keywords-communaute","keywords-eglise","keywords-magistere"],"acf":[],"yoast_head":"<!-- This site is optimized with the Yoast SEO plugin v27.2 - https:\/\/yoast.com\/product\/yoast-seo-wordpress\/ -->\n<title>Message et communaut\u00e9 : une articulation d\u00e9licate - Recherches de Science Religieuse<\/title>\n<meta name=\"robots\" content=\"index, follow, max-snippet:-1, max-image-preview:large, max-video-preview:-1\" \/>\n<link rel=\"canonical\" href=\"https:\/\/dev.centtreize.com\/rsr\/article\/message-et-communaute-une-articulation-delicate\/\" \/>\n<meta property=\"og:locale\" content=\"fr_FR\" \/>\n<meta property=\"og:type\" content=\"article\" \/>\n<meta property=\"og:title\" content=\"Message et communaut\u00e9 : une articulation d\u00e9licate - Recherches de Science Religieuse\" \/>\n<meta property=\"og:description\" content=\"La communion eccl\u00e9siale est d\u2019abord partage des m\u00eames biens de salut. Deux dimensions se trouvent donc dessin\u00e9es, celle de la communaut\u00e9 et celle, premi\u00e8re, de l\u2019adh\u00e9sion de la communaut\u00e9 au message qui la constitue. La tradition catholique consid\u00e8re comme centrale l\u2019importance d\u2019un minist\u00e8re, au service de la communaut\u00e9, qui est aussi, et sans doute d\u2019abord, un magist\u00e8re, au service de l\u2019authenticit\u00e9 du message. La l\u00e9gitimit\u00e9 de ce minist\u00e8re\/magist\u00e8re est plac\u00e9e sous le signe de l\u2019apostolicit\u00e9. L\u2019article envisage un certain nombre de&nbsp;\u00ab&nbsp;blocages&nbsp;\u00bb qui, dans l\u2019histoire, ont pu affecter le jeu entre ces deux dimensions, dus notamment \u00e0 une personnalisation, \u00e0 tendances monopolistiques, du minist\u00e8re comme du magist\u00e8re. Il propose quelques perspectives de d\u00e9passements.\" \/>\n<meta property=\"og:url\" content=\"https:\/\/dev.centtreize.com\/rsr\/article\/message-et-communaute-une-articulation-delicate\/\" \/>\n<meta property=\"og:site_name\" content=\"Recherches de Science Religieuse\" \/>\n<meta property=\"article:published_time\" content=\"2015-06-08T10:56:22+00:00\" \/>\n<meta property=\"article:modified_time\" content=\"2025-06-13T06:32:54+00:00\" \/>\n<meta name=\"author\" content=\"H\u00e9l\u00e8ne\" \/>\n<meta name=\"twitter:card\" content=\"summary_large_image\" \/>\n<meta name=\"twitter:label1\" content=\"\u00c9crit par\" \/>\n\t<meta name=\"twitter:data1\" content=\"H\u00e9l\u00e8ne\" \/>\n\t<meta name=\"twitter:label2\" content=\"Dur\u00e9e de lecture estim\u00e9e\" \/>\n\t<meta name=\"twitter:data2\" content=\"1 minute\" \/>\n<script type=\"application\/ld+json\" class=\"yoast-schema-graph\">{\"@context\":\"https:\/\/schema.org\",\"@graph\":[{\"@type\":\"Article\",\"@id\":\"https:\/\/dev.centtreize.com\/rsr\/article\/message-et-communaute-une-articulation-delicate\/#article\",\"isPartOf\":{\"@id\":\"https:\/\/dev.centtreize.com\/rsr\/article\/message-et-communaute-une-articulation-delicate\/\"},\"author\":{\"name\":\"H\u00e9l\u00e8ne\",\"@id\":\"https:\/\/dev.centtreize.com\/rsr\/#\/schema\/person\/eb039ce63dcbc3fec0a6b81e43e29ad3\"},\"headline\":\"Message et communaut\u00e9 : une articulation d\u00e9licate\",\"datePublished\":\"2015-06-08T10:56:22+00:00\",\"dateModified\":\"2025-06-13T06:32:54+00:00\",\"mainEntityOfPage\":{\"@id\":\"https:\/\/dev.centtreize.com\/rsr\/article\/message-et-communaute-une-articulation-delicate\/\"},\"wordCount\":143,\"publisher\":{\"@id\":\"https:\/\/dev.centtreize.com\/rsr\/#organization\"},\"keywords\":[\"apostolicit\u00e9\",\"ap\u00f4tre\",\"Eglise\",\"\u00e9glise catholique\",\"h\u00e9r\u00e9sie\",\"magist\u00e8re\",\"minist\u00e8re\",\"munus docendi\",\"munus regendi\"],\"articleSection\":[\"article\"],\"inLanguage\":\"fr-FR\"},{\"@type\":\"WebPage\",\"@id\":\"https:\/\/dev.centtreize.com\/rsr\/article\/message-et-communaute-une-articulation-delicate\/\",\"url\":\"https:\/\/dev.centtreize.com\/rsr\/article\/message-et-communaute-une-articulation-delicate\/\",\"name\":\"Message et communaut\u00e9 : une articulation d\u00e9licate - Recherches de Science Religieuse\",\"isPartOf\":{\"@id\":\"https:\/\/dev.centtreize.com\/rsr\/#website\"},\"datePublished\":\"2015-06-08T10:56:22+00:00\",\"dateModified\":\"2025-06-13T06:32:54+00:00\",\"breadcrumb\":{\"@id\":\"https:\/\/dev.centtreize.com\/rsr\/article\/message-et-communaute-une-articulation-delicate\/#breadcrumb\"},\"inLanguage\":\"fr-FR\",\"potentialAction\":[{\"@type\":\"ReadAction\",\"target\":[\"https:\/\/dev.centtreize.com\/rsr\/article\/message-et-communaute-une-articulation-delicate\/\"]}]},{\"@type\":\"BreadcrumbList\",\"@id\":\"https:\/\/dev.centtreize.com\/rsr\/article\/message-et-communaute-une-articulation-delicate\/#breadcrumb\",\"itemListElement\":[{\"@type\":\"ListItem\",\"position\":1,\"name\":\"Accueil\",\"item\":\"https:\/\/dev.centtreize.com\/rsr\/\"},{\"@type\":\"ListItem\",\"position\":2,\"name\":\"Message et communaut\u00e9 : une articulation d\u00e9licate\"}]},{\"@type\":\"WebSite\",\"@id\":\"https:\/\/dev.centtreize.com\/rsr\/#website\",\"url\":\"https:\/\/dev.centtreize.com\/rsr\/\",\"name\":\"Recherches de Science Religieuse\",\"description\":\"Recherches de Science Religieuse\",\"publisher\":{\"@id\":\"https:\/\/dev.centtreize.com\/rsr\/#organization\"},\"potentialAction\":[{\"@type\":\"SearchAction\",\"target\":{\"@type\":\"EntryPoint\",\"urlTemplate\":\"https:\/\/dev.centtreize.com\/rsr\/?s={search_term_string}\"},\"query-input\":{\"@type\":\"PropertyValueSpecification\",\"valueRequired\":true,\"valueName\":\"search_term_string\"}}],\"inLanguage\":\"fr-FR\"},{\"@type\":\"Organization\",\"@id\":\"https:\/\/dev.centtreize.com\/rsr\/#organization\",\"name\":\"Recherches de Science Religieuse\",\"url\":\"https:\/\/dev.centtreize.com\/rsr\/\",\"logo\":{\"@type\":\"ImageObject\",\"inLanguage\":\"fr-FR\",\"@id\":\"https:\/\/dev.centtreize.com\/rsr\/#\/schema\/logo\/image\/\",\"url\":\"https:\/\/dev.centtreize.com\/rsr\/wp-content\/uploads\/2024\/10\/logo_rsr.png\",\"contentUrl\":\"https:\/\/dev.centtreize.com\/rsr\/wp-content\/uploads\/2024\/10\/logo_rsr.png\",\"width\":300,\"height\":225,\"caption\":\"Recherches de Science Religieuse\"},\"image\":{\"@id\":\"https:\/\/dev.centtreize.com\/rsr\/#\/schema\/logo\/image\/\"}},{\"@type\":\"Person\",\"@id\":\"https:\/\/dev.centtreize.com\/rsr\/#\/schema\/person\/eb039ce63dcbc3fec0a6b81e43e29ad3\",\"name\":\"H\u00e9l\u00e8ne\",\"url\":\"https:\/\/dev.centtreize.com\/rsr\/author\/rsr\/\"}]}<\/script>\n<!-- \/ Yoast SEO plugin. -->","yoast_head_json":{"title":"Message et communaut\u00e9 : une articulation d\u00e9licate - Recherches de Science Religieuse","robots":{"index":"index","follow":"follow","max-snippet":"max-snippet:-1","max-image-preview":"max-image-preview:large","max-video-preview":"max-video-preview:-1"},"canonical":"https:\/\/dev.centtreize.com\/rsr\/article\/message-et-communaute-une-articulation-delicate\/","og_locale":"fr_FR","og_type":"article","og_title":"Message et communaut\u00e9 : une articulation d\u00e9licate - Recherches de Science Religieuse","og_description":"La communion eccl\u00e9siale est d\u2019abord partage des m\u00eames biens de salut. Deux dimensions se trouvent donc dessin\u00e9es, celle de la communaut\u00e9 et celle, premi\u00e8re, de l\u2019adh\u00e9sion de la communaut\u00e9 au message qui la constitue. La tradition catholique consid\u00e8re comme centrale l\u2019importance d\u2019un minist\u00e8re, au service de la communaut\u00e9, qui est aussi, et sans doute d\u2019abord, un magist\u00e8re, au service de l\u2019authenticit\u00e9 du message. La l\u00e9gitimit\u00e9 de ce minist\u00e8re\/magist\u00e8re est plac\u00e9e sous le signe de l\u2019apostolicit\u00e9. L\u2019article envisage un certain nombre de&nbsp;\u00ab&nbsp;blocages&nbsp;\u00bb qui, dans l\u2019histoire, ont pu affecter le jeu entre ces deux dimensions, dus notamment \u00e0 une personnalisation, \u00e0 tendances monopolistiques, du minist\u00e8re comme du magist\u00e8re. Il propose quelques perspectives de d\u00e9passements.","og_url":"https:\/\/dev.centtreize.com\/rsr\/article\/message-et-communaute-une-articulation-delicate\/","og_site_name":"Recherches de Science Religieuse","article_published_time":"2015-06-08T10:56:22+00:00","article_modified_time":"2025-06-13T06:32:54+00:00","author":"H\u00e9l\u00e8ne","twitter_card":"summary_large_image","twitter_misc":{"\u00c9crit par":"H\u00e9l\u00e8ne","Dur\u00e9e de lecture estim\u00e9e":"1 minute"},"schema":{"@context":"https:\/\/schema.org","@graph":[{"@type":"Article","@id":"https:\/\/dev.centtreize.com\/rsr\/article\/message-et-communaute-une-articulation-delicate\/#article","isPartOf":{"@id":"https:\/\/dev.centtreize.com\/rsr\/article\/message-et-communaute-une-articulation-delicate\/"},"author":{"name":"H\u00e9l\u00e8ne","@id":"https:\/\/dev.centtreize.com\/rsr\/#\/schema\/person\/eb039ce63dcbc3fec0a6b81e43e29ad3"},"headline":"Message et communaut\u00e9 : une articulation d\u00e9licate","datePublished":"2015-06-08T10:56:22+00:00","dateModified":"2025-06-13T06:32:54+00:00","mainEntityOfPage":{"@id":"https:\/\/dev.centtreize.com\/rsr\/article\/message-et-communaute-une-articulation-delicate\/"},"wordCount":143,"publisher":{"@id":"https:\/\/dev.centtreize.com\/rsr\/#organization"},"keywords":["apostolicit\u00e9","ap\u00f4tre","Eglise","\u00e9glise catholique","h\u00e9r\u00e9sie","magist\u00e8re","minist\u00e8re","munus docendi","munus regendi"],"articleSection":["article"],"inLanguage":"fr-FR"},{"@type":"WebPage","@id":"https:\/\/dev.centtreize.com\/rsr\/article\/message-et-communaute-une-articulation-delicate\/","url":"https:\/\/dev.centtreize.com\/rsr\/article\/message-et-communaute-une-articulation-delicate\/","name":"Message et communaut\u00e9 : une articulation d\u00e9licate - Recherches de Science Religieuse","isPartOf":{"@id":"https:\/\/dev.centtreize.com\/rsr\/#website"},"datePublished":"2015-06-08T10:56:22+00:00","dateModified":"2025-06-13T06:32:54+00:00","breadcrumb":{"@id":"https:\/\/dev.centtreize.com\/rsr\/article\/message-et-communaute-une-articulation-delicate\/#breadcrumb"},"inLanguage":"fr-FR","potentialAction":[{"@type":"ReadAction","target":["https:\/\/dev.centtreize.com\/rsr\/article\/message-et-communaute-une-articulation-delicate\/"]}]},{"@type":"BreadcrumbList","@id":"https:\/\/dev.centtreize.com\/rsr\/article\/message-et-communaute-une-articulation-delicate\/#breadcrumb","itemListElement":[{"@type":"ListItem","position":1,"name":"Accueil","item":"https:\/\/dev.centtreize.com\/rsr\/"},{"@type":"ListItem","position":2,"name":"Message et communaut\u00e9 : une articulation d\u00e9licate"}]},{"@type":"WebSite","@id":"https:\/\/dev.centtreize.com\/rsr\/#website","url":"https:\/\/dev.centtreize.com\/rsr\/","name":"Recherches de Science Religieuse","description":"Recherches de Science Religieuse","publisher":{"@id":"https:\/\/dev.centtreize.com\/rsr\/#organization"},"potentialAction":[{"@type":"SearchAction","target":{"@type":"EntryPoint","urlTemplate":"https:\/\/dev.centtreize.com\/rsr\/?s={search_term_string}"},"query-input":{"@type":"PropertyValueSpecification","valueRequired":true,"valueName":"search_term_string"}}],"inLanguage":"fr-FR"},{"@type":"Organization","@id":"https:\/\/dev.centtreize.com\/rsr\/#organization","name":"Recherches de Science Religieuse","url":"https:\/\/dev.centtreize.com\/rsr\/","logo":{"@type":"ImageObject","inLanguage":"fr-FR","@id":"https:\/\/dev.centtreize.com\/rsr\/#\/schema\/logo\/image\/","url":"https:\/\/dev.centtreize.com\/rsr\/wp-content\/uploads\/2024\/10\/logo_rsr.png","contentUrl":"https:\/\/dev.centtreize.com\/rsr\/wp-content\/uploads\/2024\/10\/logo_rsr.png","width":300,"height":225,"caption":"Recherches de Science Religieuse"},"image":{"@id":"https:\/\/dev.centtreize.com\/rsr\/#\/schema\/logo\/image\/"}},{"@type":"Person","@id":"https:\/\/dev.centtreize.com\/rsr\/#\/schema\/person\/eb039ce63dcbc3fec0a6b81e43e29ad3","name":"H\u00e9l\u00e8ne","url":"https:\/\/dev.centtreize.com\/rsr\/author\/rsr\/"}]}},"_links":{"self":[{"href":"https:\/\/dev.centtreize.com\/rsr\/wp-json\/wp\/v2\/posts\/10474","targetHints":{"allow":["GET"]}}],"collection":[{"href":"https:\/\/dev.centtreize.com\/rsr\/wp-json\/wp\/v2\/posts"}],"about":[{"href":"https:\/\/dev.centtreize.com\/rsr\/wp-json\/wp\/v2\/types\/post"}],"author":[{"embeddable":true,"href":"https:\/\/dev.centtreize.com\/rsr\/wp-json\/wp\/v2\/users\/2"}],"replies":[{"embeddable":true,"href":"https:\/\/dev.centtreize.com\/rsr\/wp-json\/wp\/v2\/comments?post=10474"}],"version-history":[{"count":7,"href":"https:\/\/dev.centtreize.com\/rsr\/wp-json\/wp\/v2\/posts\/10474\/revisions"}],"predecessor-version":[{"id":17526,"href":"https:\/\/dev.centtreize.com\/rsr\/wp-json\/wp\/v2\/posts\/10474\/revisions\/17526"}],"wp:attachment":[{"href":"https:\/\/dev.centtreize.com\/rsr\/wp-json\/wp\/v2\/media?parent=10474"}],"wp:term":[{"taxonomy":"category","embeddable":true,"href":"https:\/\/dev.centtreize.com\/rsr\/wp-json\/wp\/v2\/categories?post=10474"},{"taxonomy":"post_tag","embeddable":true,"href":"https:\/\/dev.centtreize.com\/rsr\/wp-json\/wp\/v2\/tags?post=10474"},{"taxonomy":"keywords","embeddable":true,"href":"https:\/\/dev.centtreize.com\/rsr\/wp-json\/wp\/v2\/keywords?post=10474"}],"curies":[{"name":"wp","href":"https:\/\/api.w.org\/{rel}","templated":true}]}}