{"id":10471,"date":"2015-06-08T11:52:06","date_gmt":"2015-06-08T10:52:06","guid":{"rendered":"http:\/\/www.revue-rsr.com\/?p=10471"},"modified":"2025-06-13T07:32:42","modified_gmt":"2025-06-13T06:32:42","slug":"la-notion-dapostolicite-dans-les-premiers-siecles","status":"publish","type":"post","link":"https:\/\/dev.centtreize.com\/rsr\/article\/la-notion-dapostolicite-dans-les-premiers-siecles\/","title":{"rendered":"La notion d&rsquo;apostolicit\u00e9 dans les premiers si\u00e8cles"},"content":{"rendered":"<p>Depuis Lightfoot en 1865, la d\u00e9finition classique d\u2019une apostolicit\u00e9 r\u00e9serv\u00e9e aux seuls&nbsp;\u00ab&nbsp;Douze ap\u00f4tres&nbsp;\u00bb fut remise en cause par les ex\u00e9g\u00e8tes qui en vinrent \u00e0 une position de plus en plus critique vis-\u00e0-vis de la r\u00e9alit\u00e9 historique de cette institution et pr\u00e9f\u00e9rant, \u00e0 l\u2019instar d\u2019Harnack, la cantonner \u00e0 une pure fonction charismatique. Il est temps de r\u00e9viser cette r\u00e9vision, pour certes proposer une extension plus grande du concept d\u2019ap\u00f4tre, mais aussi tenter de le red\u00e9finir \u00e0 la lumi\u00e8re du nouveau paradigme historique concernant l\u2019histoire des premi\u00e8res communaut\u00e9s et de la prise en compte de l\u2019histoire de sa r\u00e9ception par les premiers P\u00e8res de l\u2019\u00c9glise.<\/p>\n","protected":false},"excerpt":{"rendered":"<p>Depuis Lightfoot en 1865, la d\u00e9finition classique d\u2019une apostolicit\u00e9 r\u00e9serv\u00e9e aux seuls&nbsp;\u00ab&nbsp;Douze ap\u00f4tres&nbsp;\u00bb fut remise en cause par les ex\u00e9g\u00e8tes qui en vinrent \u00e0 une position de plus en plus critique vis-\u00e0-vis de la r\u00e9alit\u00e9 historique de cette institution et pr\u00e9f\u00e9rant, \u00e0 l\u2019instar d\u2019Harnack, la cantonner \u00e0 une pure fonction charismatique. Il est temps de r\u00e9viser cette r\u00e9vision, pour certes proposer une extension plus grande du concept d\u2019ap\u00f4tre, mais aussi tenter de le red\u00e9finir \u00e0 la lumi\u00e8re du nouveau paradigme historique concernant l\u2019histoire des premi\u00e8res communaut\u00e9s et de la prise en compte de l\u2019histoire de sa r\u00e9ception par les premiers P\u00e8res de l\u2019\u00c9glise.<\/p>\n","protected":false},"author":2,"featured_media":0,"comment_status":"closed","ping_status":"closed","sticky":false,"template":"","format":"standard","meta":{"_acf_changed":false,"footnotes":""},"categories":[6],"tags":[198,197,199,104,200,202,201],"keywords":[1204,1137,1157],"class_list":["post-10471","post","type-post","status-publish","format-standard","hentry","category-article","tag-apostolat","tag-apostolicite","tag-apostolique","tag-apotre","tag-douze-apotres","tag-ministeres","tag-paul-de-tarse","keywords-apotres-apostolicite","keywords-eglise","keywords-tradition"],"acf":[],"yoast_head":"<!-- This site is optimized with the Yoast SEO plugin v27.2 - https:\/\/yoast.com\/product\/yoast-seo-wordpress\/ -->\n<title>La notion d&#039;apostolicit\u00e9 dans les premiers si\u00e8cles - Recherches de Science Religieuse<\/title>\n<meta name=\"robots\" content=\"index, follow, max-snippet:-1, max-image-preview:large, max-video-preview:-1\" \/>\n<link rel=\"canonical\" href=\"https:\/\/dev.centtreize.com\/rsr\/article\/la-notion-dapostolicite-dans-les-premiers-siecles\/\" \/>\n<meta property=\"og:locale\" content=\"fr_FR\" \/>\n<meta property=\"og:type\" content=\"article\" \/>\n<meta property=\"og:title\" content=\"La notion d&#039;apostolicit\u00e9 dans les premiers si\u00e8cles - Recherches de Science Religieuse\" \/>\n<meta property=\"og:description\" content=\"Depuis Lightfoot en 1865, la d\u00e9finition classique d\u2019une apostolicit\u00e9 r\u00e9serv\u00e9e aux seuls&nbsp;\u00ab&nbsp;Douze ap\u00f4tres&nbsp;\u00bb fut remise en cause par les ex\u00e9g\u00e8tes qui en vinrent \u00e0 une position de plus en plus critique vis-\u00e0-vis de la r\u00e9alit\u00e9 historique de cette institution et pr\u00e9f\u00e9rant, \u00e0 l\u2019instar d\u2019Harnack, la cantonner \u00e0 une pure fonction charismatique. Il est temps de r\u00e9viser cette r\u00e9vision, pour certes proposer une extension plus grande du concept d\u2019ap\u00f4tre, mais aussi tenter de le red\u00e9finir \u00e0 la lumi\u00e8re du nouveau paradigme historique concernant l\u2019histoire des premi\u00e8res communaut\u00e9s et de la prise en compte de l\u2019histoire de sa r\u00e9ception par les premiers P\u00e8res de l\u2019\u00c9glise.\" \/>\n<meta property=\"og:url\" content=\"https:\/\/dev.centtreize.com\/rsr\/article\/la-notion-dapostolicite-dans-les-premiers-siecles\/\" \/>\n<meta property=\"og:site_name\" content=\"Recherches de Science Religieuse\" \/>\n<meta property=\"article:published_time\" content=\"2015-06-08T10:52:06+00:00\" \/>\n<meta property=\"article:modified_time\" content=\"2025-06-13T06:32:42+00:00\" \/>\n<meta name=\"author\" content=\"H\u00e9l\u00e8ne\" \/>\n<meta name=\"twitter:card\" content=\"summary_large_image\" \/>\n<meta name=\"twitter:label1\" content=\"\u00c9crit par\" \/>\n\t<meta name=\"twitter:data1\" content=\"H\u00e9l\u00e8ne\" \/>\n\t<meta name=\"twitter:label2\" content=\"Dur\u00e9e de lecture estim\u00e9e\" \/>\n\t<meta name=\"twitter:data2\" content=\"1 minute\" \/>\n<script type=\"application\/ld+json\" class=\"yoast-schema-graph\">{\"@context\":\"https:\/\/schema.org\",\"@graph\":[{\"@type\":\"Article\",\"@id\":\"https:\/\/dev.centtreize.com\/rsr\/article\/la-notion-dapostolicite-dans-les-premiers-siecles\/#article\",\"isPartOf\":{\"@id\":\"https:\/\/dev.centtreize.com\/rsr\/article\/la-notion-dapostolicite-dans-les-premiers-siecles\/\"},\"author\":{\"name\":\"H\u00e9l\u00e8ne\",\"@id\":\"https:\/\/dev.centtreize.com\/rsr\/#\/schema\/person\/eb039ce63dcbc3fec0a6b81e43e29ad3\"},\"headline\":\"La notion d&rsquo;apostolicit\u00e9 dans les premiers si\u00e8cles\",\"datePublished\":\"2015-06-08T10:52:06+00:00\",\"dateModified\":\"2025-06-13T06:32:42+00:00\",\"mainEntityOfPage\":{\"@id\":\"https:\/\/dev.centtreize.com\/rsr\/article\/la-notion-dapostolicite-dans-les-premiers-siecles\/\"},\"wordCount\":134,\"publisher\":{\"@id\":\"https:\/\/dev.centtreize.com\/rsr\/#organization\"},\"keywords\":[\"apostolat\",\"apostolicit\u00e9\",\"apostolique\",\"ap\u00f4tre\",\"Douze ap\u00f4tres\",\"minist\u00e8res\",\"Paul de Tarse\"],\"articleSection\":[\"article\"],\"inLanguage\":\"fr-FR\"},{\"@type\":\"WebPage\",\"@id\":\"https:\/\/dev.centtreize.com\/rsr\/article\/la-notion-dapostolicite-dans-les-premiers-siecles\/\",\"url\":\"https:\/\/dev.centtreize.com\/rsr\/article\/la-notion-dapostolicite-dans-les-premiers-siecles\/\",\"name\":\"La notion d'apostolicit\u00e9 dans les premiers si\u00e8cles - Recherches de Science Religieuse\",\"isPartOf\":{\"@id\":\"https:\/\/dev.centtreize.com\/rsr\/#website\"},\"datePublished\":\"2015-06-08T10:52:06+00:00\",\"dateModified\":\"2025-06-13T06:32:42+00:00\",\"breadcrumb\":{\"@id\":\"https:\/\/dev.centtreize.com\/rsr\/article\/la-notion-dapostolicite-dans-les-premiers-siecles\/#breadcrumb\"},\"inLanguage\":\"fr-FR\",\"potentialAction\":[{\"@type\":\"ReadAction\",\"target\":[\"https:\/\/dev.centtreize.com\/rsr\/article\/la-notion-dapostolicite-dans-les-premiers-siecles\/\"]}]},{\"@type\":\"BreadcrumbList\",\"@id\":\"https:\/\/dev.centtreize.com\/rsr\/article\/la-notion-dapostolicite-dans-les-premiers-siecles\/#breadcrumb\",\"itemListElement\":[{\"@type\":\"ListItem\",\"position\":1,\"name\":\"Accueil\",\"item\":\"https:\/\/dev.centtreize.com\/rsr\/\"},{\"@type\":\"ListItem\",\"position\":2,\"name\":\"La notion d&rsquo;apostolicit\u00e9 dans les premiers si\u00e8cles\"}]},{\"@type\":\"WebSite\",\"@id\":\"https:\/\/dev.centtreize.com\/rsr\/#website\",\"url\":\"https:\/\/dev.centtreize.com\/rsr\/\",\"name\":\"Recherches de Science Religieuse\",\"description\":\"Recherches de Science Religieuse\",\"publisher\":{\"@id\":\"https:\/\/dev.centtreize.com\/rsr\/#organization\"},\"potentialAction\":[{\"@type\":\"SearchAction\",\"target\":{\"@type\":\"EntryPoint\",\"urlTemplate\":\"https:\/\/dev.centtreize.com\/rsr\/?s={search_term_string}\"},\"query-input\":{\"@type\":\"PropertyValueSpecification\",\"valueRequired\":true,\"valueName\":\"search_term_string\"}}],\"inLanguage\":\"fr-FR\"},{\"@type\":\"Organization\",\"@id\":\"https:\/\/dev.centtreize.com\/rsr\/#organization\",\"name\":\"Recherches de Science Religieuse\",\"url\":\"https:\/\/dev.centtreize.com\/rsr\/\",\"logo\":{\"@type\":\"ImageObject\",\"inLanguage\":\"fr-FR\",\"@id\":\"https:\/\/dev.centtreize.com\/rsr\/#\/schema\/logo\/image\/\",\"url\":\"https:\/\/dev.centtreize.com\/rsr\/wp-content\/uploads\/2024\/10\/logo_rsr.png\",\"contentUrl\":\"https:\/\/dev.centtreize.com\/rsr\/wp-content\/uploads\/2024\/10\/logo_rsr.png\",\"width\":300,\"height\":225,\"caption\":\"Recherches de Science Religieuse\"},\"image\":{\"@id\":\"https:\/\/dev.centtreize.com\/rsr\/#\/schema\/logo\/image\/\"}},{\"@type\":\"Person\",\"@id\":\"https:\/\/dev.centtreize.com\/rsr\/#\/schema\/person\/eb039ce63dcbc3fec0a6b81e43e29ad3\",\"name\":\"H\u00e9l\u00e8ne\",\"url\":\"https:\/\/dev.centtreize.com\/rsr\/author\/rsr\/\"}]}<\/script>\n<!-- \/ Yoast SEO plugin. -->","yoast_head_json":{"title":"La notion d'apostolicit\u00e9 dans les premiers si\u00e8cles - Recherches de Science Religieuse","robots":{"index":"index","follow":"follow","max-snippet":"max-snippet:-1","max-image-preview":"max-image-preview:large","max-video-preview":"max-video-preview:-1"},"canonical":"https:\/\/dev.centtreize.com\/rsr\/article\/la-notion-dapostolicite-dans-les-premiers-siecles\/","og_locale":"fr_FR","og_type":"article","og_title":"La notion d'apostolicit\u00e9 dans les premiers si\u00e8cles - Recherches de Science Religieuse","og_description":"Depuis Lightfoot en 1865, la d\u00e9finition classique d\u2019une apostolicit\u00e9 r\u00e9serv\u00e9e aux seuls&nbsp;\u00ab&nbsp;Douze ap\u00f4tres&nbsp;\u00bb fut remise en cause par les ex\u00e9g\u00e8tes qui en vinrent \u00e0 une position de plus en plus critique vis-\u00e0-vis de la r\u00e9alit\u00e9 historique de cette institution et pr\u00e9f\u00e9rant, \u00e0 l\u2019instar d\u2019Harnack, la cantonner \u00e0 une pure fonction charismatique. Il est temps de r\u00e9viser cette r\u00e9vision, pour certes proposer une extension plus grande du concept d\u2019ap\u00f4tre, mais aussi tenter de le red\u00e9finir \u00e0 la lumi\u00e8re du nouveau paradigme historique concernant l\u2019histoire des premi\u00e8res communaut\u00e9s et de la prise en compte de l\u2019histoire de sa r\u00e9ception par les premiers P\u00e8res de l\u2019\u00c9glise.","og_url":"https:\/\/dev.centtreize.com\/rsr\/article\/la-notion-dapostolicite-dans-les-premiers-siecles\/","og_site_name":"Recherches de Science Religieuse","article_published_time":"2015-06-08T10:52:06+00:00","article_modified_time":"2025-06-13T06:32:42+00:00","author":"H\u00e9l\u00e8ne","twitter_card":"summary_large_image","twitter_misc":{"\u00c9crit par":"H\u00e9l\u00e8ne","Dur\u00e9e de lecture estim\u00e9e":"1 minute"},"schema":{"@context":"https:\/\/schema.org","@graph":[{"@type":"Article","@id":"https:\/\/dev.centtreize.com\/rsr\/article\/la-notion-dapostolicite-dans-les-premiers-siecles\/#article","isPartOf":{"@id":"https:\/\/dev.centtreize.com\/rsr\/article\/la-notion-dapostolicite-dans-les-premiers-siecles\/"},"author":{"name":"H\u00e9l\u00e8ne","@id":"https:\/\/dev.centtreize.com\/rsr\/#\/schema\/person\/eb039ce63dcbc3fec0a6b81e43e29ad3"},"headline":"La notion d&rsquo;apostolicit\u00e9 dans les premiers si\u00e8cles","datePublished":"2015-06-08T10:52:06+00:00","dateModified":"2025-06-13T06:32:42+00:00","mainEntityOfPage":{"@id":"https:\/\/dev.centtreize.com\/rsr\/article\/la-notion-dapostolicite-dans-les-premiers-siecles\/"},"wordCount":134,"publisher":{"@id":"https:\/\/dev.centtreize.com\/rsr\/#organization"},"keywords":["apostolat","apostolicit\u00e9","apostolique","ap\u00f4tre","Douze ap\u00f4tres","minist\u00e8res","Paul de Tarse"],"articleSection":["article"],"inLanguage":"fr-FR"},{"@type":"WebPage","@id":"https:\/\/dev.centtreize.com\/rsr\/article\/la-notion-dapostolicite-dans-les-premiers-siecles\/","url":"https:\/\/dev.centtreize.com\/rsr\/article\/la-notion-dapostolicite-dans-les-premiers-siecles\/","name":"La notion d'apostolicit\u00e9 dans les premiers si\u00e8cles - Recherches de Science Religieuse","isPartOf":{"@id":"https:\/\/dev.centtreize.com\/rsr\/#website"},"datePublished":"2015-06-08T10:52:06+00:00","dateModified":"2025-06-13T06:32:42+00:00","breadcrumb":{"@id":"https:\/\/dev.centtreize.com\/rsr\/article\/la-notion-dapostolicite-dans-les-premiers-siecles\/#breadcrumb"},"inLanguage":"fr-FR","potentialAction":[{"@type":"ReadAction","target":["https:\/\/dev.centtreize.com\/rsr\/article\/la-notion-dapostolicite-dans-les-premiers-siecles\/"]}]},{"@type":"BreadcrumbList","@id":"https:\/\/dev.centtreize.com\/rsr\/article\/la-notion-dapostolicite-dans-les-premiers-siecles\/#breadcrumb","itemListElement":[{"@type":"ListItem","position":1,"name":"Accueil","item":"https:\/\/dev.centtreize.com\/rsr\/"},{"@type":"ListItem","position":2,"name":"La notion d&rsquo;apostolicit\u00e9 dans les premiers si\u00e8cles"}]},{"@type":"WebSite","@id":"https:\/\/dev.centtreize.com\/rsr\/#website","url":"https:\/\/dev.centtreize.com\/rsr\/","name":"Recherches de Science Religieuse","description":"Recherches de Science Religieuse","publisher":{"@id":"https:\/\/dev.centtreize.com\/rsr\/#organization"},"potentialAction":[{"@type":"SearchAction","target":{"@type":"EntryPoint","urlTemplate":"https:\/\/dev.centtreize.com\/rsr\/?s={search_term_string}"},"query-input":{"@type":"PropertyValueSpecification","valueRequired":true,"valueName":"search_term_string"}}],"inLanguage":"fr-FR"},{"@type":"Organization","@id":"https:\/\/dev.centtreize.com\/rsr\/#organization","name":"Recherches de Science Religieuse","url":"https:\/\/dev.centtreize.com\/rsr\/","logo":{"@type":"ImageObject","inLanguage":"fr-FR","@id":"https:\/\/dev.centtreize.com\/rsr\/#\/schema\/logo\/image\/","url":"https:\/\/dev.centtreize.com\/rsr\/wp-content\/uploads\/2024\/10\/logo_rsr.png","contentUrl":"https:\/\/dev.centtreize.com\/rsr\/wp-content\/uploads\/2024\/10\/logo_rsr.png","width":300,"height":225,"caption":"Recherches de Science Religieuse"},"image":{"@id":"https:\/\/dev.centtreize.com\/rsr\/#\/schema\/logo\/image\/"}},{"@type":"Person","@id":"https:\/\/dev.centtreize.com\/rsr\/#\/schema\/person\/eb039ce63dcbc3fec0a6b81e43e29ad3","name":"H\u00e9l\u00e8ne","url":"https:\/\/dev.centtreize.com\/rsr\/author\/rsr\/"}]}},"_links":{"self":[{"href":"https:\/\/dev.centtreize.com\/rsr\/wp-json\/wp\/v2\/posts\/10471","targetHints":{"allow":["GET"]}}],"collection":[{"href":"https:\/\/dev.centtreize.com\/rsr\/wp-json\/wp\/v2\/posts"}],"about":[{"href":"https:\/\/dev.centtreize.com\/rsr\/wp-json\/wp\/v2\/types\/post"}],"author":[{"embeddable":true,"href":"https:\/\/dev.centtreize.com\/rsr\/wp-json\/wp\/v2\/users\/2"}],"replies":[{"embeddable":true,"href":"https:\/\/dev.centtreize.com\/rsr\/wp-json\/wp\/v2\/comments?post=10471"}],"version-history":[{"count":6,"href":"https:\/\/dev.centtreize.com\/rsr\/wp-json\/wp\/v2\/posts\/10471\/revisions"}],"predecessor-version":[{"id":17525,"href":"https:\/\/dev.centtreize.com\/rsr\/wp-json\/wp\/v2\/posts\/10471\/revisions\/17525"}],"wp:attachment":[{"href":"https:\/\/dev.centtreize.com\/rsr\/wp-json\/wp\/v2\/media?parent=10471"}],"wp:term":[{"taxonomy":"category","embeddable":true,"href":"https:\/\/dev.centtreize.com\/rsr\/wp-json\/wp\/v2\/categories?post=10471"},{"taxonomy":"post_tag","embeddable":true,"href":"https:\/\/dev.centtreize.com\/rsr\/wp-json\/wp\/v2\/tags?post=10471"},{"taxonomy":"keywords","embeddable":true,"href":"https:\/\/dev.centtreize.com\/rsr\/wp-json\/wp\/v2\/keywords?post=10471"}],"curies":[{"name":"wp","href":"https:\/\/api.w.org\/{rel}","templated":true}]}}