{"id":10460,"date":"2015-06-08T11:48:37","date_gmt":"2015-06-08T10:48:37","guid":{"rendered":"http:\/\/www.revue-rsr.com\/?p=10460"},"modified":"2025-06-13T07:32:28","modified_gmt":"2025-06-13T06:32:28","slug":"la-notion-dapostolicite-selon-vatican-ii","status":"publish","type":"post","link":"https:\/\/dev.centtreize.com\/rsr\/article\/la-notion-dapostolicite-selon-vatican-ii\/","title":{"rendered":"La notion d&rsquo;apostolicit\u00e9 selon Vatican II"},"content":{"rendered":"<p>Dans les recherches sur Vatican II, la notion d\u2019apostolicit\u00e9 n\u2019a pas \u00e9t\u00e9 sujet d\u2019une \u00e9tude d\u00e9taill\u00e9e, bien qu\u2019elle soit un des fondements de l\u2019eccl\u00e9siologie. Notre \u00e9tude est un premier essai. Le terme est intimement reli\u00e9 \u00e0 la mission de l\u2019\u00c9glise. Apostolicit\u00e9 invoque toujours une mani\u00e8re de vivre et une doctrine. La personne et la pr\u00e9dication du Christ sont centrales&nbsp;: les ap\u00f4tres, les \u00e9v\u00eaques, les pr\u00eatres, les la\u00efcs doivent s\u2019engager dans la ligne du fondateur. Le r\u00f4le central du successeur de Pierre cr\u00e9e des tensions profondes dans les relations internes (primaut\u00e9 versus coll\u00e9gialit\u00e9&nbsp;; centralit\u00e9 versus autonomie des \u00c9glises locales). Dans les relations avec les autres d\u00e9nominations chr\u00e9tiennes, la place centrale du Saint Si\u00e8ge cause aussi des probl\u00e8mes, m\u00eame si le concile Vatican II a soulign\u00e9 les valeurs \u00e9vang\u00e9liques r\u00e9alis\u00e9es par les autres \u00c9glises et d\u00e9nominations chr\u00e9tiennes.<\/p>\n","protected":false},"excerpt":{"rendered":"<p>Dans les recherches sur Vatican II, la notion d\u2019apostolicit\u00e9 n\u2019a pas \u00e9t\u00e9 sujet d\u2019une \u00e9tude d\u00e9taill\u00e9e, bien qu\u2019elle soit un des fondements de l\u2019eccl\u00e9siologie. Notre \u00e9tude est un premier essai. Le terme est intimement reli\u00e9 \u00e0 la mission de l\u2019\u00c9glise. Apostolicit\u00e9 invoque toujours une mani\u00e8re de vivre et une doctrine. La personne et la pr\u00e9dication du Christ sont centrales&nbsp;: les ap\u00f4tres, les \u00e9v\u00eaques, les pr\u00eatres, les la\u00efcs doivent s\u2019engager dans la ligne du fondateur. Le r\u00f4le central du successeur de Pierre cr\u00e9e des tensions profondes dans les relations internes (primaut\u00e9 versus coll\u00e9gialit\u00e9&nbsp;; centralit\u00e9 versus autonomie des \u00c9glises locales). Dans les relations avec les autres d\u00e9nominations chr\u00e9tiennes, la place centrale du Saint Si\u00e8ge cause aussi des probl\u00e8mes, m\u00eame si le concile Vatican II a soulign\u00e9 les valeurs \u00e9vang\u00e9liques r\u00e9alis\u00e9es par les autres \u00c9glises et d\u00e9nominations chr\u00e9tiennes.<\/p>\n","protected":false},"author":2,"featured_media":0,"comment_status":"closed","ping_status":"closed","sticky":false,"template":"","format":"standard","meta":{"_acf_changed":false,"footnotes":""},"categories":[6],"tags":[203,204,205,206,207,208,80,209,210,3],"keywords":[1204,1137,1203,1140,1159],"class_list":["post-10460","post","type-post","status-publish","format-standard","hentry","category-article","tag-cathedra-petri","tag-centralisme","tag-collegialite","tag-eglises-locales","tag-historicite","tag-laics","tag-liturgie","tag-oecumenisme","tag-responsabilite-collective","tag-vatican-ii","keywords-apotres-apostolicite","keywords-eglise","keywords-liturgie","keywords-vatican-ii","keywords-oecumenisme"],"acf":[],"yoast_head":"<!-- This site is optimized with the Yoast SEO plugin v27.2 - https:\/\/yoast.com\/product\/yoast-seo-wordpress\/ -->\n<title>La notion d&#039;apostolicit\u00e9 selon Vatican II - Recherches de Science Religieuse<\/title>\n<meta name=\"robots\" content=\"index, follow, max-snippet:-1, max-image-preview:large, max-video-preview:-1\" \/>\n<link rel=\"canonical\" href=\"https:\/\/dev.centtreize.com\/rsr\/article\/la-notion-dapostolicite-selon-vatican-ii\/\" \/>\n<meta property=\"og:locale\" content=\"fr_FR\" \/>\n<meta property=\"og:type\" content=\"article\" \/>\n<meta property=\"og:title\" content=\"La notion d&#039;apostolicit\u00e9 selon Vatican II - Recherches de Science Religieuse\" \/>\n<meta property=\"og:description\" content=\"Dans les recherches sur Vatican II, la notion d\u2019apostolicit\u00e9 n\u2019a pas \u00e9t\u00e9 sujet d\u2019une \u00e9tude d\u00e9taill\u00e9e, bien qu\u2019elle soit un des fondements de l\u2019eccl\u00e9siologie. Notre \u00e9tude est un premier essai. Le terme est intimement reli\u00e9 \u00e0 la mission de l\u2019\u00c9glise. Apostolicit\u00e9 invoque toujours une mani\u00e8re de vivre et une doctrine. La personne et la pr\u00e9dication du Christ sont centrales&nbsp;: les ap\u00f4tres, les \u00e9v\u00eaques, les pr\u00eatres, les la\u00efcs doivent s\u2019engager dans la ligne du fondateur. Le r\u00f4le central du successeur de Pierre cr\u00e9e des tensions profondes dans les relations internes (primaut\u00e9 versus coll\u00e9gialit\u00e9&nbsp;; centralit\u00e9 versus autonomie des \u00c9glises locales). Dans les relations avec les autres d\u00e9nominations chr\u00e9tiennes, la place centrale du Saint Si\u00e8ge cause aussi des probl\u00e8mes, m\u00eame si le concile Vatican II a soulign\u00e9 les valeurs \u00e9vang\u00e9liques r\u00e9alis\u00e9es par les autres \u00c9glises et d\u00e9nominations chr\u00e9tiennes.\" \/>\n<meta property=\"og:url\" content=\"https:\/\/dev.centtreize.com\/rsr\/article\/la-notion-dapostolicite-selon-vatican-ii\/\" \/>\n<meta property=\"og:site_name\" content=\"Recherches de Science Religieuse\" \/>\n<meta property=\"article:published_time\" content=\"2015-06-08T10:48:37+00:00\" \/>\n<meta property=\"article:modified_time\" content=\"2025-06-13T06:32:28+00:00\" \/>\n<meta name=\"author\" content=\"H\u00e9l\u00e8ne\" \/>\n<meta name=\"twitter:card\" content=\"summary_large_image\" \/>\n<meta name=\"twitter:label1\" content=\"\u00c9crit par\" \/>\n\t<meta name=\"twitter:data1\" content=\"H\u00e9l\u00e8ne\" \/>\n\t<meta name=\"twitter:label2\" content=\"Dur\u00e9e de lecture estim\u00e9e\" \/>\n\t<meta name=\"twitter:data2\" content=\"1 minute\" \/>\n<script type=\"application\/ld+json\" class=\"yoast-schema-graph\">{\"@context\":\"https:\/\/schema.org\",\"@graph\":[{\"@type\":\"Article\",\"@id\":\"https:\/\/dev.centtreize.com\/rsr\/article\/la-notion-dapostolicite-selon-vatican-ii\/#article\",\"isPartOf\":{\"@id\":\"https:\/\/dev.centtreize.com\/rsr\/article\/la-notion-dapostolicite-selon-vatican-ii\/\"},\"author\":{\"name\":\"H\u00e9l\u00e8ne\",\"@id\":\"https:\/\/dev.centtreize.com\/rsr\/#\/schema\/person\/eb039ce63dcbc3fec0a6b81e43e29ad3\"},\"headline\":\"La notion d&rsquo;apostolicit\u00e9 selon Vatican II\",\"datePublished\":\"2015-06-08T10:48:37+00:00\",\"dateModified\":\"2025-06-13T06:32:28+00:00\",\"mainEntityOfPage\":{\"@id\":\"https:\/\/dev.centtreize.com\/rsr\/article\/la-notion-dapostolicite-selon-vatican-ii\/\"},\"wordCount\":170,\"publisher\":{\"@id\":\"https:\/\/dev.centtreize.com\/rsr\/#organization\"},\"keywords\":[\"cathedra Petri\",\"centralisme\",\"coll\u00e9gialit\u00e9\",\"\u00e9glises locales\",\"historicit\u00e9\",\"la\u00efcs\",\"liturgie\",\"oecum\u00e9nisme\",\"responsabilit\u00e9 collective\",\"Vatican II\"],\"articleSection\":[\"article\"],\"inLanguage\":\"fr-FR\"},{\"@type\":\"WebPage\",\"@id\":\"https:\/\/dev.centtreize.com\/rsr\/article\/la-notion-dapostolicite-selon-vatican-ii\/\",\"url\":\"https:\/\/dev.centtreize.com\/rsr\/article\/la-notion-dapostolicite-selon-vatican-ii\/\",\"name\":\"La notion d'apostolicit\u00e9 selon Vatican II - Recherches de Science Religieuse\",\"isPartOf\":{\"@id\":\"https:\/\/dev.centtreize.com\/rsr\/#website\"},\"datePublished\":\"2015-06-08T10:48:37+00:00\",\"dateModified\":\"2025-06-13T06:32:28+00:00\",\"breadcrumb\":{\"@id\":\"https:\/\/dev.centtreize.com\/rsr\/article\/la-notion-dapostolicite-selon-vatican-ii\/#breadcrumb\"},\"inLanguage\":\"fr-FR\",\"potentialAction\":[{\"@type\":\"ReadAction\",\"target\":[\"https:\/\/dev.centtreize.com\/rsr\/article\/la-notion-dapostolicite-selon-vatican-ii\/\"]}]},{\"@type\":\"BreadcrumbList\",\"@id\":\"https:\/\/dev.centtreize.com\/rsr\/article\/la-notion-dapostolicite-selon-vatican-ii\/#breadcrumb\",\"itemListElement\":[{\"@type\":\"ListItem\",\"position\":1,\"name\":\"Accueil\",\"item\":\"https:\/\/dev.centtreize.com\/rsr\/\"},{\"@type\":\"ListItem\",\"position\":2,\"name\":\"La notion d&rsquo;apostolicit\u00e9 selon Vatican II\"}]},{\"@type\":\"WebSite\",\"@id\":\"https:\/\/dev.centtreize.com\/rsr\/#website\",\"url\":\"https:\/\/dev.centtreize.com\/rsr\/\",\"name\":\"Recherches de Science Religieuse\",\"description\":\"Recherches de Science Religieuse\",\"publisher\":{\"@id\":\"https:\/\/dev.centtreize.com\/rsr\/#organization\"},\"potentialAction\":[{\"@type\":\"SearchAction\",\"target\":{\"@type\":\"EntryPoint\",\"urlTemplate\":\"https:\/\/dev.centtreize.com\/rsr\/?s={search_term_string}\"},\"query-input\":{\"@type\":\"PropertyValueSpecification\",\"valueRequired\":true,\"valueName\":\"search_term_string\"}}],\"inLanguage\":\"fr-FR\"},{\"@type\":\"Organization\",\"@id\":\"https:\/\/dev.centtreize.com\/rsr\/#organization\",\"name\":\"Recherches de Science Religieuse\",\"url\":\"https:\/\/dev.centtreize.com\/rsr\/\",\"logo\":{\"@type\":\"ImageObject\",\"inLanguage\":\"fr-FR\",\"@id\":\"https:\/\/dev.centtreize.com\/rsr\/#\/schema\/logo\/image\/\",\"url\":\"https:\/\/dev.centtreize.com\/rsr\/wp-content\/uploads\/2024\/10\/logo_rsr.png\",\"contentUrl\":\"https:\/\/dev.centtreize.com\/rsr\/wp-content\/uploads\/2024\/10\/logo_rsr.png\",\"width\":300,\"height\":225,\"caption\":\"Recherches de Science Religieuse\"},\"image\":{\"@id\":\"https:\/\/dev.centtreize.com\/rsr\/#\/schema\/logo\/image\/\"}},{\"@type\":\"Person\",\"@id\":\"https:\/\/dev.centtreize.com\/rsr\/#\/schema\/person\/eb039ce63dcbc3fec0a6b81e43e29ad3\",\"name\":\"H\u00e9l\u00e8ne\",\"url\":\"https:\/\/dev.centtreize.com\/rsr\/author\/rsr\/\"}]}<\/script>\n<!-- \/ Yoast SEO plugin. -->","yoast_head_json":{"title":"La notion d'apostolicit\u00e9 selon Vatican II - Recherches de Science Religieuse","robots":{"index":"index","follow":"follow","max-snippet":"max-snippet:-1","max-image-preview":"max-image-preview:large","max-video-preview":"max-video-preview:-1"},"canonical":"https:\/\/dev.centtreize.com\/rsr\/article\/la-notion-dapostolicite-selon-vatican-ii\/","og_locale":"fr_FR","og_type":"article","og_title":"La notion d'apostolicit\u00e9 selon Vatican II - Recherches de Science Religieuse","og_description":"Dans les recherches sur Vatican II, la notion d\u2019apostolicit\u00e9 n\u2019a pas \u00e9t\u00e9 sujet d\u2019une \u00e9tude d\u00e9taill\u00e9e, bien qu\u2019elle soit un des fondements de l\u2019eccl\u00e9siologie. Notre \u00e9tude est un premier essai. Le terme est intimement reli\u00e9 \u00e0 la mission de l\u2019\u00c9glise. Apostolicit\u00e9 invoque toujours une mani\u00e8re de vivre et une doctrine. La personne et la pr\u00e9dication du Christ sont centrales&nbsp;: les ap\u00f4tres, les \u00e9v\u00eaques, les pr\u00eatres, les la\u00efcs doivent s\u2019engager dans la ligne du fondateur. Le r\u00f4le central du successeur de Pierre cr\u00e9e des tensions profondes dans les relations internes (primaut\u00e9 versus coll\u00e9gialit\u00e9&nbsp;; centralit\u00e9 versus autonomie des \u00c9glises locales). Dans les relations avec les autres d\u00e9nominations chr\u00e9tiennes, la place centrale du Saint Si\u00e8ge cause aussi des probl\u00e8mes, m\u00eame si le concile Vatican II a soulign\u00e9 les valeurs \u00e9vang\u00e9liques r\u00e9alis\u00e9es par les autres \u00c9glises et d\u00e9nominations chr\u00e9tiennes.","og_url":"https:\/\/dev.centtreize.com\/rsr\/article\/la-notion-dapostolicite-selon-vatican-ii\/","og_site_name":"Recherches de Science Religieuse","article_published_time":"2015-06-08T10:48:37+00:00","article_modified_time":"2025-06-13T06:32:28+00:00","author":"H\u00e9l\u00e8ne","twitter_card":"summary_large_image","twitter_misc":{"\u00c9crit par":"H\u00e9l\u00e8ne","Dur\u00e9e de lecture estim\u00e9e":"1 minute"},"schema":{"@context":"https:\/\/schema.org","@graph":[{"@type":"Article","@id":"https:\/\/dev.centtreize.com\/rsr\/article\/la-notion-dapostolicite-selon-vatican-ii\/#article","isPartOf":{"@id":"https:\/\/dev.centtreize.com\/rsr\/article\/la-notion-dapostolicite-selon-vatican-ii\/"},"author":{"name":"H\u00e9l\u00e8ne","@id":"https:\/\/dev.centtreize.com\/rsr\/#\/schema\/person\/eb039ce63dcbc3fec0a6b81e43e29ad3"},"headline":"La notion d&rsquo;apostolicit\u00e9 selon Vatican II","datePublished":"2015-06-08T10:48:37+00:00","dateModified":"2025-06-13T06:32:28+00:00","mainEntityOfPage":{"@id":"https:\/\/dev.centtreize.com\/rsr\/article\/la-notion-dapostolicite-selon-vatican-ii\/"},"wordCount":170,"publisher":{"@id":"https:\/\/dev.centtreize.com\/rsr\/#organization"},"keywords":["cathedra Petri","centralisme","coll\u00e9gialit\u00e9","\u00e9glises locales","historicit\u00e9","la\u00efcs","liturgie","oecum\u00e9nisme","responsabilit\u00e9 collective","Vatican II"],"articleSection":["article"],"inLanguage":"fr-FR"},{"@type":"WebPage","@id":"https:\/\/dev.centtreize.com\/rsr\/article\/la-notion-dapostolicite-selon-vatican-ii\/","url":"https:\/\/dev.centtreize.com\/rsr\/article\/la-notion-dapostolicite-selon-vatican-ii\/","name":"La notion d'apostolicit\u00e9 selon Vatican II - Recherches de Science Religieuse","isPartOf":{"@id":"https:\/\/dev.centtreize.com\/rsr\/#website"},"datePublished":"2015-06-08T10:48:37+00:00","dateModified":"2025-06-13T06:32:28+00:00","breadcrumb":{"@id":"https:\/\/dev.centtreize.com\/rsr\/article\/la-notion-dapostolicite-selon-vatican-ii\/#breadcrumb"},"inLanguage":"fr-FR","potentialAction":[{"@type":"ReadAction","target":["https:\/\/dev.centtreize.com\/rsr\/article\/la-notion-dapostolicite-selon-vatican-ii\/"]}]},{"@type":"BreadcrumbList","@id":"https:\/\/dev.centtreize.com\/rsr\/article\/la-notion-dapostolicite-selon-vatican-ii\/#breadcrumb","itemListElement":[{"@type":"ListItem","position":1,"name":"Accueil","item":"https:\/\/dev.centtreize.com\/rsr\/"},{"@type":"ListItem","position":2,"name":"La notion d&rsquo;apostolicit\u00e9 selon Vatican II"}]},{"@type":"WebSite","@id":"https:\/\/dev.centtreize.com\/rsr\/#website","url":"https:\/\/dev.centtreize.com\/rsr\/","name":"Recherches de Science Religieuse","description":"Recherches de Science Religieuse","publisher":{"@id":"https:\/\/dev.centtreize.com\/rsr\/#organization"},"potentialAction":[{"@type":"SearchAction","target":{"@type":"EntryPoint","urlTemplate":"https:\/\/dev.centtreize.com\/rsr\/?s={search_term_string}"},"query-input":{"@type":"PropertyValueSpecification","valueRequired":true,"valueName":"search_term_string"}}],"inLanguage":"fr-FR"},{"@type":"Organization","@id":"https:\/\/dev.centtreize.com\/rsr\/#organization","name":"Recherches de Science Religieuse","url":"https:\/\/dev.centtreize.com\/rsr\/","logo":{"@type":"ImageObject","inLanguage":"fr-FR","@id":"https:\/\/dev.centtreize.com\/rsr\/#\/schema\/logo\/image\/","url":"https:\/\/dev.centtreize.com\/rsr\/wp-content\/uploads\/2024\/10\/logo_rsr.png","contentUrl":"https:\/\/dev.centtreize.com\/rsr\/wp-content\/uploads\/2024\/10\/logo_rsr.png","width":300,"height":225,"caption":"Recherches de Science Religieuse"},"image":{"@id":"https:\/\/dev.centtreize.com\/rsr\/#\/schema\/logo\/image\/"}},{"@type":"Person","@id":"https:\/\/dev.centtreize.com\/rsr\/#\/schema\/person\/eb039ce63dcbc3fec0a6b81e43e29ad3","name":"H\u00e9l\u00e8ne","url":"https:\/\/dev.centtreize.com\/rsr\/author\/rsr\/"}]}},"_links":{"self":[{"href":"https:\/\/dev.centtreize.com\/rsr\/wp-json\/wp\/v2\/posts\/10460","targetHints":{"allow":["GET"]}}],"collection":[{"href":"https:\/\/dev.centtreize.com\/rsr\/wp-json\/wp\/v2\/posts"}],"about":[{"href":"https:\/\/dev.centtreize.com\/rsr\/wp-json\/wp\/v2\/types\/post"}],"author":[{"embeddable":true,"href":"https:\/\/dev.centtreize.com\/rsr\/wp-json\/wp\/v2\/users\/2"}],"replies":[{"embeddable":true,"href":"https:\/\/dev.centtreize.com\/rsr\/wp-json\/wp\/v2\/comments?post=10460"}],"version-history":[{"count":5,"href":"https:\/\/dev.centtreize.com\/rsr\/wp-json\/wp\/v2\/posts\/10460\/revisions"}],"predecessor-version":[{"id":17524,"href":"https:\/\/dev.centtreize.com\/rsr\/wp-json\/wp\/v2\/posts\/10460\/revisions\/17524"}],"wp:attachment":[{"href":"https:\/\/dev.centtreize.com\/rsr\/wp-json\/wp\/v2\/media?parent=10460"}],"wp:term":[{"taxonomy":"category","embeddable":true,"href":"https:\/\/dev.centtreize.com\/rsr\/wp-json\/wp\/v2\/categories?post=10460"},{"taxonomy":"post_tag","embeddable":true,"href":"https:\/\/dev.centtreize.com\/rsr\/wp-json\/wp\/v2\/tags?post=10460"},{"taxonomy":"keywords","embeddable":true,"href":"https:\/\/dev.centtreize.com\/rsr\/wp-json\/wp\/v2\/keywords?post=10460"}],"curies":[{"name":"wp","href":"https:\/\/api.w.org\/{rel}","templated":true}]}}