{"id":10288,"date":"2014-12-15T18:14:27","date_gmt":"2014-12-15T17:14:27","guid":{"rendered":"http:\/\/www.revue-rsr.com\/?p=10288"},"modified":"2025-06-13T07:29:28","modified_gmt":"2025-06-13T06:29:28","slug":"est-ce-la-tache-de-la-droite-raison-que-de-demontrer-les-fondements-de-la-foi","status":"publish","type":"post","link":"https:\/\/dev.centtreize.com\/rsr\/article\/est-ce-la-tache-de-la-droite-raison-que-de-demontrer-les-fondements-de-la-foi\/","title":{"rendered":"Est-ce la t\u00e2che de \u00ab la droite raison\u00a0\u00bb que de \u00ab d\u00e9montrer les fondements de la foi \u00bb ?"},"content":{"rendered":"<p>Exposant la pens\u00e9e de Dubarle et de Schaeffler sur les relations entre philosophie et th\u00e9ologie, ou plut\u00f4t sur l\u2019int\u00e9r\u00eat d\u2019un exercice philosophique pour la th\u00e9ologie, l\u2019article d\u00e9fend la th\u00e8se selon laquelle la recherche de fondements philosophiques pour la th\u00e9ologie r\u00e9sulte d\u2019une naturalisation de la foi religieuse, et d\u2019une confusion entre foi et savoir.<\/p>\n","protected":false},"excerpt":{"rendered":"<p>Exposant la pens\u00e9e de Dubarle et de Schaeffler sur les relations entre philosophie et th\u00e9ologie, ou plut\u00f4t sur l\u2019int\u00e9r\u00eat d\u2019un exercice philosophique pour la th\u00e9ologie, l\u2019article d\u00e9fend la th\u00e8se selon laquelle la recherche de fondements philosophiques pour la th\u00e9ologie r\u00e9sulte d\u2019une naturalisation de la foi religieuse, et d\u2019une confusion entre foi et savoir.<\/p>\n","protected":false},"author":2,"featured_media":0,"comment_status":"closed","ping_status":"closed","sticky":false,"template":"","format":"standard","meta":{"_acf_changed":false,"footnotes":""},"categories":[6],"tags":[141,143,145,38,144,142,65],"keywords":[1200],"class_list":["post-10288","post","type-post","status-publish","format-standard","hentry","category-article","tag-dubarle","tag-evidentialisme","tag-lumen-fidei","tag-philosophie","tag-prologue","tag-schaeffler","tag-theologie-fondamentale","keywords-foi-raison"],"acf":[],"yoast_head":"<!-- This site is optimized with the Yoast SEO plugin v27.2 - https:\/\/yoast.com\/product\/yoast-seo-wordpress\/ -->\n<title>Est-ce la t\u00e2che de \u00ab la droite raison\u00a0\u00bb que de \u00ab d\u00e9montrer les fondements de la foi \u00bb ? - Recherches de Science Religieuse<\/title>\n<meta name=\"robots\" content=\"index, follow, max-snippet:-1, max-image-preview:large, max-video-preview:-1\" \/>\n<link rel=\"canonical\" href=\"https:\/\/dev.centtreize.com\/rsr\/article\/est-ce-la-tache-de-la-droite-raison-que-de-demontrer-les-fondements-de-la-foi\/\" \/>\n<meta property=\"og:locale\" content=\"fr_FR\" \/>\n<meta property=\"og:type\" content=\"article\" \/>\n<meta property=\"og:title\" content=\"Est-ce la t\u00e2che de \u00ab la droite raison\u00a0\u00bb que de \u00ab d\u00e9montrer les fondements de la foi \u00bb ? - Recherches de Science Religieuse\" \/>\n<meta property=\"og:description\" content=\"Exposant la pens\u00e9e de Dubarle et de Schaeffler sur les relations entre philosophie et th\u00e9ologie, ou plut\u00f4t sur l\u2019int\u00e9r\u00eat d\u2019un exercice philosophique pour la th\u00e9ologie, l\u2019article d\u00e9fend la th\u00e8se selon laquelle la recherche de fondements philosophiques pour la th\u00e9ologie r\u00e9sulte d\u2019une naturalisation de la foi religieuse, et d\u2019une confusion entre foi et savoir.\" \/>\n<meta property=\"og:url\" content=\"https:\/\/dev.centtreize.com\/rsr\/article\/est-ce-la-tache-de-la-droite-raison-que-de-demontrer-les-fondements-de-la-foi\/\" \/>\n<meta property=\"og:site_name\" content=\"Recherches de Science Religieuse\" \/>\n<meta property=\"article:published_time\" content=\"2014-12-15T17:14:27+00:00\" \/>\n<meta property=\"article:modified_time\" content=\"2025-06-13T06:29:28+00:00\" \/>\n<meta name=\"author\" content=\"H\u00e9l\u00e8ne\" \/>\n<meta name=\"twitter:card\" content=\"summary_large_image\" \/>\n<meta name=\"twitter:label1\" content=\"\u00c9crit par\" \/>\n\t<meta name=\"twitter:data1\" content=\"H\u00e9l\u00e8ne\" \/>\n<script type=\"application\/ld+json\" class=\"yoast-schema-graph\">{\"@context\":\"https:\/\/schema.org\",\"@graph\":[{\"@type\":\"Article\",\"@id\":\"https:\/\/dev.centtreize.com\/rsr\/article\/est-ce-la-tache-de-la-droite-raison-que-de-demontrer-les-fondements-de-la-foi\/#article\",\"isPartOf\":{\"@id\":\"https:\/\/dev.centtreize.com\/rsr\/article\/est-ce-la-tache-de-la-droite-raison-que-de-demontrer-les-fondements-de-la-foi\/\"},\"author\":{\"name\":\"H\u00e9l\u00e8ne\",\"@id\":\"https:\/\/dev.centtreize.com\/rsr\/#\/schema\/person\/eb039ce63dcbc3fec0a6b81e43e29ad3\"},\"headline\":\"Est-ce la t\u00e2che de \u00ab la droite raison\u00a0\u00bb que de \u00ab d\u00e9montrer les fondements de la foi \u00bb ?\",\"datePublished\":\"2014-12-15T17:14:27+00:00\",\"dateModified\":\"2025-06-13T06:29:28+00:00\",\"mainEntityOfPage\":{\"@id\":\"https:\/\/dev.centtreize.com\/rsr\/article\/est-ce-la-tache-de-la-droite-raison-que-de-demontrer-les-fondements-de-la-foi\/\"},\"wordCount\":85,\"publisher\":{\"@id\":\"https:\/\/dev.centtreize.com\/rsr\/#organization\"},\"keywords\":[\"Dubarle\",\"\u00e9videntialisme\",\"lumen fidei\",\"philosophie\",\"Prologue\",\"Schaeffler\",\"th\u00e9ologie fondamentale\"],\"articleSection\":[\"article\"],\"inLanguage\":\"fr-FR\"},{\"@type\":\"WebPage\",\"@id\":\"https:\/\/dev.centtreize.com\/rsr\/article\/est-ce-la-tache-de-la-droite-raison-que-de-demontrer-les-fondements-de-la-foi\/\",\"url\":\"https:\/\/dev.centtreize.com\/rsr\/article\/est-ce-la-tache-de-la-droite-raison-que-de-demontrer-les-fondements-de-la-foi\/\",\"name\":\"Est-ce la t\u00e2che de \u00ab la droite raison\u00a0\u00bb que de \u00ab d\u00e9montrer les fondements de la foi \u00bb ? - Recherches de Science Religieuse\",\"isPartOf\":{\"@id\":\"https:\/\/dev.centtreize.com\/rsr\/#website\"},\"datePublished\":\"2014-12-15T17:14:27+00:00\",\"dateModified\":\"2025-06-13T06:29:28+00:00\",\"breadcrumb\":{\"@id\":\"https:\/\/dev.centtreize.com\/rsr\/article\/est-ce-la-tache-de-la-droite-raison-que-de-demontrer-les-fondements-de-la-foi\/#breadcrumb\"},\"inLanguage\":\"fr-FR\",\"potentialAction\":[{\"@type\":\"ReadAction\",\"target\":[\"https:\/\/dev.centtreize.com\/rsr\/article\/est-ce-la-tache-de-la-droite-raison-que-de-demontrer-les-fondements-de-la-foi\/\"]}]},{\"@type\":\"BreadcrumbList\",\"@id\":\"https:\/\/dev.centtreize.com\/rsr\/article\/est-ce-la-tache-de-la-droite-raison-que-de-demontrer-les-fondements-de-la-foi\/#breadcrumb\",\"itemListElement\":[{\"@type\":\"ListItem\",\"position\":1,\"name\":\"Accueil\",\"item\":\"https:\/\/dev.centtreize.com\/rsr\/\"},{\"@type\":\"ListItem\",\"position\":2,\"name\":\"Est-ce la t\u00e2che de \u00ab la droite raison\u00a0\u00bb que de \u00ab d\u00e9montrer les fondements de la foi \u00bb ?\"}]},{\"@type\":\"WebSite\",\"@id\":\"https:\/\/dev.centtreize.com\/rsr\/#website\",\"url\":\"https:\/\/dev.centtreize.com\/rsr\/\",\"name\":\"Recherches de Science Religieuse\",\"description\":\"Recherches de Science Religieuse\",\"publisher\":{\"@id\":\"https:\/\/dev.centtreize.com\/rsr\/#organization\"},\"potentialAction\":[{\"@type\":\"SearchAction\",\"target\":{\"@type\":\"EntryPoint\",\"urlTemplate\":\"https:\/\/dev.centtreize.com\/rsr\/?s={search_term_string}\"},\"query-input\":{\"@type\":\"PropertyValueSpecification\",\"valueRequired\":true,\"valueName\":\"search_term_string\"}}],\"inLanguage\":\"fr-FR\"},{\"@type\":\"Organization\",\"@id\":\"https:\/\/dev.centtreize.com\/rsr\/#organization\",\"name\":\"Recherches de Science Religieuse\",\"url\":\"https:\/\/dev.centtreize.com\/rsr\/\",\"logo\":{\"@type\":\"ImageObject\",\"inLanguage\":\"fr-FR\",\"@id\":\"https:\/\/dev.centtreize.com\/rsr\/#\/schema\/logo\/image\/\",\"url\":\"https:\/\/dev.centtreize.com\/rsr\/wp-content\/uploads\/2024\/10\/logo_rsr.png\",\"contentUrl\":\"https:\/\/dev.centtreize.com\/rsr\/wp-content\/uploads\/2024\/10\/logo_rsr.png\",\"width\":300,\"height\":225,\"caption\":\"Recherches de Science Religieuse\"},\"image\":{\"@id\":\"https:\/\/dev.centtreize.com\/rsr\/#\/schema\/logo\/image\/\"}},{\"@type\":\"Person\",\"@id\":\"https:\/\/dev.centtreize.com\/rsr\/#\/schema\/person\/eb039ce63dcbc3fec0a6b81e43e29ad3\",\"name\":\"H\u00e9l\u00e8ne\",\"url\":\"https:\/\/dev.centtreize.com\/rsr\/author\/rsr\/\"}]}<\/script>\n<!-- \/ Yoast SEO plugin. -->","yoast_head_json":{"title":"Est-ce la t\u00e2che de \u00ab la droite raison\u00a0\u00bb que de \u00ab d\u00e9montrer les fondements de la foi \u00bb ? - Recherches de Science Religieuse","robots":{"index":"index","follow":"follow","max-snippet":"max-snippet:-1","max-image-preview":"max-image-preview:large","max-video-preview":"max-video-preview:-1"},"canonical":"https:\/\/dev.centtreize.com\/rsr\/article\/est-ce-la-tache-de-la-droite-raison-que-de-demontrer-les-fondements-de-la-foi\/","og_locale":"fr_FR","og_type":"article","og_title":"Est-ce la t\u00e2che de \u00ab la droite raison\u00a0\u00bb que de \u00ab d\u00e9montrer les fondements de la foi \u00bb ? - Recherches de Science Religieuse","og_description":"Exposant la pens\u00e9e de Dubarle et de Schaeffler sur les relations entre philosophie et th\u00e9ologie, ou plut\u00f4t sur l\u2019int\u00e9r\u00eat d\u2019un exercice philosophique pour la th\u00e9ologie, l\u2019article d\u00e9fend la th\u00e8se selon laquelle la recherche de fondements philosophiques pour la th\u00e9ologie r\u00e9sulte d\u2019une naturalisation de la foi religieuse, et d\u2019une confusion entre foi et savoir.","og_url":"https:\/\/dev.centtreize.com\/rsr\/article\/est-ce-la-tache-de-la-droite-raison-que-de-demontrer-les-fondements-de-la-foi\/","og_site_name":"Recherches de Science Religieuse","article_published_time":"2014-12-15T17:14:27+00:00","article_modified_time":"2025-06-13T06:29:28+00:00","author":"H\u00e9l\u00e8ne","twitter_card":"summary_large_image","twitter_misc":{"\u00c9crit par":"H\u00e9l\u00e8ne"},"schema":{"@context":"https:\/\/schema.org","@graph":[{"@type":"Article","@id":"https:\/\/dev.centtreize.com\/rsr\/article\/est-ce-la-tache-de-la-droite-raison-que-de-demontrer-les-fondements-de-la-foi\/#article","isPartOf":{"@id":"https:\/\/dev.centtreize.com\/rsr\/article\/est-ce-la-tache-de-la-droite-raison-que-de-demontrer-les-fondements-de-la-foi\/"},"author":{"name":"H\u00e9l\u00e8ne","@id":"https:\/\/dev.centtreize.com\/rsr\/#\/schema\/person\/eb039ce63dcbc3fec0a6b81e43e29ad3"},"headline":"Est-ce la t\u00e2che de \u00ab la droite raison\u00a0\u00bb que de \u00ab d\u00e9montrer les fondements de la foi \u00bb ?","datePublished":"2014-12-15T17:14:27+00:00","dateModified":"2025-06-13T06:29:28+00:00","mainEntityOfPage":{"@id":"https:\/\/dev.centtreize.com\/rsr\/article\/est-ce-la-tache-de-la-droite-raison-que-de-demontrer-les-fondements-de-la-foi\/"},"wordCount":85,"publisher":{"@id":"https:\/\/dev.centtreize.com\/rsr\/#organization"},"keywords":["Dubarle","\u00e9videntialisme","lumen fidei","philosophie","Prologue","Schaeffler","th\u00e9ologie fondamentale"],"articleSection":["article"],"inLanguage":"fr-FR"},{"@type":"WebPage","@id":"https:\/\/dev.centtreize.com\/rsr\/article\/est-ce-la-tache-de-la-droite-raison-que-de-demontrer-les-fondements-de-la-foi\/","url":"https:\/\/dev.centtreize.com\/rsr\/article\/est-ce-la-tache-de-la-droite-raison-que-de-demontrer-les-fondements-de-la-foi\/","name":"Est-ce la t\u00e2che de \u00ab la droite raison\u00a0\u00bb que de \u00ab d\u00e9montrer les fondements de la foi \u00bb ? - Recherches de Science Religieuse","isPartOf":{"@id":"https:\/\/dev.centtreize.com\/rsr\/#website"},"datePublished":"2014-12-15T17:14:27+00:00","dateModified":"2025-06-13T06:29:28+00:00","breadcrumb":{"@id":"https:\/\/dev.centtreize.com\/rsr\/article\/est-ce-la-tache-de-la-droite-raison-que-de-demontrer-les-fondements-de-la-foi\/#breadcrumb"},"inLanguage":"fr-FR","potentialAction":[{"@type":"ReadAction","target":["https:\/\/dev.centtreize.com\/rsr\/article\/est-ce-la-tache-de-la-droite-raison-que-de-demontrer-les-fondements-de-la-foi\/"]}]},{"@type":"BreadcrumbList","@id":"https:\/\/dev.centtreize.com\/rsr\/article\/est-ce-la-tache-de-la-droite-raison-que-de-demontrer-les-fondements-de-la-foi\/#breadcrumb","itemListElement":[{"@type":"ListItem","position":1,"name":"Accueil","item":"https:\/\/dev.centtreize.com\/rsr\/"},{"@type":"ListItem","position":2,"name":"Est-ce la t\u00e2che de \u00ab la droite raison\u00a0\u00bb que de \u00ab d\u00e9montrer les fondements de la foi \u00bb ?"}]},{"@type":"WebSite","@id":"https:\/\/dev.centtreize.com\/rsr\/#website","url":"https:\/\/dev.centtreize.com\/rsr\/","name":"Recherches de Science Religieuse","description":"Recherches de Science Religieuse","publisher":{"@id":"https:\/\/dev.centtreize.com\/rsr\/#organization"},"potentialAction":[{"@type":"SearchAction","target":{"@type":"EntryPoint","urlTemplate":"https:\/\/dev.centtreize.com\/rsr\/?s={search_term_string}"},"query-input":{"@type":"PropertyValueSpecification","valueRequired":true,"valueName":"search_term_string"}}],"inLanguage":"fr-FR"},{"@type":"Organization","@id":"https:\/\/dev.centtreize.com\/rsr\/#organization","name":"Recherches de Science Religieuse","url":"https:\/\/dev.centtreize.com\/rsr\/","logo":{"@type":"ImageObject","inLanguage":"fr-FR","@id":"https:\/\/dev.centtreize.com\/rsr\/#\/schema\/logo\/image\/","url":"https:\/\/dev.centtreize.com\/rsr\/wp-content\/uploads\/2024\/10\/logo_rsr.png","contentUrl":"https:\/\/dev.centtreize.com\/rsr\/wp-content\/uploads\/2024\/10\/logo_rsr.png","width":300,"height":225,"caption":"Recherches de Science Religieuse"},"image":{"@id":"https:\/\/dev.centtreize.com\/rsr\/#\/schema\/logo\/image\/"}},{"@type":"Person","@id":"https:\/\/dev.centtreize.com\/rsr\/#\/schema\/person\/eb039ce63dcbc3fec0a6b81e43e29ad3","name":"H\u00e9l\u00e8ne","url":"https:\/\/dev.centtreize.com\/rsr\/author\/rsr\/"}]}},"_links":{"self":[{"href":"https:\/\/dev.centtreize.com\/rsr\/wp-json\/wp\/v2\/posts\/10288","targetHints":{"allow":["GET"]}}],"collection":[{"href":"https:\/\/dev.centtreize.com\/rsr\/wp-json\/wp\/v2\/posts"}],"about":[{"href":"https:\/\/dev.centtreize.com\/rsr\/wp-json\/wp\/v2\/types\/post"}],"author":[{"embeddable":true,"href":"https:\/\/dev.centtreize.com\/rsr\/wp-json\/wp\/v2\/users\/2"}],"replies":[{"embeddable":true,"href":"https:\/\/dev.centtreize.com\/rsr\/wp-json\/wp\/v2\/comments?post=10288"}],"version-history":[{"count":8,"href":"https:\/\/dev.centtreize.com\/rsr\/wp-json\/wp\/v2\/posts\/10288\/revisions"}],"predecessor-version":[{"id":17512,"href":"https:\/\/dev.centtreize.com\/rsr\/wp-json\/wp\/v2\/posts\/10288\/revisions\/17512"}],"wp:attachment":[{"href":"https:\/\/dev.centtreize.com\/rsr\/wp-json\/wp\/v2\/media?parent=10288"}],"wp:term":[{"taxonomy":"category","embeddable":true,"href":"https:\/\/dev.centtreize.com\/rsr\/wp-json\/wp\/v2\/categories?post=10288"},{"taxonomy":"post_tag","embeddable":true,"href":"https:\/\/dev.centtreize.com\/rsr\/wp-json\/wp\/v2\/tags?post=10288"},{"taxonomy":"keywords","embeddable":true,"href":"https:\/\/dev.centtreize.com\/rsr\/wp-json\/wp\/v2\/keywords?post=10288"}],"curies":[{"name":"wp","href":"https:\/\/api.w.org\/{rel}","templated":true}]}}