{"id":10197,"date":"2014-09-15T15:43:11","date_gmt":"2014-09-15T14:43:11","guid":{"rendered":"http:\/\/www.revue-rsr.com\/?p=10197"},"modified":"2025-06-13T07:28:36","modified_gmt":"2025-06-13T06:28:36","slug":"le-corps-du-temoin","status":"publish","type":"post","link":"https:\/\/dev.centtreize.com\/rsr\/article\/le-corps-du-temoin\/","title":{"rendered":"Le corps du t\u00e9moin. Sur la vision eschatologique du martyr"},"content":{"rendered":"<p>Dans cet article, deux hypoth\u00e8ses se croisent. La premi\u00e8re affirme que l\u2019eschatologie n\u2019est pas une repr\u00e9sentation du monde, ni m\u00eame seulement une conception du temps, mais un mode de vision sp\u00e9cifique. La seconde consiste \u00e0 inscrire cette vision dans l\u2019institution th\u00e9ologico-politique du martyre, telle qu\u2019elle s\u2019est d\u00e9ploy\u00e9e au d\u00e9but du IIe si\u00e8cle de notre \u00e8re entre juda\u00efsme et christianisme. Une double hypoth\u00e8se, qui permettra de parler d\u2019une vision eschatologique du martyr, mais aussi de questionner la construction d\u2019un nouveau corps collectif devant le t\u00e9moignage du martyr.<\/p>\n","protected":false},"excerpt":{"rendered":"<p>Dans cet article, deux hypoth\u00e8ses se croisent. La premi\u00e8re affirme que l\u2019eschatologie n\u2019est pas une repr\u00e9sentation du monde, ni m\u00eame seulement une conception du temps, mais un mode de vision sp\u00e9cifique. La seconde consiste \u00e0 inscrire cette vision dans l\u2019institution th\u00e9ologico-politique du martyre, telle qu\u2019elle s\u2019est d\u00e9ploy\u00e9e au d\u00e9but du IIe si\u00e8cle de notre \u00e8re entre juda\u00efsme et christianisme. Une double hypoth\u00e8se, qui permettra de parler d\u2019une vision eschatologique du martyr, mais aussi de questionner la construction d\u2019un nouveau corps collectif devant le t\u00e9moignage du martyr.<\/p>\n","protected":false},"author":2,"featured_media":0,"comment_status":"closed","ping_status":"closed","sticky":false,"template":"","format":"standard","meta":{"_acf_changed":false,"footnotes":""},"categories":[6],"tags":[],"keywords":[1143,1196],"class_list":["post-10197","post","type-post","status-publish","format-standard","hentry","category-article","keywords-eschatologie-fins-dernieres","keywords-martyre"],"acf":[],"yoast_head":"<!-- This site is optimized with the Yoast SEO plugin v27.2 - https:\/\/yoast.com\/product\/yoast-seo-wordpress\/ -->\n<title>Le corps du t\u00e9moin. Sur la vision eschatologique du martyr - Recherches de Science Religieuse<\/title>\n<meta name=\"robots\" content=\"index, follow, max-snippet:-1, max-image-preview:large, max-video-preview:-1\" \/>\n<link rel=\"canonical\" href=\"https:\/\/dev.centtreize.com\/rsr\/article\/le-corps-du-temoin\/\" \/>\n<meta property=\"og:locale\" content=\"fr_FR\" \/>\n<meta property=\"og:type\" content=\"article\" \/>\n<meta property=\"og:title\" content=\"Le corps du t\u00e9moin. Sur la vision eschatologique du martyr - Recherches de Science Religieuse\" \/>\n<meta property=\"og:description\" content=\"Dans cet article, deux hypoth\u00e8ses se croisent. La premi\u00e8re affirme que l\u2019eschatologie n\u2019est pas une repr\u00e9sentation du monde, ni m\u00eame seulement une conception du temps, mais un mode de vision sp\u00e9cifique. La seconde consiste \u00e0 inscrire cette vision dans l\u2019institution th\u00e9ologico-politique du martyre, telle qu\u2019elle s\u2019est d\u00e9ploy\u00e9e au d\u00e9but du IIe si\u00e8cle de notre \u00e8re entre juda\u00efsme et christianisme. Une double hypoth\u00e8se, qui permettra de parler d\u2019une vision eschatologique du martyr, mais aussi de questionner la construction d\u2019un nouveau corps collectif devant le t\u00e9moignage du martyr.\" \/>\n<meta property=\"og:url\" content=\"https:\/\/dev.centtreize.com\/rsr\/article\/le-corps-du-temoin\/\" \/>\n<meta property=\"og:site_name\" content=\"Recherches de Science Religieuse\" \/>\n<meta property=\"article:published_time\" content=\"2014-09-15T14:43:11+00:00\" \/>\n<meta property=\"article:modified_time\" content=\"2025-06-13T06:28:36+00:00\" \/>\n<meta name=\"author\" content=\"H\u00e9l\u00e8ne\" \/>\n<meta name=\"twitter:card\" content=\"summary_large_image\" \/>\n<meta name=\"twitter:label1\" content=\"\u00c9crit par\" \/>\n\t<meta name=\"twitter:data1\" content=\"H\u00e9l\u00e8ne\" \/>\n\t<meta name=\"twitter:label2\" content=\"Dur\u00e9e de lecture estim\u00e9e\" \/>\n\t<meta name=\"twitter:data2\" content=\"1 minute\" \/>\n<script type=\"application\/ld+json\" class=\"yoast-schema-graph\">{\"@context\":\"https:\/\/schema.org\",\"@graph\":[{\"@type\":\"Article\",\"@id\":\"https:\/\/dev.centtreize.com\/rsr\/article\/le-corps-du-temoin\/#article\",\"isPartOf\":{\"@id\":\"https:\/\/dev.centtreize.com\/rsr\/article\/le-corps-du-temoin\/\"},\"author\":{\"name\":\"H\u00e9l\u00e8ne\",\"@id\":\"https:\/\/dev.centtreize.com\/rsr\/#\/schema\/person\/eb039ce63dcbc3fec0a6b81e43e29ad3\"},\"headline\":\"Le corps du t\u00e9moin. Sur la vision eschatologique du martyr\",\"datePublished\":\"2014-09-15T14:43:11+00:00\",\"dateModified\":\"2025-06-13T06:28:36+00:00\",\"mainEntityOfPage\":{\"@id\":\"https:\/\/dev.centtreize.com\/rsr\/article\/le-corps-du-temoin\/\"},\"wordCount\":116,\"publisher\":{\"@id\":\"https:\/\/dev.centtreize.com\/rsr\/#organization\"},\"articleSection\":[\"article\"],\"inLanguage\":\"fr-FR\"},{\"@type\":\"WebPage\",\"@id\":\"https:\/\/dev.centtreize.com\/rsr\/article\/le-corps-du-temoin\/\",\"url\":\"https:\/\/dev.centtreize.com\/rsr\/article\/le-corps-du-temoin\/\",\"name\":\"Le corps du t\u00e9moin. Sur la vision eschatologique du martyr - Recherches de Science Religieuse\",\"isPartOf\":{\"@id\":\"https:\/\/dev.centtreize.com\/rsr\/#website\"},\"datePublished\":\"2014-09-15T14:43:11+00:00\",\"dateModified\":\"2025-06-13T06:28:36+00:00\",\"breadcrumb\":{\"@id\":\"https:\/\/dev.centtreize.com\/rsr\/article\/le-corps-du-temoin\/#breadcrumb\"},\"inLanguage\":\"fr-FR\",\"potentialAction\":[{\"@type\":\"ReadAction\",\"target\":[\"https:\/\/dev.centtreize.com\/rsr\/article\/le-corps-du-temoin\/\"]}]},{\"@type\":\"BreadcrumbList\",\"@id\":\"https:\/\/dev.centtreize.com\/rsr\/article\/le-corps-du-temoin\/#breadcrumb\",\"itemListElement\":[{\"@type\":\"ListItem\",\"position\":1,\"name\":\"Accueil\",\"item\":\"https:\/\/dev.centtreize.com\/rsr\/\"},{\"@type\":\"ListItem\",\"position\":2,\"name\":\"Le corps du t\u00e9moin. Sur la vision eschatologique du martyr\"}]},{\"@type\":\"WebSite\",\"@id\":\"https:\/\/dev.centtreize.com\/rsr\/#website\",\"url\":\"https:\/\/dev.centtreize.com\/rsr\/\",\"name\":\"Recherches de Science Religieuse\",\"description\":\"Recherches de Science Religieuse\",\"publisher\":{\"@id\":\"https:\/\/dev.centtreize.com\/rsr\/#organization\"},\"potentialAction\":[{\"@type\":\"SearchAction\",\"target\":{\"@type\":\"EntryPoint\",\"urlTemplate\":\"https:\/\/dev.centtreize.com\/rsr\/?s={search_term_string}\"},\"query-input\":{\"@type\":\"PropertyValueSpecification\",\"valueRequired\":true,\"valueName\":\"search_term_string\"}}],\"inLanguage\":\"fr-FR\"},{\"@type\":\"Organization\",\"@id\":\"https:\/\/dev.centtreize.com\/rsr\/#organization\",\"name\":\"Recherches de Science Religieuse\",\"url\":\"https:\/\/dev.centtreize.com\/rsr\/\",\"logo\":{\"@type\":\"ImageObject\",\"inLanguage\":\"fr-FR\",\"@id\":\"https:\/\/dev.centtreize.com\/rsr\/#\/schema\/logo\/image\/\",\"url\":\"https:\/\/dev.centtreize.com\/rsr\/wp-content\/uploads\/2024\/10\/logo_rsr.png\",\"contentUrl\":\"https:\/\/dev.centtreize.com\/rsr\/wp-content\/uploads\/2024\/10\/logo_rsr.png\",\"width\":300,\"height\":225,\"caption\":\"Recherches de Science Religieuse\"},\"image\":{\"@id\":\"https:\/\/dev.centtreize.com\/rsr\/#\/schema\/logo\/image\/\"}},{\"@type\":\"Person\",\"@id\":\"https:\/\/dev.centtreize.com\/rsr\/#\/schema\/person\/eb039ce63dcbc3fec0a6b81e43e29ad3\",\"name\":\"H\u00e9l\u00e8ne\",\"url\":\"https:\/\/dev.centtreize.com\/rsr\/author\/rsr\/\"}]}<\/script>\n<!-- \/ Yoast SEO plugin. -->","yoast_head_json":{"title":"Le corps du t\u00e9moin. Sur la vision eschatologique du martyr - Recherches de Science Religieuse","robots":{"index":"index","follow":"follow","max-snippet":"max-snippet:-1","max-image-preview":"max-image-preview:large","max-video-preview":"max-video-preview:-1"},"canonical":"https:\/\/dev.centtreize.com\/rsr\/article\/le-corps-du-temoin\/","og_locale":"fr_FR","og_type":"article","og_title":"Le corps du t\u00e9moin. Sur la vision eschatologique du martyr - Recherches de Science Religieuse","og_description":"Dans cet article, deux hypoth\u00e8ses se croisent. La premi\u00e8re affirme que l\u2019eschatologie n\u2019est pas une repr\u00e9sentation du monde, ni m\u00eame seulement une conception du temps, mais un mode de vision sp\u00e9cifique. La seconde consiste \u00e0 inscrire cette vision dans l\u2019institution th\u00e9ologico-politique du martyre, telle qu\u2019elle s\u2019est d\u00e9ploy\u00e9e au d\u00e9but du IIe si\u00e8cle de notre \u00e8re entre juda\u00efsme et christianisme. Une double hypoth\u00e8se, qui permettra de parler d\u2019une vision eschatologique du martyr, mais aussi de questionner la construction d\u2019un nouveau corps collectif devant le t\u00e9moignage du martyr.","og_url":"https:\/\/dev.centtreize.com\/rsr\/article\/le-corps-du-temoin\/","og_site_name":"Recherches de Science Religieuse","article_published_time":"2014-09-15T14:43:11+00:00","article_modified_time":"2025-06-13T06:28:36+00:00","author":"H\u00e9l\u00e8ne","twitter_card":"summary_large_image","twitter_misc":{"\u00c9crit par":"H\u00e9l\u00e8ne","Dur\u00e9e de lecture estim\u00e9e":"1 minute"},"schema":{"@context":"https:\/\/schema.org","@graph":[{"@type":"Article","@id":"https:\/\/dev.centtreize.com\/rsr\/article\/le-corps-du-temoin\/#article","isPartOf":{"@id":"https:\/\/dev.centtreize.com\/rsr\/article\/le-corps-du-temoin\/"},"author":{"name":"H\u00e9l\u00e8ne","@id":"https:\/\/dev.centtreize.com\/rsr\/#\/schema\/person\/eb039ce63dcbc3fec0a6b81e43e29ad3"},"headline":"Le corps du t\u00e9moin. Sur la vision eschatologique du martyr","datePublished":"2014-09-15T14:43:11+00:00","dateModified":"2025-06-13T06:28:36+00:00","mainEntityOfPage":{"@id":"https:\/\/dev.centtreize.com\/rsr\/article\/le-corps-du-temoin\/"},"wordCount":116,"publisher":{"@id":"https:\/\/dev.centtreize.com\/rsr\/#organization"},"articleSection":["article"],"inLanguage":"fr-FR"},{"@type":"WebPage","@id":"https:\/\/dev.centtreize.com\/rsr\/article\/le-corps-du-temoin\/","url":"https:\/\/dev.centtreize.com\/rsr\/article\/le-corps-du-temoin\/","name":"Le corps du t\u00e9moin. Sur la vision eschatologique du martyr - Recherches de Science Religieuse","isPartOf":{"@id":"https:\/\/dev.centtreize.com\/rsr\/#website"},"datePublished":"2014-09-15T14:43:11+00:00","dateModified":"2025-06-13T06:28:36+00:00","breadcrumb":{"@id":"https:\/\/dev.centtreize.com\/rsr\/article\/le-corps-du-temoin\/#breadcrumb"},"inLanguage":"fr-FR","potentialAction":[{"@type":"ReadAction","target":["https:\/\/dev.centtreize.com\/rsr\/article\/le-corps-du-temoin\/"]}]},{"@type":"BreadcrumbList","@id":"https:\/\/dev.centtreize.com\/rsr\/article\/le-corps-du-temoin\/#breadcrumb","itemListElement":[{"@type":"ListItem","position":1,"name":"Accueil","item":"https:\/\/dev.centtreize.com\/rsr\/"},{"@type":"ListItem","position":2,"name":"Le corps du t\u00e9moin. Sur la vision eschatologique du martyr"}]},{"@type":"WebSite","@id":"https:\/\/dev.centtreize.com\/rsr\/#website","url":"https:\/\/dev.centtreize.com\/rsr\/","name":"Recherches de Science Religieuse","description":"Recherches de Science Religieuse","publisher":{"@id":"https:\/\/dev.centtreize.com\/rsr\/#organization"},"potentialAction":[{"@type":"SearchAction","target":{"@type":"EntryPoint","urlTemplate":"https:\/\/dev.centtreize.com\/rsr\/?s={search_term_string}"},"query-input":{"@type":"PropertyValueSpecification","valueRequired":true,"valueName":"search_term_string"}}],"inLanguage":"fr-FR"},{"@type":"Organization","@id":"https:\/\/dev.centtreize.com\/rsr\/#organization","name":"Recherches de Science Religieuse","url":"https:\/\/dev.centtreize.com\/rsr\/","logo":{"@type":"ImageObject","inLanguage":"fr-FR","@id":"https:\/\/dev.centtreize.com\/rsr\/#\/schema\/logo\/image\/","url":"https:\/\/dev.centtreize.com\/rsr\/wp-content\/uploads\/2024\/10\/logo_rsr.png","contentUrl":"https:\/\/dev.centtreize.com\/rsr\/wp-content\/uploads\/2024\/10\/logo_rsr.png","width":300,"height":225,"caption":"Recherches de Science Religieuse"},"image":{"@id":"https:\/\/dev.centtreize.com\/rsr\/#\/schema\/logo\/image\/"}},{"@type":"Person","@id":"https:\/\/dev.centtreize.com\/rsr\/#\/schema\/person\/eb039ce63dcbc3fec0a6b81e43e29ad3","name":"H\u00e9l\u00e8ne","url":"https:\/\/dev.centtreize.com\/rsr\/author\/rsr\/"}]}},"_links":{"self":[{"href":"https:\/\/dev.centtreize.com\/rsr\/wp-json\/wp\/v2\/posts\/10197","targetHints":{"allow":["GET"]}}],"collection":[{"href":"https:\/\/dev.centtreize.com\/rsr\/wp-json\/wp\/v2\/posts"}],"about":[{"href":"https:\/\/dev.centtreize.com\/rsr\/wp-json\/wp\/v2\/types\/post"}],"author":[{"embeddable":true,"href":"https:\/\/dev.centtreize.com\/rsr\/wp-json\/wp\/v2\/users\/2"}],"replies":[{"embeddable":true,"href":"https:\/\/dev.centtreize.com\/rsr\/wp-json\/wp\/v2\/comments?post=10197"}],"version-history":[{"count":7,"href":"https:\/\/dev.centtreize.com\/rsr\/wp-json\/wp\/v2\/posts\/10197\/revisions"}],"predecessor-version":[{"id":17506,"href":"https:\/\/dev.centtreize.com\/rsr\/wp-json\/wp\/v2\/posts\/10197\/revisions\/17506"}],"wp:attachment":[{"href":"https:\/\/dev.centtreize.com\/rsr\/wp-json\/wp\/v2\/media?parent=10197"}],"wp:term":[{"taxonomy":"category","embeddable":true,"href":"https:\/\/dev.centtreize.com\/rsr\/wp-json\/wp\/v2\/categories?post=10197"},{"taxonomy":"post_tag","embeddable":true,"href":"https:\/\/dev.centtreize.com\/rsr\/wp-json\/wp\/v2\/tags?post=10197"},{"taxonomy":"keywords","embeddable":true,"href":"https:\/\/dev.centtreize.com\/rsr\/wp-json\/wp\/v2\/keywords?post=10197"}],"curies":[{"name":"wp","href":"https:\/\/api.w.org\/{rel}","templated":true}]}}